{"id":3908,"date":"2022-04-08T14:31:50","date_gmt":"2022-04-08T12:31:50","guid":{"rendered":"https:\/\/kunsthallemessmer.de\/uncategorized\/otto-laszlo\/"},"modified":"2024-02-02T11:58:18","modified_gmt":"2024-02-02T10:58:18","slug":"otto-laszlo","status":"publish","type":"post","link":"https:\/\/kunsthallemessmer.de\/en\/artists\/otto-laszlo\/","title":{"rendered":"Otto Laszlo"},"content":{"rendered":"\t\t<div data-elementor-type=\"wp-post\" data-elementor-id=\"3908\" class=\"elementor elementor-3908 elementor-1999\" data-elementor-post-type=\"post\">\n\t\t\t\t\t\t<section class=\"elementor-section elementor-top-section elementor-element elementor-element-76f7702 elementor-section-boxed elementor-section-height-default elementor-section-height-default\" data-id=\"76f7702\" data-element_type=\"section\" data-e-type=\"section\">\n\t\t\t\t\t\t<div class=\"elementor-container elementor-column-gap-default\">\n\t\t\t\t\t<div class=\"elementor-column elementor-col-100 elementor-top-column elementor-element elementor-element-4ee87db\" data-id=\"4ee87db\" data-element_type=\"column\" data-e-type=\"column\">\n\t\t\t<div class=\"elementor-widget-wrap elementor-element-populated\">\n\t\t\t\t\t\t<div class=\"elementor-element elementor-element-0f743e5 elementor-widget elementor-widget-heading\" data-id=\"0f743e5\" data-element_type=\"widget\" data-e-type=\"widget\" data-widget_type=\"heading.default\">\n\t\t\t\t<div class=\"elementor-widget-container\">\n\t\t\t\t\t<h1 class=\"elementor-heading-title elementor-size-default\">Otto Laszlo<\/h1>\t\t\t\t<\/div>\n\t\t\t\t<\/div>\n\t\t\t\t<div class=\"elementor-element elementor-element-eea1a6b elementor-widget elementor-widget-image\" data-id=\"eea1a6b\" data-element_type=\"widget\" data-e-type=\"widget\" data-widget_type=\"image.default\">\n\t\t\t\t<div class=\"elementor-widget-container\">\n\t\t\t\t\t\t\t\t\t\t\t\t<figure class=\"wp-caption\">\n\t\t\t\t\t\t\t\t\t\t\t<a href=\"https:\/\/kunsthallemessmer.de\/wp-content\/uploads\/2022\/04\/Laszlo-Otto-Yantra-ipsum-lila12012.-Mai-2012-Acryl-auf-Leinwand-e1532592834461.jpg\" data-elementor-open-lightbox=\"yes\" data-elementor-lightbox-title=\"Laszlo Otto, Yantra-ipsum-l\u012bl\u0101i, 2012, Acryl auf Leinwand \u24b8 messmer foundation\" data-e-action-hash=\"#elementor-action%3Aaction%3Dlightbox%26settings%3DeyJpZCI6MzI5OCwidXJsIjoiaHR0cHM6XC9cL2t1bnN0aGFsbGVtZXNzbWVyLmRlXC93cC1jb250ZW50XC91cGxvYWRzXC8yMDIyXC8wNFwvTGFzemxvLU90dG8tWWFudHJhLWlwc3VtLWxpbGExMjAxMi4tTWFpLTIwMTItQWNyeWwtYXVmLUxlaW53YW5kLWUxNTMyNTkyODM0NDYxLmpwZyJ9\">\n\t\t\t\t\t\t\t<img decoding=\"async\" src=\"https:\/\/kunsthallemessmer.de\/wp-content\/uploads\/elementor\/thumbs\/Laszlo-Otto-Yantra-ipsum-lila12012.-Mai-2012-Acryl-auf-Leinwand-e1532592834461-pnwjmz0u7miapfkd8kp20x0r2fr9en5tkgjzb7zz7k.jpg\" title=\"Laszlo-Otto-Yantra-ipsum-l\u012bl\u010112012.-Mai-2012-Acryl-auf-Leinwand-e1532592834461\" alt=\"Laszlo Otto, Yantra-ipsum-l\u012bl\u0101i, 2012, Acryl auf Leinwand \u24b8 messmer foundation\" loading=\"lazy\" \/>\t\t\t\t\t\t\t\t<\/a>\n\t\t\t\t\t\t\t\t\t\t\t<figcaption class=\"widget-image-caption wp-caption-text\">Laszlo Otto, Yantra-ipsum-l\u012bl\u0101i, 2012, Acryl auf Leinwand \u24b8 messmer foundation<\/figcaption>\n\t\t\t\t\t\t\t\t\t\t<\/figure>\n\t\t\t\t\t\t\t\t\t<\/div>\n\t\t\t\t<\/div>\n\t\t\t\t<div class=\"elementor-element elementor-element-908b771 elementor-widget elementor-widget-text-editor\" data-id=\"908b771\" data-element_type=\"widget\" data-e-type=\"widget\" data-widget_type=\"text-editor.default\">\n\t\t\t\t<div class=\"elementor-widget-container\">\n\t\t\t\t\t\t\t\t\t<p>Ott\u00f3 L\u00e1szl\u00f3 is a contemporary Hungarian artist of the abstract-constructive direction. In his geometric art he deals with the question of being. For him, the color reflects the diversity of life. Furthermore, he pursues the goal of creating images that give the viewer the opportunity to experience spiritual content.<\/p>\n<p>born <strong>1966<\/strong> in P\u00e9cs<br \/>Studied at the Technical University in Budapest<br \/>Studied at the Free School of Art in P\u00e9cs<br \/>lives and works in Budapest<\/p>\n<h4>Exhibitions (selection)<\/h4>\n<p><strong>1994<\/strong> P\u00e9cs Art House<br \/><strong>1998<\/strong> Kozelite&#8217;s Gallery P\u00e9cs<br \/><strong>2002<\/strong> MEO Art Fair Budapest<br \/><strong>2003<\/strong> Suzuki Gallery Kyoto<br \/><strong>2006<\/strong> Gallery Szinyei Szalon Budapest<br \/><strong>2009<\/strong> Museum of Modern Art H\u00fcnfeld<br \/><strong>2009<\/strong> Kunsthalle Messmer Riegel<br \/><strong>2011<\/strong> Center d&#8217;Art Contemporary Frank Popper<br \/><strong>2012<\/strong> Museum Vasarely Budapest<\/p>\n<h4>Collections (Selection)<\/h4>\n<p>Museum Gallery of Paks<br \/>Museum Modern Art H\u00fcnfeld<br \/>Universal Museum Joanneum Graz<\/p>\n<p><a href=\"http:\/\/www.ottolaszlo.com\/\" target=\"_blank\" rel=\"noopener noreferrer\"><strong>Otto Laszlo<\/strong><\/a><\/p>\n\t\t\t\t\t\t\t\t<\/div>\n\t\t\t\t<\/div>\n\t\t\t\t\t<\/div>\n\t\t<\/div>\n\t\t\t\t\t<\/div>\n\t\t<\/section>\n\t\t\t\t<\/div>\n\t\t","protected":false},"excerpt":{"rendered":"<p>Laszlo Otto, Yantra-ipsum-l\u012bl\u0101i, 2012, Acryl auf Leinwand \u24b8 messmer foundation Ott\u00f3 L\u00e1szl\u00f3 is a contemporary Hungarian artist of the abstract-constructive direction. In his geometric art he deals with the question of being. For him, the color reflects the diversity of life. Furthermore, he pursues the goal of creating images that give the viewer the opportunity [&hellip;]<\/p>\n","protected":false},"author":3,"featured_media":0,"comment_status":"closed","ping_status":"open","sticky":false,"template":"","format":"standard","meta":{"footnotes":""},"categories":[29],"tags":[],"class_list":["post-3908","post","type-post","status-publish","format-standard","hentry","category-artists"],"yoast_head":"<!-- This site is optimized with the Yoast SEO plugin v27.5 - https:\/\/yoast.com\/product\/yoast-seo-wordpress\/ -->\n<title>Otto Laszlo - Kunsthalle Messmer<\/title>\n<meta name=\"robots\" content=\"index, follow, max-snippet:-1, max-image-preview:large, max-video-preview:-1\" \/>\n<link rel=\"canonical\" href=\"https:\/\/kunsthallemessmer.de\/en\/artists\/otto-laszlo\/\" \/>\n<meta property=\"og:locale\" content=\"en_US\" \/>\n<meta property=\"og:type\" content=\"article\" \/>\n<meta property=\"og:title\" content=\"Otto Laszlo - Kunsthalle Messmer\" \/>\n<meta property=\"og:description\" content=\"Laszlo Otto, Yantra-ipsum-l\u012bl\u0101i, 2012, Acryl auf Leinwand \u24b8 messmer foundation Ott\u00f3 L\u00e1szl\u00f3 is a contemporary Hungarian artist of the abstract-constructive direction. In his geometric art he deals with the question of being. For him, the color reflects the diversity of life. Furthermore, he pursues the goal of creating images that give the viewer the opportunity [&hellip;]\" \/>\n<meta property=\"og:url\" content=\"https:\/\/kunsthallemessmer.de\/en\/artists\/otto-laszlo\/\" \/>\n<meta property=\"og:site_name\" content=\"Kunsthalle Messmer\" \/>\n<meta property=\"article:published_time\" content=\"2022-04-08T12:31:50+00:00\" \/>\n<meta property=\"article:modified_time\" content=\"2024-02-02T10:58:18+00:00\" \/>\n<meta property=\"og:image\" content=\"https:\/\/kunsthallemessmer.de\/wp-content\/uploads\/elementor\/thumbs\/Laszlo-Otto-Yantra-ipsum-lila12012.-Mai-2012-Acryl-auf-Leinwand-e1532592834461-pnwjmz0u7miapfkd8kp20x0r2fr9en5tkgjzb7zz7k.jpg\" \/>\n<meta name=\"author\" content=\"Erik Lachfeld\" \/>\n<meta name=\"twitter:card\" content=\"summary_large_image\" \/>\n<meta name=\"twitter:label1\" content=\"Written by\" \/>\n\t<meta name=\"twitter:data1\" content=\"Erik Lachfeld\" \/>\n\t<meta name=\"twitter:label2\" content=\"Est. reading time\" \/>\n\t<meta name=\"twitter:data2\" content=\"1 minute\" \/>\n<script type=\"application\/ld+json\" class=\"yoast-schema-graph\">{\"@context\":\"https:\\\/\\\/schema.org\",\"@graph\":[{\"@type\":\"Article\",\"@id\":\"https:\\\/\\\/kunsthallemessmer.de\\\/en\\\/artists\\\/otto-laszlo\\\/#article\",\"isPartOf\":{\"@id\":\"https:\\\/\\\/kunsthallemessmer.de\\\/en\\\/artists\\\/otto-laszlo\\\/\"},\"author\":{\"name\":\"Erik Lachfeld\",\"@id\":\"https:\\\/\\\/kunsthallemessmer.de\\\/en\\\/#\\\/schema\\\/person\\\/24f7ee6ec431a05000425936de23c890\"},\"headline\":\"Otto Laszlo\",\"datePublished\":\"2022-04-08T12:31:50+00:00\",\"dateModified\":\"2024-02-02T10:58:18+00:00\",\"mainEntityOfPage\":{\"@id\":\"https:\\\/\\\/kunsthallemessmer.de\\\/en\\\/artists\\\/otto-laszlo\\\/\"},\"wordCount\":140,\"publisher\":{\"@id\":\"https:\\\/\\\/kunsthallemessmer.de\\\/en\\\/#organization\"},\"image\":{\"@id\":\"https:\\\/\\\/kunsthallemessmer.de\\\/en\\\/artists\\\/otto-laszlo\\\/#primaryimage\"},\"thumbnailUrl\":\"https:\\\/\\\/kunsthallemessmer.de\\\/wp-content\\\/uploads\\\/elementor\\\/thumbs\\\/Laszlo-Otto-Yantra-ipsum-lila12012.-Mai-2012-Acryl-auf-Leinwand-e1532592834461-pnwjmz0u7miapfkd8kp20x0r2fr9en5tkgjzb7zz7k.jpg\",\"articleSection\":[\"Artists\"],\"inLanguage\":\"en-US\"},{\"@type\":\"WebPage\",\"@id\":\"https:\\\/\\\/kunsthallemessmer.de\\\/en\\\/artists\\\/otto-laszlo\\\/\",\"url\":\"https:\\\/\\\/kunsthallemessmer.de\\\/en\\\/artists\\\/otto-laszlo\\\/\",\"name\":\"Otto Laszlo - Kunsthalle Messmer\",\"isPartOf\":{\"@id\":\"https:\\\/\\\/kunsthallemessmer.de\\\/en\\\/#website\"},\"primaryImageOfPage\":{\"@id\":\"https:\\\/\\\/kunsthallemessmer.de\\\/en\\\/artists\\\/otto-laszlo\\\/#primaryimage\"},\"image\":{\"@id\":\"https:\\\/\\\/kunsthallemessmer.de\\\/en\\\/artists\\\/otto-laszlo\\\/#primaryimage\"},\"thumbnailUrl\":\"https:\\\/\\\/kunsthallemessmer.de\\\/wp-content\\\/uploads\\\/elementor\\\/thumbs\\\/Laszlo-Otto-Yantra-ipsum-lila12012.-Mai-2012-Acryl-auf-Leinwand-e1532592834461-pnwjmz0u7miapfkd8kp20x0r2fr9en5tkgjzb7zz7k.jpg\",\"datePublished\":\"2022-04-08T12:31:50+00:00\",\"dateModified\":\"2024-02-02T10:58:18+00:00\",\"breadcrumb\":{\"@id\":\"https:\\\/\\\/kunsthallemessmer.de\\\/en\\\/artists\\\/otto-laszlo\\\/#breadcrumb\"},\"inLanguage\":\"en-US\",\"potentialAction\":[{\"@type\":\"ReadAction\",\"target\":[\"https:\\\/\\\/kunsthallemessmer.de\\\/en\\\/artists\\\/otto-laszlo\\\/\"]}]},{\"@type\":\"ImageObject\",\"inLanguage\":\"en-US\",\"@id\":\"https:\\\/\\\/kunsthallemessmer.de\\\/en\\\/artists\\\/otto-laszlo\\\/#primaryimage\",\"url\":\"https:\\\/\\\/kunsthallemessmer.de\\\/wp-content\\\/uploads\\\/elementor\\\/thumbs\\\/Laszlo-Otto-Yantra-ipsum-lila12012.-Mai-2012-Acryl-auf-Leinwand-e1532592834461-pnwjmz0u7miapfkd8kp20x0r2fr9en5tkgjzb7zz7k.jpg\",\"contentUrl\":\"https:\\\/\\\/kunsthallemessmer.de\\\/wp-content\\\/uploads\\\/elementor\\\/thumbs\\\/Laszlo-Otto-Yantra-ipsum-lila12012.-Mai-2012-Acryl-auf-Leinwand-e1532592834461-pnwjmz0u7miapfkd8kp20x0r2fr9en5tkgjzb7zz7k.jpg\"},{\"@type\":\"BreadcrumbList\",\"@id\":\"https:\\\/\\\/kunsthallemessmer.de\\\/en\\\/artists\\\/otto-laszlo\\\/#breadcrumb\",\"itemListElement\":[{\"@type\":\"ListItem\",\"position\":1,\"name\":\"Startseite\",\"item\":\"https:\\\/\\\/kunsthallemessmer.de\\\/en\\\/preview\\\/\"},{\"@type\":\"ListItem\",\"position\":2,\"name\":\"Otto Laszlo\"}]},{\"@type\":\"WebSite\",\"@id\":\"https:\\\/\\\/kunsthallemessmer.de\\\/en\\\/#website\",\"url\":\"https:\\\/\\\/kunsthallemessmer.de\\\/en\\\/\",\"name\":\"Kunsthalle Messmer\",\"description\":\"Riegel am Kaiserstuhl\",\"publisher\":{\"@id\":\"https:\\\/\\\/kunsthallemessmer.de\\\/en\\\/#organization\"},\"potentialAction\":[{\"@type\":\"SearchAction\",\"target\":{\"@type\":\"EntryPoint\",\"urlTemplate\":\"https:\\\/\\\/kunsthallemessmer.de\\\/en\\\/?s={search_term_string}\"},\"query-input\":{\"@type\":\"PropertyValueSpecification\",\"valueRequired\":true,\"valueName\":\"search_term_string\"}}],\"inLanguage\":\"en-US\"},{\"@type\":\"Organization\",\"@id\":\"https:\\\/\\\/kunsthallemessmer.de\\\/en\\\/#organization\",\"name\":\"Kunsthalle Messmer\",\"url\":\"https:\\\/\\\/kunsthallemessmer.de\\\/en\\\/\",\"logo\":{\"@type\":\"ImageObject\",\"inLanguage\":\"en-US\",\"@id\":\"https:\\\/\\\/kunsthallemessmer.de\\\/en\\\/#\\\/schema\\\/logo\\\/image\\\/\",\"url\":\"https:\\\/\\\/kunsthallemessmer.de\\\/wp-content\\\/uploads\\\/2022\\\/04\\\/kunsthalle_messmer_pos-2-png.png\",\"contentUrl\":\"https:\\\/\\\/kunsthallemessmer.de\\\/wp-content\\\/uploads\\\/2022\\\/04\\\/kunsthalle_messmer_pos-2-png.png\",\"width\":2412,\"height\":434,\"caption\":\"Kunsthalle Messmer\"},\"image\":{\"@id\":\"https:\\\/\\\/kunsthallemessmer.de\\\/en\\\/#\\\/schema\\\/logo\\\/image\\\/\"}},{\"@type\":\"Person\",\"@id\":\"https:\\\/\\\/kunsthallemessmer.de\\\/en\\\/#\\\/schema\\\/person\\\/24f7ee6ec431a05000425936de23c890\",\"name\":\"Erik Lachfeld\",\"image\":{\"@type\":\"ImageObject\",\"inLanguage\":\"en-US\",\"@id\":\"https:\\\/\\\/secure.gravatar.com\\\/avatar\\\/d5d42cc40010ba9998f57d7cebaf2952e1274f5c452ff570f85bbee0f9ecb43a?s=96&d=mm&r=g\",\"url\":\"https:\\\/\\\/secure.gravatar.com\\\/avatar\\\/d5d42cc40010ba9998f57d7cebaf2952e1274f5c452ff570f85bbee0f9ecb43a?s=96&d=mm&r=g\",\"contentUrl\":\"https:\\\/\\\/secure.gravatar.com\\\/avatar\\\/d5d42cc40010ba9998f57d7cebaf2952e1274f5c452ff570f85bbee0f9ecb43a?s=96&d=mm&r=g\",\"caption\":\"Erik Lachfeld\"},\"url\":\"https:\\\/\\\/kunsthallemessmer.de\\\/en\\\/author\\\/erik-lachfeld\\\/\"}]}<\/script>\n<!-- \/ Yoast SEO plugin. -->","yoast_head_json":{"title":"Otto Laszlo - Kunsthalle Messmer","robots":{"index":"index","follow":"follow","max-snippet":"max-snippet:-1","max-image-preview":"max-image-preview:large","max-video-preview":"max-video-preview:-1"},"canonical":"https:\/\/kunsthallemessmer.de\/en\/artists\/otto-laszlo\/","og_locale":"en_US","og_type":"article","og_title":"Otto Laszlo - Kunsthalle Messmer","og_description":"Laszlo Otto, Yantra-ipsum-l\u012bl\u0101i, 2012, Acryl auf Leinwand \u24b8 messmer foundation Ott\u00f3 L\u00e1szl\u00f3 is a contemporary Hungarian artist of the abstract-constructive direction. In his geometric art he deals with the question of being. For him, the color reflects the diversity of life. Furthermore, he pursues the goal of creating images that give the viewer the opportunity [&hellip;]","og_url":"https:\/\/kunsthallemessmer.de\/en\/artists\/otto-laszlo\/","og_site_name":"Kunsthalle Messmer","article_published_time":"2022-04-08T12:31:50+00:00","article_modified_time":"2024-02-02T10:58:18+00:00","og_image":[{"url":"https:\/\/kunsthallemessmer.de\/wp-content\/uploads\/elementor\/thumbs\/Laszlo-Otto-Yantra-ipsum-lila12012.-Mai-2012-Acryl-auf-Leinwand-e1532592834461-pnwjmz0u7miapfkd8kp20x0r2fr9en5tkgjzb7zz7k.jpg","type":"","width":"","height":""}],"author":"Erik Lachfeld","twitter_card":"summary_large_image","twitter_misc":{"Written by":"Erik Lachfeld","Est. reading time":"1 minute"},"schema":{"@context":"https:\/\/schema.org","@graph":[{"@type":"Article","@id":"https:\/\/kunsthallemessmer.de\/en\/artists\/otto-laszlo\/#article","isPartOf":{"@id":"https:\/\/kunsthallemessmer.de\/en\/artists\/otto-laszlo\/"},"author":{"name":"Erik Lachfeld","@id":"https:\/\/kunsthallemessmer.de\/en\/#\/schema\/person\/24f7ee6ec431a05000425936de23c890"},"headline":"Otto Laszlo","datePublished":"2022-04-08T12:31:50+00:00","dateModified":"2024-02-02T10:58:18+00:00","mainEntityOfPage":{"@id":"https:\/\/kunsthallemessmer.de\/en\/artists\/otto-laszlo\/"},"wordCount":140,"publisher":{"@id":"https:\/\/kunsthallemessmer.de\/en\/#organization"},"image":{"@id":"https:\/\/kunsthallemessmer.de\/en\/artists\/otto-laszlo\/#primaryimage"},"thumbnailUrl":"https:\/\/kunsthallemessmer.de\/wp-content\/uploads\/elementor\/thumbs\/Laszlo-Otto-Yantra-ipsum-lila12012.-Mai-2012-Acryl-auf-Leinwand-e1532592834461-pnwjmz0u7miapfkd8kp20x0r2fr9en5tkgjzb7zz7k.jpg","articleSection":["Artists"],"inLanguage":"en-US"},{"@type":"WebPage","@id":"https:\/\/kunsthallemessmer.de\/en\/artists\/otto-laszlo\/","url":"https:\/\/kunsthallemessmer.de\/en\/artists\/otto-laszlo\/","name":"Otto Laszlo - Kunsthalle Messmer","isPartOf":{"@id":"https:\/\/kunsthallemessmer.de\/en\/#website"},"primaryImageOfPage":{"@id":"https:\/\/kunsthallemessmer.de\/en\/artists\/otto-laszlo\/#primaryimage"},"image":{"@id":"https:\/\/kunsthallemessmer.de\/en\/artists\/otto-laszlo\/#primaryimage"},"thumbnailUrl":"https:\/\/kunsthallemessmer.de\/wp-content\/uploads\/elementor\/thumbs\/Laszlo-Otto-Yantra-ipsum-lila12012.-Mai-2012-Acryl-auf-Leinwand-e1532592834461-pnwjmz0u7miapfkd8kp20x0r2fr9en5tkgjzb7zz7k.jpg","datePublished":"2022-04-08T12:31:50+00:00","dateModified":"2024-02-02T10:58:18+00:00","breadcrumb":{"@id":"https:\/\/kunsthallemessmer.de\/en\/artists\/otto-laszlo\/#breadcrumb"},"inLanguage":"en-US","potentialAction":[{"@type":"ReadAction","target":["https:\/\/kunsthallemessmer.de\/en\/artists\/otto-laszlo\/"]}]},{"@type":"ImageObject","inLanguage":"en-US","@id":"https:\/\/kunsthallemessmer.de\/en\/artists\/otto-laszlo\/#primaryimage","url":"https:\/\/kunsthallemessmer.de\/wp-content\/uploads\/elementor\/thumbs\/Laszlo-Otto-Yantra-ipsum-lila12012.-Mai-2012-Acryl-auf-Leinwand-e1532592834461-pnwjmz0u7miapfkd8kp20x0r2fr9en5tkgjzb7zz7k.jpg","contentUrl":"https:\/\/kunsthallemessmer.de\/wp-content\/uploads\/elementor\/thumbs\/Laszlo-Otto-Yantra-ipsum-lila12012.-Mai-2012-Acryl-auf-Leinwand-e1532592834461-pnwjmz0u7miapfkd8kp20x0r2fr9en5tkgjzb7zz7k.jpg"},{"@type":"BreadcrumbList","@id":"https:\/\/kunsthallemessmer.de\/en\/artists\/otto-laszlo\/#breadcrumb","itemListElement":[{"@type":"ListItem","position":1,"name":"Startseite","item":"https:\/\/kunsthallemessmer.de\/en\/preview\/"},{"@type":"ListItem","position":2,"name":"Otto Laszlo"}]},{"@type":"WebSite","@id":"https:\/\/kunsthallemessmer.de\/en\/#website","url":"https:\/\/kunsthallemessmer.de\/en\/","name":"Kunsthalle Messmer","description":"Riegel am Kaiserstuhl","publisher":{"@id":"https:\/\/kunsthallemessmer.de\/en\/#organization"},"potentialAction":[{"@type":"SearchAction","target":{"@type":"EntryPoint","urlTemplate":"https:\/\/kunsthallemessmer.de\/en\/?s={search_term_string}"},"query-input":{"@type":"PropertyValueSpecification","valueRequired":true,"valueName":"search_term_string"}}],"inLanguage":"en-US"},{"@type":"Organization","@id":"https:\/\/kunsthallemessmer.de\/en\/#organization","name":"Kunsthalle Messmer","url":"https:\/\/kunsthallemessmer.de\/en\/","logo":{"@type":"ImageObject","inLanguage":"en-US","@id":"https:\/\/kunsthallemessmer.de\/en\/#\/schema\/logo\/image\/","url":"https:\/\/kunsthallemessmer.de\/wp-content\/uploads\/2022\/04\/kunsthalle_messmer_pos-2-png.png","contentUrl":"https:\/\/kunsthallemessmer.de\/wp-content\/uploads\/2022\/04\/kunsthalle_messmer_pos-2-png.png","width":2412,"height":434,"caption":"Kunsthalle Messmer"},"image":{"@id":"https:\/\/kunsthallemessmer.de\/en\/#\/schema\/logo\/image\/"}},{"@type":"Person","@id":"https:\/\/kunsthallemessmer.de\/en\/#\/schema\/person\/24f7ee6ec431a05000425936de23c890","name":"Erik Lachfeld","image":{"@type":"ImageObject","inLanguage":"en-US","@id":"https:\/\/secure.gravatar.com\/avatar\/d5d42cc40010ba9998f57d7cebaf2952e1274f5c452ff570f85bbee0f9ecb43a?s=96&d=mm&r=g","url":"https:\/\/secure.gravatar.com\/avatar\/d5d42cc40010ba9998f57d7cebaf2952e1274f5c452ff570f85bbee0f9ecb43a?s=96&d=mm&r=g","contentUrl":"https:\/\/secure.gravatar.com\/avatar\/d5d42cc40010ba9998f57d7cebaf2952e1274f5c452ff570f85bbee0f9ecb43a?s=96&d=mm&r=g","caption":"Erik Lachfeld"},"url":"https:\/\/kunsthallemessmer.de\/en\/author\/erik-lachfeld\/"}]}},"_links":{"self":[{"href":"https:\/\/kunsthallemessmer.de\/en\/wp-json\/wp\/v2\/posts\/3908","targetHints":{"allow":["GET"]}}],"collection":[{"href":"https:\/\/kunsthallemessmer.de\/en\/wp-json\/wp\/v2\/posts"}],"about":[{"href":"https:\/\/kunsthallemessmer.de\/en\/wp-json\/wp\/v2\/types\/post"}],"author":[{"embeddable":true,"href":"https:\/\/kunsthallemessmer.de\/en\/wp-json\/wp\/v2\/users\/3"}],"replies":[{"embeddable":true,"href":"https:\/\/kunsthallemessmer.de\/en\/wp-json\/wp\/v2\/comments?post=3908"}],"version-history":[{"count":3,"href":"https:\/\/kunsthallemessmer.de\/en\/wp-json\/wp\/v2\/posts\/3908\/revisions"}],"predecessor-version":[{"id":7620,"href":"https:\/\/kunsthallemessmer.de\/en\/wp-json\/wp\/v2\/posts\/3908\/revisions\/7620"}],"wp:attachment":[{"href":"https:\/\/kunsthallemessmer.de\/en\/wp-json\/wp\/v2\/media?parent=3908"}],"wp:term":[{"taxonomy":"category","embeddable":true,"href":"https:\/\/kunsthallemessmer.de\/en\/wp-json\/wp\/v2\/categories?post=3908"},{"taxonomy":"post_tag","embeddable":true,"href":"https:\/\/kunsthallemessmer.de\/en\/wp-json\/wp\/v2\/tags?post=3908"}],"curies":[{"name":"wp","href":"https:\/\/api.w.org\/{rel}","templated":true}]}}