{"id":3452,"date":"2022-04-01T22:19:32","date_gmt":"2022-04-01T20:19:32","guid":{"rendered":"https:\/\/kunsthallemessmer.de\/non-classifiee\/killian-saueressig\/"},"modified":"2022-04-27T23:17:59","modified_gmt":"2022-04-27T21:17:59","slug":"killian-saueressig","status":"publish","type":"post","link":"https:\/\/kunsthallemessmer.de\/fr\/exposition\/killian-saueressig\/","title":{"rendered":"Killian Saueressig"},"content":{"rendered":"\t\t<div data-elementor-type=\"wp-post\" data-elementor-id=\"3452\" class=\"elementor elementor-3452 elementor-454\" data-elementor-post-type=\"post\">\n\t\t\t\t\t\t<section class=\"elementor-section elementor-top-section elementor-element elementor-element-34eeec3f elementor-section-boxed elementor-section-height-default elementor-section-height-default\" data-id=\"34eeec3f\" data-element_type=\"section\" data-e-type=\"section\">\n\t\t\t\t\t\t<div class=\"elementor-container elementor-column-gap-default\">\n\t\t\t\t\t<div class=\"elementor-column elementor-col-100 elementor-top-column elementor-element elementor-element-4a2dd5aa\" data-id=\"4a2dd5aa\" data-element_type=\"column\" data-e-type=\"column\">\n\t\t\t<div class=\"elementor-widget-wrap elementor-element-populated\">\n\t\t\t\t\t\t<div class=\"elementor-element elementor-element-42dcee22 elementor-widget elementor-widget-heading\" data-id=\"42dcee22\" data-element_type=\"widget\" data-e-type=\"widget\" data-widget_type=\"heading.default\">\n\t\t\t\t<div class=\"elementor-widget-container\">\n\t\t\t\t\t<h1 class=\"elementor-heading-title elementor-size-default\">Killian Saueressig<\/h1>\t\t\t\t<\/div>\n\t\t\t\t<\/div>\n\t\t\t\t<div class=\"elementor-element elementor-element-35413117 elementor-widget elementor-widget-heading\" data-id=\"35413117\" data-element_type=\"widget\" data-e-type=\"widget\" data-widget_type=\"heading.default\">\n\t\t\t\t<div class=\"elementor-widget-container\">\n\t\t\t\t\t<h2 class=\"elementor-heading-title elementor-size-default\">24\/07\/2021 \u2013 22\/08\/2021<\/h2>\t\t\t\t<\/div>\n\t\t\t\t<\/div>\n\t\t\t\t<div class=\"elementor-element elementor-element-3bfd9bf elementor-widget elementor-widget-text-editor\" data-id=\"3bfd9bf\" data-element_type=\"widget\" data-e-type=\"widget\" data-widget_type=\"text-editor.default\">\n\t\t\t\t<div class=\"elementor-widget-container\">\n\t\t\t\t\t\t\t\t\t<p>L&rsquo;innovation et l&rsquo;esprit de recherche vont de pair dans l&rsquo;art d&rsquo;inspiration philosophique de Kilian Saueressig, fortement ax\u00e9 sur la durabilit\u00e9.<br>Son travail se caract\u00e9rise notamment par l&rsquo;utilisation maximale possible de mati\u00e8res premi\u00e8res renouvelables.<\/p><p>L&rsquo;art de Kilian Saueressig n&rsquo;est pas seulement br\u00fblant pour cette raison : il examine la vie au 21\u00e8me si\u00e8cle et encourage le spectateur \u00e0 traiter des questions politiques, religieuses, philosophiques et sociales. L&rsquo;autodidacte pr\u00e9sente des \u0153uvres lumineuses lumineuses pleines de puissance et d&rsquo;intelligence dans une exposition qui invite \u00e0 l&rsquo;\u00e9merveillement et \u00e0 la r\u00e9flexion.<\/p>\t\t\t\t\t\t\t\t<\/div>\n\t\t\t\t<\/div>\n\t\t\t\t<section class=\"elementor-section elementor-inner-section elementor-element elementor-element-d2d5857 elementor-section-boxed elementor-section-height-default elementor-section-height-default\" data-id=\"d2d5857\" data-element_type=\"section\" data-e-type=\"section\">\n\t\t\t\t\t\t<div class=\"elementor-container elementor-column-gap-no\">\n\t\t\t\t\t<div class=\"elementor-column elementor-col-50 elementor-inner-column elementor-element elementor-element-78830fc\" data-id=\"78830fc\" data-element_type=\"column\" data-e-type=\"column\">\n\t\t\t<div class=\"elementor-widget-wrap elementor-element-populated\">\n\t\t\t\t\t\t<div class=\"elementor-element elementor-element-08c11db elementor-widget elementor-widget-image\" data-id=\"08c11db\" data-element_type=\"widget\" data-e-type=\"widget\" data-widget_type=\"image.default\">\n\t\t\t\t<div class=\"elementor-widget-container\">\n\t\t\t\t\t\t\t\t\t\t\t\t<figure class=\"wp-caption\">\n\t\t\t\t\t\t\t\t\t\t\t<a href=\"https:\/\/kunsthallemessmer.de\/wp-content\/uploads\/2022\/04\/LemonGreen_YellowGreen_Green_unbeleuchted_3-RGB-300.jpg\" data-elementor-open-lightbox=\"yes\" data-e-action-hash=\"#elementor-action%3Aaction%3Dlightbox%26settings%3DeyJpZCI6Mjg5MSwidXJsIjoiaHR0cHM6XC9cL2t1bnN0aGFsbGVtZXNzbWVyLmRlXC93cC1jb250ZW50XC91cGxvYWRzXC8yMDIyXC8wNFwvTGVtb25HcmVlbl9ZZWxsb3dHcmVlbl9HcmVlbl91bmJlbGV1Y2h0ZWRfMy1SR0ItMzAwLmpwZyJ9\">\n\t\t\t\t\t\t\t<img fetchpriority=\"high\" decoding=\"async\" width=\"800\" height=\"440\" src=\"https:\/\/kunsthallemessmer.de\/wp-content\/uploads\/2022\/04\/LemonGreen_YellowGreen_Green_unbeleuchted_3-RGB-300-1024x563.jpg\" class=\"attachment-large size-large wp-image-2891\" alt=\"\" srcset=\"https:\/\/kunsthallemessmer.de\/wp-content\/uploads\/2022\/04\/LemonGreen_YellowGreen_Green_unbeleuchted_3-RGB-300-1024x563.jpg 1024w, https:\/\/kunsthallemessmer.de\/wp-content\/uploads\/2022\/04\/LemonGreen_YellowGreen_Green_unbeleuchted_3-RGB-300-300x165.jpg 300w, https:\/\/kunsthallemessmer.de\/wp-content\/uploads\/2022\/04\/LemonGreen_YellowGreen_Green_unbeleuchted_3-RGB-300-768x422.jpg 768w, https:\/\/kunsthallemessmer.de\/wp-content\/uploads\/2022\/04\/LemonGreen_YellowGreen_Green_unbeleuchted_3-RGB-300-1536x845.jpg 1536w, https:\/\/kunsthallemessmer.de\/wp-content\/uploads\/2022\/04\/LemonGreen_YellowGreen_Green_unbeleuchted_3-RGB-300-2048x1126.jpg 2048w, https:\/\/kunsthallemessmer.de\/wp-content\/uploads\/2022\/04\/LemonGreen_YellowGreen_Green_unbeleuchted_3-RGB-300.jpg 1964w\" sizes=\"(max-width: 800px) 100vw, 800px\" \/>\t\t\t\t\t\t\t\t<\/a>\n\t\t\t\t\t\t\t\t\t\t\t<figcaption class=\"widget-image-caption wp-caption-text\">LemonGreen 05\/2020 YellowGreen 05\/2020 Green 05\/2020 Fonctionne \u00e9teint, LED \u00e9teintes<\/figcaption>\n\t\t\t\t\t\t\t\t\t\t<\/figure>\n\t\t\t\t\t\t\t\t\t<\/div>\n\t\t\t\t<\/div>\n\t\t\t\t\t<\/div>\n\t\t<\/div>\n\t\t\t\t<div class=\"elementor-column elementor-col-50 elementor-inner-column elementor-element elementor-element-ddc202b\" data-id=\"ddc202b\" data-element_type=\"column\" data-e-type=\"column\">\n\t\t\t<div class=\"elementor-widget-wrap elementor-element-populated\">\n\t\t\t\t\t\t<div class=\"elementor-element elementor-element-5bbb568 elementor-widget elementor-widget-image\" data-id=\"5bbb568\" data-element_type=\"widget\" data-e-type=\"widget\" data-widget_type=\"image.default\">\n\t\t\t\t<div class=\"elementor-widget-container\">\n\t\t\t\t\t\t\t\t\t\t\t\t<figure class=\"wp-caption\">\n\t\t\t\t\t\t\t\t\t\t\t<a href=\"https:\/\/kunsthallemessmer.de\/wp-content\/uploads\/2022\/04\/LemonGreen_YellowGreen_Green_10-RGB-300.jpg\" data-elementor-open-lightbox=\"yes\" data-e-action-hash=\"#elementor-action%3Aaction%3Dlightbox%26settings%3DeyJpZCI6Mjg4OSwidXJsIjoiaHR0cHM6XC9cL2t1bnN0aGFsbGVtZXNzbWVyLmRlXC93cC1jb250ZW50XC91cGxvYWRzXC8yMDIyXC8wNFwvTGVtb25HcmVlbl9ZZWxsb3dHcmVlbl9HcmVlbl8xMC1SR0ItMzAwLmpwZyJ9\">\n\t\t\t\t\t\t\t<img decoding=\"async\" width=\"800\" height=\"440\" src=\"https:\/\/kunsthallemessmer.de\/wp-content\/uploads\/2022\/04\/LemonGreen_YellowGreen_Green_10-RGB-300-1024x563.jpg\" class=\"attachment-large size-large wp-image-2889\" alt=\"\" srcset=\"https:\/\/kunsthallemessmer.de\/wp-content\/uploads\/2022\/04\/LemonGreen_YellowGreen_Green_10-RGB-300-1024x563.jpg 1024w, https:\/\/kunsthallemessmer.de\/wp-content\/uploads\/2022\/04\/LemonGreen_YellowGreen_Green_10-RGB-300-300x165.jpg 300w, https:\/\/kunsthallemessmer.de\/wp-content\/uploads\/2022\/04\/LemonGreen_YellowGreen_Green_10-RGB-300-768x422.jpg 768w, https:\/\/kunsthallemessmer.de\/wp-content\/uploads\/2022\/04\/LemonGreen_YellowGreen_Green_10-RGB-300-1536x845.jpg 1536w, https:\/\/kunsthallemessmer.de\/wp-content\/uploads\/2022\/04\/LemonGreen_YellowGreen_Green_10-RGB-300-2048x1126.jpg 2048w, https:\/\/kunsthallemessmer.de\/wp-content\/uploads\/2022\/04\/LemonGreen_YellowGreen_Green_10-RGB-300.jpg 1964w\" sizes=\"(max-width: 800px) 100vw, 800px\" \/>\t\t\t\t\t\t\t\t<\/a>\n\t\t\t\t\t\t\t\t\t\t\t<figcaption class=\"widget-image-caption wp-caption-text\">LemonGreen 05\/2020 YellowGreen 05\/2020 Green 05\/2020 Ci-dessus et ci-dessous : Fonctionne illumin\u00e9, LED dans diff\u00e9rents r\u00e9glages<\/figcaption>\n\t\t\t\t\t\t\t\t\t\t<\/figure>\n\t\t\t\t\t\t\t\t\t<\/div>\n\t\t\t\t<\/div>\n\t\t\t\t\t<\/div>\n\t\t<\/div>\n\t\t\t\t\t<\/div>\n\t\t<\/section>\n\t\t\t\t<div class=\"elementor-element elementor-element-a104552 elementor-widget elementor-widget-text-editor\" data-id=\"a104552\" data-element_type=\"widget\" data-e-type=\"widget\" data-widget_type=\"text-editor.default\">\n\t\t\t\t<div class=\"elementor-widget-container\">\n\t\t\t\t\t\t\t\t\t<p>Il n&rsquo;est donc pas surprenant que cette nouvelle voix sur le sol de l&rsquo;art ait d\u00e9j\u00e0 \u00e9t\u00e9 pr\u00e9sent\u00e9e dans d&rsquo;importants lieux d&rsquo;exposition, comme la Biblioteca Nazionale \u00e0 Venise en 2020. Il rejoint le cercle illustre des grands artistes comme Georg Baselitz ou le jeune artiste vedette Leon L\u00f6wentraut.<\/p>\t\t\t\t\t\t\t\t<\/div>\n\t\t\t\t<\/div>\n\t\t\t\t<div class=\"elementor-element elementor-element-25565ba elementor-widget elementor-widget-image\" data-id=\"25565ba\" data-element_type=\"widget\" data-e-type=\"widget\" data-widget_type=\"image.default\">\n\t\t\t\t<div class=\"elementor-widget-container\">\n\t\t\t\t\t\t\t\t\t\t\t\t<figure class=\"wp-caption\">\n\t\t\t\t\t\t\t\t\t\t\t<a href=\"https:\/\/kunsthallemessmer.de\/wp-content\/uploads\/2022\/04\/Puzzle_VPop-213950-RG1B-1-scaled-1.jpg\" data-elementor-open-lightbox=\"yes\" data-e-action-hash=\"#elementor-action%3Aaction%3Dlightbox%26settings%3DeyJpZCI6Mjg4MywidXJsIjoiaHR0cHM6XC9cL2t1bnN0aGFsbGVtZXNzbWVyLmRlXC93cC1jb250ZW50XC91cGxvYWRzXC8yMDIyXC8wNFwvUHV6emxlX1ZQb3AtMjEzOTUwLVJHMUItMS1zY2FsZWQtMS5qcGcifQ%3D%3D\">\n\t\t\t\t\t\t\t<img decoding=\"async\" src=\"https:\/\/kunsthallemessmer.de\/wp-content\/uploads\/elementor\/thumbs\/Puzzle_VPop-213950-RG1B-1-scaled-1-pnwknbg6h0a03843ccy6yuoecn2eb7fd5u5pdcmww0.jpg\" title=\"Puzzle_VPop-213950-RG1B-1-scaled\" alt=\"Puzzle_VPop-213950-RG1B-1-scaled\" loading=\"lazy\" \/>\t\t\t\t\t\t\t\t<\/a>\n\t\t\t\t\t\t\t\t\t\t\t<figcaption class=\"widget-image-caption wp-caption-text\">Kilian Saueressig, VPop Globe : Decorativism, Cycle Woman?, Segment Puzzle, Variatuion ADayInVienna, 2020 \u00a9 Kilian Saueressig<\/figcaption>\n\t\t\t\t\t\t\t\t\t\t<\/figure>\n\t\t\t\t\t\t\t\t\t<\/div>\n\t\t\t\t<\/div>\n\t\t\t\t<div class=\"elementor-element elementor-element-17a78a4 elementor-widget elementor-widget-text-editor\" data-id=\"17a78a4\" data-element_type=\"widget\" data-e-type=\"widget\" data-widget_type=\"text-editor.default\">\n\t\t\t\t<div class=\"elementor-widget-container\">\n\t\t\t\t\t\t\t\t\t<p>Kilian Saueressig commente son exposition : \u00ab La lumi\u00e8re est la cl\u00e9 de la connaissance, la cl\u00e9 de la vie. Sans lumi\u00e8re, il n&rsquo;y a pas de vie et sans lumi\u00e8re, on ne peut pas voir. La transformation de la lumi\u00e8re sous forme de r\u00e9flexion, d&rsquo;absorption et de transmission nous permet de regarder des images et des sculptures. La lumi\u00e8re devient des images dans nos t\u00eates. Les images deviennent des \u00e9motions. Les id\u00e9es deviennent des images. C&rsquo;est une m\u00e9tamorphose. La fascination de transformer la lumi\u00e8re en masse et la masse en lumi\u00e8re. C&rsquo;est le principe universel sur lequel tout est bas\u00e9. L&rsquo;esprit et l&rsquo;\u00e2me sont-ils une forme particuli\u00e8re de lumi\u00e8re ? L&rsquo;exposition \u00ab Key of Light \u00bb explore cette question et encourage l&rsquo;imagination et la magie du spectateur.<\/p>\t\t\t\t\t\t\t\t<\/div>\n\t\t\t\t<\/div>\n\t\t\t\t<div class=\"elementor-element elementor-element-15b36d5 elementor-pagination-position-outside elementor-widget elementor-widget-image-carousel\" data-id=\"15b36d5\" data-element_type=\"widget\" data-e-type=\"widget\" data-settings=\"{&quot;slides_to_show&quot;:&quot;1&quot;,&quot;lazyload&quot;:&quot;yes&quot;,&quot;navigation&quot;:&quot;dots&quot;,&quot;autoplay&quot;:&quot;yes&quot;,&quot;pause_on_hover&quot;:&quot;yes&quot;,&quot;pause_on_interaction&quot;:&quot;yes&quot;,&quot;autoplay_speed&quot;:5000,&quot;infinite&quot;:&quot;yes&quot;,&quot;effect&quot;:&quot;slide&quot;,&quot;speed&quot;:500}\" data-widget_type=\"image-carousel.default\">\n\t\t\t\t<div class=\"elementor-widget-container\">\n\t\t\t\t\t\t\t<div class=\"elementor-image-carousel-wrapper swiper\" role=\"region\" aria-roledescription=\"carousel\" aria-label=\"Carrousel d\u2019images\" dir=\"ltr\">\n\t\t\t<div class=\"elementor-image-carousel swiper-wrapper\" aria-live=\"off\">\n\t\t\t\t\t\t\t\t<div class=\"swiper-slide\" role=\"group\" aria-roledescription=\"slide\" aria-label=\"1 sur 5\"><a data-elementor-open-lightbox=\"yes\" data-elementor-lightbox-slideshow=\"15b36d5\" data-elementor-lightbox-title=\"Kilian Saueressig\" data-e-action-hash=\"#elementor-action%3Aaction%3Dlightbox%26settings%3DeyJpZCI6Mjg5OSwidXJsIjoiaHR0cHM6XC9cL2t1bnN0aGFsbGVtZXNzbWVyLmRlXC93cC1jb250ZW50XC91cGxvYWRzXC8yMDIyXC8wNFwvUHV6emxlX1ZQb3AtMDA3NzQtUkdCLXNjYWxlZC5qcGciLCJzbGlkZXNob3ciOiIxNWIzNmQ1In0%3D\" href=\"https:\/\/kunsthallemessmer.de\/wp-content\/uploads\/2022\/04\/Puzzle_VPop-00774-RGB-scaled.jpg\"><figure class=\"swiper-slide-inner\"><img class=\"swiper-slide-image swiper-lazy\" data-src=\"https:\/\/kunsthallemessmer.de\/wp-content\/uploads\/elementor\/thumbs\/Puzzle_VPop-00774-RGB-scaled-pnwklut7ua9y128jvq7337yl329uc5mealmihusykg.jpg\" alt=\"Kilian Saueressig\" \/><div class=\"swiper-lazy-preloader\"><\/div><\/figure><\/a><\/div><div class=\"swiper-slide\" role=\"group\" aria-roledescription=\"slide\" aria-label=\"2 sur 5\"><a data-elementor-open-lightbox=\"yes\" data-elementor-lightbox-slideshow=\"15b36d5\" data-e-action-hash=\"#elementor-action%3Aaction%3Dlightbox%26settings%3DeyJpZCI6Mjg5NywidXJsIjoiaHR0cHM6XC9cL2t1bnN0aGFsbGVtZXNzbWVyLmRlXC93cC1jb250ZW50XC91cGxvYWRzXC8yMDIyXC8wNFwvUHV6emxlX1ZQb3AtMDA3NzAtUkdCLXNjYWxlZC5qcGciLCJzbGlkZXNob3ciOiIxNWIzNmQ1In0%3D\" href=\"https:\/\/kunsthallemessmer.de\/wp-content\/uploads\/2022\/04\/Puzzle_VPop-00770-RGB-scaled.jpg\"><figure class=\"swiper-slide-inner\"><img class=\"swiper-slide-image swiper-lazy\" data-src=\"https:\/\/kunsthallemessmer.de\/wp-content\/uploads\/elementor\/thumbs\/Puzzle_VPop-00770-RGB-scaled-pnwkm1e364iyabyztb1h2oat8rdeu1cini6wusj7cw.jpg\" alt=\"Puzzle_VPop-00770-RGB\" \/><div class=\"swiper-lazy-preloader\"><\/div><\/figure><\/a><\/div><div class=\"swiper-slide\" role=\"group\" aria-roledescription=\"slide\" aria-label=\"3 sur 5\"><a data-elementor-open-lightbox=\"yes\" data-elementor-lightbox-slideshow=\"15b36d5\" data-e-action-hash=\"#elementor-action%3Aaction%3Dlightbox%26settings%3DeyJpZCI6Mjg5NSwidXJsIjoiaHR0cHM6XC9cL2t1bnN0aGFsbGVtZXNzbWVyLmRlXC93cC1jb250ZW50XC91cGxvYWRzXC8yMDIyXC8wNFwvUHV6emxlX1ZQb3AtMDA3NzItUkdCLXNjYWxlZC5qcGciLCJzbGlkZXNob3ciOiIxNWIzNmQ1In0%3D\" href=\"https:\/\/kunsthallemessmer.de\/wp-content\/uploads\/2022\/04\/Puzzle_VPop-00772-RGB-scaled.jpg\"><figure class=\"swiper-slide-inner\"><img class=\"swiper-slide-image swiper-lazy\" data-src=\"https:\/\/kunsthallemessmer.de\/wp-content\/uploads\/elementor\/thumbs\/Puzzle_VPop-00772-RGB-scaled-pnwkm7yyhyryjlpfqvvv24n1eggzbx2n0erb7q9g5c.jpg\" alt=\"Puzzle_VPop-00772-RGB\" \/><div class=\"swiper-lazy-preloader\"><\/div><\/figure><\/a><\/div><div class=\"swiper-slide\" role=\"group\" aria-roledescription=\"slide\" aria-label=\"4 sur 5\"><a data-elementor-open-lightbox=\"yes\" data-elementor-lightbox-slideshow=\"15b36d5\" data-e-action-hash=\"#elementor-action%3Aaction%3Dlightbox%26settings%3DeyJpZCI6MjkwMSwidXJsIjoiaHR0cHM6XC9cL2t1bnN0aGFsbGVtZXNzbWVyLmRlXC93cC1jb250ZW50XC91cGxvYWRzXC8yMDIyXC8wNFwvTU1FXzc3NTktc2NhbGVkLmpwZyIsInNsaWRlc2hvdyI6IjE1YjM2ZDUifQ%3D%3D\" href=\"https:\/\/kunsthallemessmer.de\/wp-content\/uploads\/2022\/04\/MME_7759-scaled.jpg\"><figure class=\"swiper-slide-inner\"><img class=\"swiper-slide-image swiper-lazy\" data-src=\"https:\/\/kunsthallemessmer.de\/wp-content\/uploads\/elementor\/thumbs\/MME_7759-scaled-pnwklo8cig0xrsi3y5cp3rmcxd69u9w9xp244x2ps0.jpg\" alt=\"MME_7759\" \/><div class=\"swiper-lazy-preloader\"><\/div><\/figure><\/a><\/div><div class=\"swiper-slide\" role=\"group\" aria-roledescription=\"slide\" aria-label=\"5 sur 5\"><a data-elementor-open-lightbox=\"yes\" data-elementor-lightbox-slideshow=\"15b36d5\" data-e-action-hash=\"#elementor-action%3Aaction%3Dlightbox%26settings%3DeyJpZCI6Mjg5MywidXJsIjoiaHR0cHM6XC9cL2t1bnN0aGFsbGVtZXNzbWVyLmRlXC93cC1jb250ZW50XC91cGxvYWRzXC8yMDIyXC8wNFwvRGVWbGllZ2VyX0RlZXBEcmVhbXNfMjAyMTA1MjRfMTYzNzU2LXNjYWxlZC5qcGciLCJzbGlkZXNob3ciOiIxNWIzNmQ1In0%3D\" href=\"https:\/\/kunsthallemessmer.de\/wp-content\/uploads\/2022\/04\/DeVlieger_DeepDreams_20210524_163756-scaled.jpg\"><figure class=\"swiper-slide-inner\"><img class=\"swiper-slide-image swiper-lazy\" data-src=\"https:\/\/kunsthallemessmer.de\/wp-content\/uploads\/elementor\/thumbs\/DeVlieger_DeepDreams_20210524_163756-scaled-pnwkmejttt0ysvfvogq91kz9k5kjtssrdbbpknzoxs.jpg\" alt=\"DeVlieger_DeepDreams_20210524_163756\" \/><div class=\"swiper-lazy-preloader\"><\/div><\/figure><\/a><\/div>\t\t\t<\/div>\n\t\t\t\t\t\t\t\n\t\t\t\t\t\t\t\t\t<div class=\"swiper-pagination\"><\/div>\n\t\t\t\t\t\t\t\t\t<\/div>\n\t\t\t\t\t\t<\/div>\n\t\t\t\t<\/div>\n\t\t\t\t<div class=\"elementor-element elementor-element-392fb4a2 elementor-widget elementor-widget-heading\" data-id=\"392fb4a2\" data-element_type=\"widget\" data-e-type=\"widget\" data-widget_type=\"heading.default\">\n\t\t\t\t<div class=\"elementor-widget-container\">\n\t\t\t\t\t<h2 class=\"elementor-heading-title elementor-size-default\">Killian Saueressig<\/h2>\t\t\t\t<\/div>\n\t\t\t\t<\/div>\n\t\t\t\t<section class=\"elementor-section elementor-inner-section elementor-element elementor-element-6413bee elementor-section-boxed elementor-section-height-default elementor-section-height-default\" data-id=\"6413bee\" data-element_type=\"section\" data-e-type=\"section\">\n\t\t\t\t\t\t<div class=\"elementor-container elementor-column-gap-no\">\n\t\t\t\t\t<div class=\"elementor-column elementor-col-33 elementor-inner-column elementor-element elementor-element-5a964ae\" data-id=\"5a964ae\" data-element_type=\"column\" data-e-type=\"column\">\n\t\t\t<div class=\"elementor-widget-wrap elementor-element-populated\">\n\t\t\t\t\t\t<div class=\"elementor-element elementor-element-65ddb15 elementor-widget elementor-widget-image\" data-id=\"65ddb15\" data-element_type=\"widget\" data-e-type=\"widget\" data-widget_type=\"image.default\">\n\t\t\t\t<div class=\"elementor-widget-container\">\n\t\t\t\t\t\t\t\t\t\t\t\t\t\t\t<img decoding=\"async\" width=\"800\" height=\"534\" src=\"https:\/\/kunsthallemessmer.de\/wp-content\/uploads\/2022\/04\/KS_Studio_Portrait_TheSunWillGoUp-RGB-300-1024x683-1.jpg\" class=\"attachment-large size-large wp-image-2885\" alt=\"\" srcset=\"https:\/\/kunsthallemessmer.de\/wp-content\/uploads\/2022\/04\/KS_Studio_Portrait_TheSunWillGoUp-RGB-300-1024x683-1.jpg 1024w, https:\/\/kunsthallemessmer.de\/wp-content\/uploads\/2022\/04\/KS_Studio_Portrait_TheSunWillGoUp-RGB-300-1024x683-1-300x200.jpg 300w, https:\/\/kunsthallemessmer.de\/wp-content\/uploads\/2022\/04\/KS_Studio_Portrait_TheSunWillGoUp-RGB-300-1024x683-1-768x512.jpg 768w\" sizes=\"(max-width: 800px) 100vw, 800px\" \/>\t\t\t\t\t\t\t\t\t\t\t\t\t\t\t<\/div>\n\t\t\t\t<\/div>\n\t\t\t\t\t<\/div>\n\t\t<\/div>\n\t\t\t\t<div class=\"elementor-column elementor-col-66 elementor-inner-column elementor-element elementor-element-5a57b1e\" data-id=\"5a57b1e\" data-element_type=\"column\" data-e-type=\"column\">\n\t\t\t<div class=\"elementor-widget-wrap elementor-element-populated\">\n\t\t\t\t\t\t<div class=\"elementor-element elementor-element-90b738b elementor-widget elementor-widget-text-editor\" data-id=\"90b738b\" data-element_type=\"widget\" data-e-type=\"widget\" data-widget_type=\"text-editor.default\">\n\t\t\t\t<div class=\"elementor-widget-container\">\n\t\t\t\t\t\t\t\t\t<p>Saueressig, n\u00e9 \u00e0 Essen en 1969, a \u00e9tudi\u00e9 l&rsquo;ing\u00e9nierie m\u00e9canique et est un inventeur passionn\u00e9 qui d\u00e9tient de nombreux brevets dans les domaines de la finition de surface, de la technologie de moulage et du gaufrage. En tant qu&rsquo;actionnaire et directeur g\u00e9n\u00e9ral, il a dirig\u00e9 avec succ\u00e8s une entreprise familiale de taille moyenne dans le secteur de l&rsquo;imprimerie pendant de nombreuses ann\u00e9es.<\/p>\t\t\t\t\t\t\t\t<\/div>\n\t\t\t\t<\/div>\n\t\t\t\t\t<\/div>\n\t\t<\/div>\n\t\t\t\t\t<\/div>\n\t\t<\/section>\n\t\t\t\t<div class=\"elementor-element elementor-element-7ed34bb elementor-widget elementor-widget-text-editor\" data-id=\"7ed34bb\" data-element_type=\"widget\" data-e-type=\"widget\" data-widget_type=\"text-editor.default\">\n\t\t\t\t<div class=\"elementor-widget-container\">\n\t\t\t\t\t\t\t\t\t<p>Mais sa passion pour l&rsquo;art a \u00e9clat\u00e9 dans sa jeunesse. Il peut donc aujourd&rsquo;hui s&rsquo;appuyer sur un riche vivier d&rsquo;id\u00e9es. Ce n&rsquo;est qu&rsquo;en 2019 que Saueressig a montr\u00e9 son art au public pour la premi\u00e8re fois. Kilian Saueressig joue avec des processus innovants de coloration et de mise en forme d\u00e9velopp\u00e9s par lui-m\u00eame qui vont bien au-del\u00e0 des approches actuellement connues. Effets m\u00e9tallis\u00e9s, effets mat-brillant, micro-macrostructures, technologies de mise en forme manuelles et num\u00e9riques, etc. Kilian Saueressig a un sens aigu de la couleur, le changement de couleur est une caract\u00e9ristique essentielle de son art.<\/p><p>La philosophie et l&rsquo;innovation sont deux moteurs tr\u00e8s importants pour Kilian Saueressig. Il consid\u00e8re l&rsquo;art comme son support de sortie \u00e9motionnelle pour ses id\u00e9es et ses messages.<\/p>\t\t\t\t\t\t\t\t<\/div>\n\t\t\t\t<\/div>\n\t\t\t\t\t<\/div>\n\t\t<\/div>\n\t\t\t\t\t<\/div>\n\t\t<\/section>\n\t\t\t\t<\/div>\n\t\t","protected":false},"excerpt":{"rendered":"<p>24\/07\/2021 \u2013 22\/08\/2021<\/p>\n","protected":false},"author":3,"featured_media":2901,"comment_status":"open","ping_status":"open","sticky":false,"template":"","format":"standard","meta":{"footnotes":""},"categories":[1],"tags":[],"class_list":["post-3452","post","type-post","status-publish","format-standard","has-post-thumbnail","hentry","category-austellungen"],"yoast_head":"<!-- This site is optimized with the Yoast SEO plugin v27.5 - https:\/\/yoast.com\/product\/yoast-seo-wordpress\/ -->\n<title>Killian Saueressig - Kunsthalle Messmer<\/title>\n<meta name=\"robots\" content=\"index, follow, max-snippet:-1, max-image-preview:large, max-video-preview:-1\" \/>\n<link rel=\"canonical\" href=\"https:\/\/kunsthallemessmer.de\/fr\/exposition\/killian-saueressig\/\" \/>\n<meta property=\"og:locale\" content=\"fr_FR\" \/>\n<meta property=\"og:type\" content=\"article\" \/>\n<meta property=\"og:title\" content=\"Killian Saueressig - Kunsthalle Messmer\" \/>\n<meta property=\"og:description\" content=\"24\/07\/2021 \u2013 22\/08\/2021\" \/>\n<meta property=\"og:url\" content=\"https:\/\/kunsthallemessmer.de\/fr\/exposition\/killian-saueressig\/\" \/>\n<meta property=\"og:site_name\" content=\"Kunsthalle Messmer\" \/>\n<meta property=\"article:published_time\" content=\"2022-04-01T20:19:32+00:00\" \/>\n<meta property=\"article:modified_time\" content=\"2022-04-27T21:17:59+00:00\" \/>\n<meta property=\"og:image\" content=\"https:\/\/kunsthallemessmer.de\/wp-content\/uploads\/2022\/04\/MME_7759-scaled.jpg\" \/>\n\t<meta property=\"og:image:width\" content=\"1080\" \/>\n\t<meta property=\"og:image:height\" content=\"1618\" \/>\n\t<meta property=\"og:image:type\" content=\"image\/jpeg\" \/>\n<meta name=\"author\" content=\"Erik Lachfeld\" \/>\n<meta name=\"twitter:card\" content=\"summary_large_image\" \/>\n<meta name=\"twitter:label1\" content=\"\u00c9crit par\" \/>\n\t<meta name=\"twitter:data1\" content=\"Erik Lachfeld\" \/>\n\t<meta name=\"twitter:label2\" content=\"Dur\u00e9e de lecture estim\u00e9e\" \/>\n\t<meta name=\"twitter:data2\" content=\"3 minutes\" \/>\n<script type=\"application\/ld+json\" class=\"yoast-schema-graph\">{\"@context\":\"https:\\\/\\\/schema.org\",\"@graph\":[{\"@type\":\"Article\",\"@id\":\"https:\\\/\\\/kunsthallemessmer.de\\\/fr\\\/exposition\\\/killian-saueressig\\\/#article\",\"isPartOf\":{\"@id\":\"https:\\\/\\\/kunsthallemessmer.de\\\/fr\\\/exposition\\\/killian-saueressig\\\/\"},\"author\":{\"name\":\"Erik Lachfeld\",\"@id\":\"https:\\\/\\\/kunsthallemessmer.de\\\/fr\\\/#\\\/schema\\\/person\\\/24f7ee6ec431a05000425936de23c890\"},\"headline\":\"Killian Saueressig\",\"datePublished\":\"2022-04-01T20:19:32+00:00\",\"dateModified\":\"2022-04-27T21:17:59+00:00\",\"mainEntityOfPage\":{\"@id\":\"https:\\\/\\\/kunsthallemessmer.de\\\/fr\\\/exposition\\\/killian-saueressig\\\/\"},\"wordCount\":549,\"commentCount\":0,\"publisher\":{\"@id\":\"https:\\\/\\\/kunsthallemessmer.de\\\/fr\\\/#organization\"},\"image\":{\"@id\":\"https:\\\/\\\/kunsthallemessmer.de\\\/fr\\\/exposition\\\/killian-saueressig\\\/#primaryimage\"},\"thumbnailUrl\":\"https:\\\/\\\/kunsthallemessmer.de\\\/wp-content\\\/uploads\\\/2022\\\/04\\\/MME_7759-scaled.jpg\",\"articleSection\":[\"Austellungen\"],\"inLanguage\":\"fr-FR\"},{\"@type\":\"WebPage\",\"@id\":\"https:\\\/\\\/kunsthallemessmer.de\\\/fr\\\/exposition\\\/killian-saueressig\\\/\",\"url\":\"https:\\\/\\\/kunsthallemessmer.de\\\/fr\\\/exposition\\\/killian-saueressig\\\/\",\"name\":\"Killian Saueressig - Kunsthalle Messmer\",\"isPartOf\":{\"@id\":\"https:\\\/\\\/kunsthallemessmer.de\\\/fr\\\/#website\"},\"primaryImageOfPage\":{\"@id\":\"https:\\\/\\\/kunsthallemessmer.de\\\/fr\\\/exposition\\\/killian-saueressig\\\/#primaryimage\"},\"image\":{\"@id\":\"https:\\\/\\\/kunsthallemessmer.de\\\/fr\\\/exposition\\\/killian-saueressig\\\/#primaryimage\"},\"thumbnailUrl\":\"https:\\\/\\\/kunsthallemessmer.de\\\/wp-content\\\/uploads\\\/2022\\\/04\\\/MME_7759-scaled.jpg\",\"datePublished\":\"2022-04-01T20:19:32+00:00\",\"dateModified\":\"2022-04-27T21:17:59+00:00\",\"breadcrumb\":{\"@id\":\"https:\\\/\\\/kunsthallemessmer.de\\\/fr\\\/exposition\\\/killian-saueressig\\\/#breadcrumb\"},\"inLanguage\":\"fr-FR\",\"potentialAction\":[{\"@type\":\"ReadAction\",\"target\":[\"https:\\\/\\\/kunsthallemessmer.de\\\/fr\\\/exposition\\\/killian-saueressig\\\/\"]}]},{\"@type\":\"ImageObject\",\"inLanguage\":\"fr-FR\",\"@id\":\"https:\\\/\\\/kunsthallemessmer.de\\\/fr\\\/exposition\\\/killian-saueressig\\\/#primaryimage\",\"url\":\"https:\\\/\\\/kunsthallemessmer.de\\\/wp-content\\\/uploads\\\/2022\\\/04\\\/MME_7759-scaled.jpg\",\"contentUrl\":\"https:\\\/\\\/kunsthallemessmer.de\\\/wp-content\\\/uploads\\\/2022\\\/04\\\/MME_7759-scaled.jpg\",\"width\":1080,\"height\":1618},{\"@type\":\"BreadcrumbList\",\"@id\":\"https:\\\/\\\/kunsthallemessmer.de\\\/fr\\\/exposition\\\/killian-saueressig\\\/#breadcrumb\",\"itemListElement\":[{\"@type\":\"ListItem\",\"position\":1,\"name\":\"Startseite\",\"item\":\"https:\\\/\\\/kunsthallemessmer.de\\\/fr\\\/apercu\\\/\"},{\"@type\":\"ListItem\",\"position\":2,\"name\":\"Killian Saueressig\"}]},{\"@type\":\"WebSite\",\"@id\":\"https:\\\/\\\/kunsthallemessmer.de\\\/fr\\\/#website\",\"url\":\"https:\\\/\\\/kunsthallemessmer.de\\\/fr\\\/\",\"name\":\"Kunsthalle Messmer\",\"description\":\"Riegel am Kaiserstuhl\",\"publisher\":{\"@id\":\"https:\\\/\\\/kunsthallemessmer.de\\\/fr\\\/#organization\"},\"potentialAction\":[{\"@type\":\"SearchAction\",\"target\":{\"@type\":\"EntryPoint\",\"urlTemplate\":\"https:\\\/\\\/kunsthallemessmer.de\\\/fr\\\/?s={search_term_string}\"},\"query-input\":{\"@type\":\"PropertyValueSpecification\",\"valueRequired\":true,\"valueName\":\"search_term_string\"}}],\"inLanguage\":\"fr-FR\"},{\"@type\":\"Organization\",\"@id\":\"https:\\\/\\\/kunsthallemessmer.de\\\/fr\\\/#organization\",\"name\":\"Kunsthalle Messmer\",\"url\":\"https:\\\/\\\/kunsthallemessmer.de\\\/fr\\\/\",\"logo\":{\"@type\":\"ImageObject\",\"inLanguage\":\"fr-FR\",\"@id\":\"https:\\\/\\\/kunsthallemessmer.de\\\/fr\\\/#\\\/schema\\\/logo\\\/image\\\/\",\"url\":\"https:\\\/\\\/kunsthallemessmer.de\\\/wp-content\\\/uploads\\\/2022\\\/04\\\/kunsthalle_messmer_pos-2-png.png\",\"contentUrl\":\"https:\\\/\\\/kunsthallemessmer.de\\\/wp-content\\\/uploads\\\/2022\\\/04\\\/kunsthalle_messmer_pos-2-png.png\",\"width\":2412,\"height\":434,\"caption\":\"Kunsthalle Messmer\"},\"image\":{\"@id\":\"https:\\\/\\\/kunsthallemessmer.de\\\/fr\\\/#\\\/schema\\\/logo\\\/image\\\/\"}},{\"@type\":\"Person\",\"@id\":\"https:\\\/\\\/kunsthallemessmer.de\\\/fr\\\/#\\\/schema\\\/person\\\/24f7ee6ec431a05000425936de23c890\",\"name\":\"Erik Lachfeld\",\"image\":{\"@type\":\"ImageObject\",\"inLanguage\":\"fr-FR\",\"@id\":\"https:\\\/\\\/secure.gravatar.com\\\/avatar\\\/d5d42cc40010ba9998f57d7cebaf2952e1274f5c452ff570f85bbee0f9ecb43a?s=96&d=mm&r=g\",\"url\":\"https:\\\/\\\/secure.gravatar.com\\\/avatar\\\/d5d42cc40010ba9998f57d7cebaf2952e1274f5c452ff570f85bbee0f9ecb43a?s=96&d=mm&r=g\",\"contentUrl\":\"https:\\\/\\\/secure.gravatar.com\\\/avatar\\\/d5d42cc40010ba9998f57d7cebaf2952e1274f5c452ff570f85bbee0f9ecb43a?s=96&d=mm&r=g\",\"caption\":\"Erik Lachfeld\"},\"url\":\"https:\\\/\\\/kunsthallemessmer.de\\\/fr\\\/author\\\/erik-lachfeld\\\/\"}]}<\/script>\n<!-- \/ Yoast SEO plugin. -->","yoast_head_json":{"title":"Killian Saueressig - Kunsthalle Messmer","robots":{"index":"index","follow":"follow","max-snippet":"max-snippet:-1","max-image-preview":"max-image-preview:large","max-video-preview":"max-video-preview:-1"},"canonical":"https:\/\/kunsthallemessmer.de\/fr\/exposition\/killian-saueressig\/","og_locale":"fr_FR","og_type":"article","og_title":"Killian Saueressig - Kunsthalle Messmer","og_description":"24\/07\/2021 \u2013 22\/08\/2021","og_url":"https:\/\/kunsthallemessmer.de\/fr\/exposition\/killian-saueressig\/","og_site_name":"Kunsthalle Messmer","article_published_time":"2022-04-01T20:19:32+00:00","article_modified_time":"2022-04-27T21:17:59+00:00","og_image":[{"width":1080,"height":1618,"url":"https:\/\/kunsthallemessmer.de\/wp-content\/uploads\/2022\/04\/MME_7759-scaled.jpg","type":"image\/jpeg"}],"author":"Erik Lachfeld","twitter_card":"summary_large_image","twitter_misc":{"\u00c9crit par":"Erik Lachfeld","Dur\u00e9e de lecture estim\u00e9e":"3 minutes"},"schema":{"@context":"https:\/\/schema.org","@graph":[{"@type":"Article","@id":"https:\/\/kunsthallemessmer.de\/fr\/exposition\/killian-saueressig\/#article","isPartOf":{"@id":"https:\/\/kunsthallemessmer.de\/fr\/exposition\/killian-saueressig\/"},"author":{"name":"Erik Lachfeld","@id":"https:\/\/kunsthallemessmer.de\/fr\/#\/schema\/person\/24f7ee6ec431a05000425936de23c890"},"headline":"Killian Saueressig","datePublished":"2022-04-01T20:19:32+00:00","dateModified":"2022-04-27T21:17:59+00:00","mainEntityOfPage":{"@id":"https:\/\/kunsthallemessmer.de\/fr\/exposition\/killian-saueressig\/"},"wordCount":549,"commentCount":0,"publisher":{"@id":"https:\/\/kunsthallemessmer.de\/fr\/#organization"},"image":{"@id":"https:\/\/kunsthallemessmer.de\/fr\/exposition\/killian-saueressig\/#primaryimage"},"thumbnailUrl":"https:\/\/kunsthallemessmer.de\/wp-content\/uploads\/2022\/04\/MME_7759-scaled.jpg","articleSection":["Austellungen"],"inLanguage":"fr-FR"},{"@type":"WebPage","@id":"https:\/\/kunsthallemessmer.de\/fr\/exposition\/killian-saueressig\/","url":"https:\/\/kunsthallemessmer.de\/fr\/exposition\/killian-saueressig\/","name":"Killian Saueressig - Kunsthalle Messmer","isPartOf":{"@id":"https:\/\/kunsthallemessmer.de\/fr\/#website"},"primaryImageOfPage":{"@id":"https:\/\/kunsthallemessmer.de\/fr\/exposition\/killian-saueressig\/#primaryimage"},"image":{"@id":"https:\/\/kunsthallemessmer.de\/fr\/exposition\/killian-saueressig\/#primaryimage"},"thumbnailUrl":"https:\/\/kunsthallemessmer.de\/wp-content\/uploads\/2022\/04\/MME_7759-scaled.jpg","datePublished":"2022-04-01T20:19:32+00:00","dateModified":"2022-04-27T21:17:59+00:00","breadcrumb":{"@id":"https:\/\/kunsthallemessmer.de\/fr\/exposition\/killian-saueressig\/#breadcrumb"},"inLanguage":"fr-FR","potentialAction":[{"@type":"ReadAction","target":["https:\/\/kunsthallemessmer.de\/fr\/exposition\/killian-saueressig\/"]}]},{"@type":"ImageObject","inLanguage":"fr-FR","@id":"https:\/\/kunsthallemessmer.de\/fr\/exposition\/killian-saueressig\/#primaryimage","url":"https:\/\/kunsthallemessmer.de\/wp-content\/uploads\/2022\/04\/MME_7759-scaled.jpg","contentUrl":"https:\/\/kunsthallemessmer.de\/wp-content\/uploads\/2022\/04\/MME_7759-scaled.jpg","width":1080,"height":1618},{"@type":"BreadcrumbList","@id":"https:\/\/kunsthallemessmer.de\/fr\/exposition\/killian-saueressig\/#breadcrumb","itemListElement":[{"@type":"ListItem","position":1,"name":"Startseite","item":"https:\/\/kunsthallemessmer.de\/fr\/apercu\/"},{"@type":"ListItem","position":2,"name":"Killian Saueressig"}]},{"@type":"WebSite","@id":"https:\/\/kunsthallemessmer.de\/fr\/#website","url":"https:\/\/kunsthallemessmer.de\/fr\/","name":"Kunsthalle Messmer","description":"Riegel am Kaiserstuhl","publisher":{"@id":"https:\/\/kunsthallemessmer.de\/fr\/#organization"},"potentialAction":[{"@type":"SearchAction","target":{"@type":"EntryPoint","urlTemplate":"https:\/\/kunsthallemessmer.de\/fr\/?s={search_term_string}"},"query-input":{"@type":"PropertyValueSpecification","valueRequired":true,"valueName":"search_term_string"}}],"inLanguage":"fr-FR"},{"@type":"Organization","@id":"https:\/\/kunsthallemessmer.de\/fr\/#organization","name":"Kunsthalle Messmer","url":"https:\/\/kunsthallemessmer.de\/fr\/","logo":{"@type":"ImageObject","inLanguage":"fr-FR","@id":"https:\/\/kunsthallemessmer.de\/fr\/#\/schema\/logo\/image\/","url":"https:\/\/kunsthallemessmer.de\/wp-content\/uploads\/2022\/04\/kunsthalle_messmer_pos-2-png.png","contentUrl":"https:\/\/kunsthallemessmer.de\/wp-content\/uploads\/2022\/04\/kunsthalle_messmer_pos-2-png.png","width":2412,"height":434,"caption":"Kunsthalle Messmer"},"image":{"@id":"https:\/\/kunsthallemessmer.de\/fr\/#\/schema\/logo\/image\/"}},{"@type":"Person","@id":"https:\/\/kunsthallemessmer.de\/fr\/#\/schema\/person\/24f7ee6ec431a05000425936de23c890","name":"Erik Lachfeld","image":{"@type":"ImageObject","inLanguage":"fr-FR","@id":"https:\/\/secure.gravatar.com\/avatar\/d5d42cc40010ba9998f57d7cebaf2952e1274f5c452ff570f85bbee0f9ecb43a?s=96&d=mm&r=g","url":"https:\/\/secure.gravatar.com\/avatar\/d5d42cc40010ba9998f57d7cebaf2952e1274f5c452ff570f85bbee0f9ecb43a?s=96&d=mm&r=g","contentUrl":"https:\/\/secure.gravatar.com\/avatar\/d5d42cc40010ba9998f57d7cebaf2952e1274f5c452ff570f85bbee0f9ecb43a?s=96&d=mm&r=g","caption":"Erik Lachfeld"},"url":"https:\/\/kunsthallemessmer.de\/fr\/author\/erik-lachfeld\/"}]}},"_links":{"self":[{"href":"https:\/\/kunsthallemessmer.de\/fr\/wp-json\/wp\/v2\/posts\/3452","targetHints":{"allow":["GET"]}}],"collection":[{"href":"https:\/\/kunsthallemessmer.de\/fr\/wp-json\/wp\/v2\/posts"}],"about":[{"href":"https:\/\/kunsthallemessmer.de\/fr\/wp-json\/wp\/v2\/types\/post"}],"author":[{"embeddable":true,"href":"https:\/\/kunsthallemessmer.de\/fr\/wp-json\/wp\/v2\/users\/3"}],"replies":[{"embeddable":true,"href":"https:\/\/kunsthallemessmer.de\/fr\/wp-json\/wp\/v2\/comments?post=3452"}],"version-history":[{"count":2,"href":"https:\/\/kunsthallemessmer.de\/fr\/wp-json\/wp\/v2\/posts\/3452\/revisions"}],"predecessor-version":[{"id":3471,"href":"https:\/\/kunsthallemessmer.de\/fr\/wp-json\/wp\/v2\/posts\/3452\/revisions\/3471"}],"wp:featuredmedia":[{"embeddable":true,"href":"https:\/\/kunsthallemessmer.de\/fr\/wp-json\/wp\/v2\/media\/2901"}],"wp:attachment":[{"href":"https:\/\/kunsthallemessmer.de\/fr\/wp-json\/wp\/v2\/media?parent=3452"}],"wp:term":[{"taxonomy":"category","embeddable":true,"href":"https:\/\/kunsthallemessmer.de\/fr\/wp-json\/wp\/v2\/categories?post=3452"},{"taxonomy":"post_tag","embeddable":true,"href":"https:\/\/kunsthallemessmer.de\/fr\/wp-json\/wp\/v2\/tags?post=3452"}],"curies":[{"name":"wp","href":"https:\/\/api.w.org\/{rel}","templated":true}]}}