{"id":3479,"date":"2022-04-04T16:11:15","date_gmt":"2022-04-04T14:11:15","guid":{"rendered":"https:\/\/kunsthallemessmer.de\/non-classifiee\/bernard-aubertin\/"},"modified":"2024-02-02T11:34:06","modified_gmt":"2024-02-02T10:34:06","slug":"bernard-aubertin","status":"publish","type":"post","link":"https:\/\/kunsthallemessmer.de\/fr\/artistes\/bernard-aubertin\/","title":{"rendered":"Bernard Aubertin"},"content":{"rendered":"\n<p><strong>Oeuvre de la collection :<\/strong> Bernard Aubertin, eponge en relief, 1962-77, huile et toile sur panneau, 50 x 50 cm.<\/p>\n\n<p>Bernard Aubertin est un artiste monochrome fran\u00e7ais. Il se concentre sur la couleur rouge comme expression du feu pour cr\u00e9er des espaces de couleur et de lumi\u00e8re. 1961-1970 Bernard Aubertin participe aux manifestations ZERO. Il est consid\u00e9r\u00e9 comme un repr\u00e9sentant important du groupe d&rsquo;artistes de D\u00fcsseldorf. Il r\u00e9alise ses tableaux monochromes rouges avec une grande vari\u00e9t\u00e9 de mat\u00e9riaux : par exemple, il cr\u00e9e des \u0153uvres \u00e0 partir de tableaux \u00e0 ongles rouges avec \u00e9clats et grilles coupe-feu, de carton perfor\u00e9 peint en rouge, de panneaux d&rsquo;aluminium et de bois br\u00fbl\u00e9 ou de points en relief.<\/p>\n\n<p>n\u00e9 en <strong>1934<\/strong> \u00e0 Fontenay-aux-Roses<br\/>d\u00e9c\u00e9d\u00e9 en <strong>2015<\/strong> \u00e0 Reutlingen<br\/><strong>1955-1957<\/strong> \u00e9tudie la peinture<br\/><strong>1958<\/strong> premi\u00e8res peintures monochromes sur panneaux rouges<br\/><strong>1960-1971<\/strong> s\u00e9rie d&rsquo;images d&rsquo;ongles rouges (4 phases)<br\/><strong>1977<\/strong> Participation \u00e0 la documenta 6 \u00e0 Kassel<br\/><strong>1991<\/strong> d\u00e9m\u00e9nagement \u00e0 Reutlingen<br\/><strong>1993<\/strong> Transfert \u00e0 la Fondation pour l&rsquo;art concret, Reutlingen<br\/><strong>1994<\/strong> 5e Biennale internationale d&rsquo;art du papier, Mus\u00e9e Leopold Hoesch D\u00fcren<\/p>\n\n<h2 class=\"wp-block-heading\">Expositions (s\u00e9lection)<\/h2>\n\n<p><strong>1962<\/strong> Stedelijk Museum, Amsterdam, Pays-Bas<br\/><strong>1977<\/strong> documenta 6, Cassel<br\/><strong>1993<\/strong> Fondation pour l&rsquo;art concret, Reutlingen<br\/><strong>1996<\/strong> Espace des Arts, Chalon-sur-Sa\u00f4ne, France<br\/><strong>1999<\/strong> Frac Bourgogne, Dijon<br\/><strong>2000<\/strong> Espace de l&rsquo;Art B\u00e9ton, Mouans-Sartoux, France<br\/><strong>2002<\/strong> Galerie J\u00f6llenbeck, Michael Nickel, Cologne<br\/><strong>2003<\/strong> College Art Galleries, New York, \u00c9tats-Unis<br\/><strong>2004<\/strong> Fondation Hubertus Schoeller Leopold-Hoesch-Museum, D\u00fcren<br\/><strong>2005<\/strong> Espace de l&rsquo;Art B\u00e9ton, Mouans-Sartoux, France<br\/><strong>2006<\/strong> Tuttolibri, Galleria Milano, Milan, Italie<br\/><strong>2007<\/strong> Mus\u00e9e Ritter, Waldenbuch<br\/><strong>2009<\/strong> S\u00e9cession viennoise, Vienne, Autriche<br\/><strong>2013<\/strong> Mus\u00e9e d&rsquo;Art Moderne et d&rsquo;Art Contemporain, Nice, France<\/p>\n\n<h2 class=\"wp-block-heading\">Collections (s\u00e9lection)<\/h2>\n\n<p>Fondation pour l&rsquo;art concret, Reutlingen<br\/>Espace de l&rsquo;Art B\u00e9ton, Mouans-Sartoux, France<br\/>Frac Bourgogne, Dijon, France<br\/>Mus\u00e9e Karl Ernst Osthaus, Hagen<br\/>Mus\u00e9e Ludwig dans le Deutschherrenhaus, Coblence<br\/>Mus\u00e9e du Ch\u00e2teau de Montb\u00e9liard ; Mus\u00e9e, Bolzano, Italie<br\/>Mus\u00e9e Berardo, Lisbonne, Portugal.<br\/>Mus\u00e9e Liaunig, Neuhaus<br\/>Mus\u00e9e d&rsquo;art Norton, West Palm Beach<\/p>\n","protected":false},"excerpt":{"rendered":"<p>Oeuvre de la collection : Bernard Aubertin, eponge en relief, 1962-77, huile et toile sur panneau, 50 x 50 cm. Bernard Aubertin est un artiste monochrome fran\u00e7ais. Il se concentre sur la couleur rouge comme expression du feu pour cr\u00e9er des espaces de couleur et de lumi\u00e8re. 1961-1970 Bernard Aubertin participe aux manifestations ZERO. Il [&hellip;]<\/p>\n","protected":false},"author":3,"featured_media":0,"comment_status":"closed","ping_status":"open","sticky":false,"template":"","format":"standard","meta":{"footnotes":""},"categories":[30],"tags":[],"class_list":["post-3479","post","type-post","status-publish","format-standard","hentry","category-artistes"],"yoast_head":"<!-- This site is optimized with the Yoast SEO plugin v27.4 - https:\/\/yoast.com\/product\/yoast-seo-wordpress\/ -->\n<title>Bernard Aubertin - Kunsthalle Messmer<\/title>\n<meta name=\"robots\" content=\"index, follow, max-snippet:-1, max-image-preview:large, max-video-preview:-1\" \/>\n<link rel=\"canonical\" href=\"https:\/\/kunsthallemessmer.de\/fr\/artistes\/bernard-aubertin\/\" \/>\n<meta property=\"og:locale\" content=\"fr_FR\" \/>\n<meta property=\"og:type\" content=\"article\" \/>\n<meta property=\"og:title\" content=\"Bernard Aubertin - Kunsthalle Messmer\" \/>\n<meta property=\"og:description\" content=\"Oeuvre de la collection : Bernard Aubertin, eponge en relief, 1962-77, huile et toile sur panneau, 50 x 50 cm. Bernard Aubertin est un artiste monochrome fran\u00e7ais. Il se concentre sur la couleur rouge comme expression du feu pour cr\u00e9er des espaces de couleur et de lumi\u00e8re. 1961-1970 Bernard Aubertin participe aux manifestations ZERO. Il [&hellip;]\" \/>\n<meta property=\"og:url\" content=\"https:\/\/kunsthallemessmer.de\/fr\/artistes\/bernard-aubertin\/\" \/>\n<meta property=\"og:site_name\" content=\"Kunsthalle Messmer\" \/>\n<meta property=\"article:published_time\" content=\"2022-04-04T14:11:15+00:00\" \/>\n<meta property=\"article:modified_time\" content=\"2024-02-02T10:34:06+00:00\" \/>\n<meta name=\"author\" content=\"Erik Lachfeld\" \/>\n<meta name=\"twitter:card\" content=\"summary_large_image\" \/>\n<meta name=\"twitter:label1\" content=\"\u00c9crit par\" \/>\n\t<meta name=\"twitter:data1\" content=\"Erik Lachfeld\" \/>\n\t<meta name=\"twitter:label2\" content=\"Dur\u00e9e de lecture estim\u00e9e\" \/>\n\t<meta name=\"twitter:data2\" content=\"2 minutes\" \/>\n<script type=\"application\/ld+json\" class=\"yoast-schema-graph\">{\"@context\":\"https:\\\/\\\/schema.org\",\"@graph\":[{\"@type\":\"Article\",\"@id\":\"https:\\\/\\\/kunsthallemessmer.de\\\/fr\\\/artistes\\\/bernard-aubertin\\\/#article\",\"isPartOf\":{\"@id\":\"https:\\\/\\\/kunsthallemessmer.de\\\/fr\\\/artistes\\\/bernard-aubertin\\\/\"},\"author\":{\"name\":\"Erik Lachfeld\",\"@id\":\"https:\\\/\\\/kunsthallemessmer.de\\\/fr\\\/#\\\/schema\\\/person\\\/24f7ee6ec431a05000425936de23c890\"},\"headline\":\"Bernard Aubertin\",\"datePublished\":\"2022-04-04T14:11:15+00:00\",\"dateModified\":\"2024-02-02T10:34:06+00:00\",\"mainEntityOfPage\":{\"@id\":\"https:\\\/\\\/kunsthallemessmer.de\\\/fr\\\/artistes\\\/bernard-aubertin\\\/\"},\"wordCount\":319,\"publisher\":{\"@id\":\"https:\\\/\\\/kunsthallemessmer.de\\\/fr\\\/#organization\"},\"articleSection\":[\"Artistes\"],\"inLanguage\":\"fr-FR\"},{\"@type\":\"WebPage\",\"@id\":\"https:\\\/\\\/kunsthallemessmer.de\\\/fr\\\/artistes\\\/bernard-aubertin\\\/\",\"url\":\"https:\\\/\\\/kunsthallemessmer.de\\\/fr\\\/artistes\\\/bernard-aubertin\\\/\",\"name\":\"Bernard Aubertin - Kunsthalle Messmer\",\"isPartOf\":{\"@id\":\"https:\\\/\\\/kunsthallemessmer.de\\\/fr\\\/#website\"},\"datePublished\":\"2022-04-04T14:11:15+00:00\",\"dateModified\":\"2024-02-02T10:34:06+00:00\",\"breadcrumb\":{\"@id\":\"https:\\\/\\\/kunsthallemessmer.de\\\/fr\\\/artistes\\\/bernard-aubertin\\\/#breadcrumb\"},\"inLanguage\":\"fr-FR\",\"potentialAction\":[{\"@type\":\"ReadAction\",\"target\":[\"https:\\\/\\\/kunsthallemessmer.de\\\/fr\\\/artistes\\\/bernard-aubertin\\\/\"]}]},{\"@type\":\"BreadcrumbList\",\"@id\":\"https:\\\/\\\/kunsthallemessmer.de\\\/fr\\\/artistes\\\/bernard-aubertin\\\/#breadcrumb\",\"itemListElement\":[{\"@type\":\"ListItem\",\"position\":1,\"name\":\"Startseite\",\"item\":\"https:\\\/\\\/kunsthallemessmer.de\\\/fr\\\/apercu\\\/\"},{\"@type\":\"ListItem\",\"position\":2,\"name\":\"Bernard Aubertin\"}]},{\"@type\":\"WebSite\",\"@id\":\"https:\\\/\\\/kunsthallemessmer.de\\\/fr\\\/#website\",\"url\":\"https:\\\/\\\/kunsthallemessmer.de\\\/fr\\\/\",\"name\":\"Kunsthalle Messmer\",\"description\":\"Riegel am Kaiserstuhl\",\"publisher\":{\"@id\":\"https:\\\/\\\/kunsthallemessmer.de\\\/fr\\\/#organization\"},\"potentialAction\":[{\"@type\":\"SearchAction\",\"target\":{\"@type\":\"EntryPoint\",\"urlTemplate\":\"https:\\\/\\\/kunsthallemessmer.de\\\/fr\\\/?s={search_term_string}\"},\"query-input\":{\"@type\":\"PropertyValueSpecification\",\"valueRequired\":true,\"valueName\":\"search_term_string\"}}],\"inLanguage\":\"fr-FR\"},{\"@type\":\"Organization\",\"@id\":\"https:\\\/\\\/kunsthallemessmer.de\\\/fr\\\/#organization\",\"name\":\"Kunsthalle Messmer\",\"url\":\"https:\\\/\\\/kunsthallemessmer.de\\\/fr\\\/\",\"logo\":{\"@type\":\"ImageObject\",\"inLanguage\":\"fr-FR\",\"@id\":\"https:\\\/\\\/kunsthallemessmer.de\\\/fr\\\/#\\\/schema\\\/logo\\\/image\\\/\",\"url\":\"https:\\\/\\\/kunsthallemessmer.de\\\/wp-content\\\/uploads\\\/2022\\\/04\\\/kunsthalle_messmer_pos-2-png.png\",\"contentUrl\":\"https:\\\/\\\/kunsthallemessmer.de\\\/wp-content\\\/uploads\\\/2022\\\/04\\\/kunsthalle_messmer_pos-2-png.png\",\"width\":2412,\"height\":434,\"caption\":\"Kunsthalle Messmer\"},\"image\":{\"@id\":\"https:\\\/\\\/kunsthallemessmer.de\\\/fr\\\/#\\\/schema\\\/logo\\\/image\\\/\"}},{\"@type\":\"Person\",\"@id\":\"https:\\\/\\\/kunsthallemessmer.de\\\/fr\\\/#\\\/schema\\\/person\\\/24f7ee6ec431a05000425936de23c890\",\"name\":\"Erik Lachfeld\",\"image\":{\"@type\":\"ImageObject\",\"inLanguage\":\"fr-FR\",\"@id\":\"https:\\\/\\\/secure.gravatar.com\\\/avatar\\\/d5d42cc40010ba9998f57d7cebaf2952e1274f5c452ff570f85bbee0f9ecb43a?s=96&d=mm&r=g\",\"url\":\"https:\\\/\\\/secure.gravatar.com\\\/avatar\\\/d5d42cc40010ba9998f57d7cebaf2952e1274f5c452ff570f85bbee0f9ecb43a?s=96&d=mm&r=g\",\"contentUrl\":\"https:\\\/\\\/secure.gravatar.com\\\/avatar\\\/d5d42cc40010ba9998f57d7cebaf2952e1274f5c452ff570f85bbee0f9ecb43a?s=96&d=mm&r=g\",\"caption\":\"Erik Lachfeld\"},\"url\":\"https:\\\/\\\/kunsthallemessmer.de\\\/fr\\\/author\\\/erik-lachfeld\\\/\"}]}<\/script>\n<!-- \/ Yoast SEO plugin. -->","yoast_head_json":{"title":"Bernard Aubertin - Kunsthalle Messmer","robots":{"index":"index","follow":"follow","max-snippet":"max-snippet:-1","max-image-preview":"max-image-preview:large","max-video-preview":"max-video-preview:-1"},"canonical":"https:\/\/kunsthallemessmer.de\/fr\/artistes\/bernard-aubertin\/","og_locale":"fr_FR","og_type":"article","og_title":"Bernard Aubertin - Kunsthalle Messmer","og_description":"Oeuvre de la collection : Bernard Aubertin, eponge en relief, 1962-77, huile et toile sur panneau, 50 x 50 cm. Bernard Aubertin est un artiste monochrome fran\u00e7ais. Il se concentre sur la couleur rouge comme expression du feu pour cr\u00e9er des espaces de couleur et de lumi\u00e8re. 1961-1970 Bernard Aubertin participe aux manifestations ZERO. Il [&hellip;]","og_url":"https:\/\/kunsthallemessmer.de\/fr\/artistes\/bernard-aubertin\/","og_site_name":"Kunsthalle Messmer","article_published_time":"2022-04-04T14:11:15+00:00","article_modified_time":"2024-02-02T10:34:06+00:00","author":"Erik Lachfeld","twitter_card":"summary_large_image","twitter_misc":{"\u00c9crit par":"Erik Lachfeld","Dur\u00e9e de lecture estim\u00e9e":"2 minutes"},"schema":{"@context":"https:\/\/schema.org","@graph":[{"@type":"Article","@id":"https:\/\/kunsthallemessmer.de\/fr\/artistes\/bernard-aubertin\/#article","isPartOf":{"@id":"https:\/\/kunsthallemessmer.de\/fr\/artistes\/bernard-aubertin\/"},"author":{"name":"Erik Lachfeld","@id":"https:\/\/kunsthallemessmer.de\/fr\/#\/schema\/person\/24f7ee6ec431a05000425936de23c890"},"headline":"Bernard Aubertin","datePublished":"2022-04-04T14:11:15+00:00","dateModified":"2024-02-02T10:34:06+00:00","mainEntityOfPage":{"@id":"https:\/\/kunsthallemessmer.de\/fr\/artistes\/bernard-aubertin\/"},"wordCount":319,"publisher":{"@id":"https:\/\/kunsthallemessmer.de\/fr\/#organization"},"articleSection":["Artistes"],"inLanguage":"fr-FR"},{"@type":"WebPage","@id":"https:\/\/kunsthallemessmer.de\/fr\/artistes\/bernard-aubertin\/","url":"https:\/\/kunsthallemessmer.de\/fr\/artistes\/bernard-aubertin\/","name":"Bernard Aubertin - Kunsthalle Messmer","isPartOf":{"@id":"https:\/\/kunsthallemessmer.de\/fr\/#website"},"datePublished":"2022-04-04T14:11:15+00:00","dateModified":"2024-02-02T10:34:06+00:00","breadcrumb":{"@id":"https:\/\/kunsthallemessmer.de\/fr\/artistes\/bernard-aubertin\/#breadcrumb"},"inLanguage":"fr-FR","potentialAction":[{"@type":"ReadAction","target":["https:\/\/kunsthallemessmer.de\/fr\/artistes\/bernard-aubertin\/"]}]},{"@type":"BreadcrumbList","@id":"https:\/\/kunsthallemessmer.de\/fr\/artistes\/bernard-aubertin\/#breadcrumb","itemListElement":[{"@type":"ListItem","position":1,"name":"Startseite","item":"https:\/\/kunsthallemessmer.de\/fr\/apercu\/"},{"@type":"ListItem","position":2,"name":"Bernard Aubertin"}]},{"@type":"WebSite","@id":"https:\/\/kunsthallemessmer.de\/fr\/#website","url":"https:\/\/kunsthallemessmer.de\/fr\/","name":"Kunsthalle Messmer","description":"Riegel am Kaiserstuhl","publisher":{"@id":"https:\/\/kunsthallemessmer.de\/fr\/#organization"},"potentialAction":[{"@type":"SearchAction","target":{"@type":"EntryPoint","urlTemplate":"https:\/\/kunsthallemessmer.de\/fr\/?s={search_term_string}"},"query-input":{"@type":"PropertyValueSpecification","valueRequired":true,"valueName":"search_term_string"}}],"inLanguage":"fr-FR"},{"@type":"Organization","@id":"https:\/\/kunsthallemessmer.de\/fr\/#organization","name":"Kunsthalle Messmer","url":"https:\/\/kunsthallemessmer.de\/fr\/","logo":{"@type":"ImageObject","inLanguage":"fr-FR","@id":"https:\/\/kunsthallemessmer.de\/fr\/#\/schema\/logo\/image\/","url":"https:\/\/kunsthallemessmer.de\/wp-content\/uploads\/2022\/04\/kunsthalle_messmer_pos-2-png.png","contentUrl":"https:\/\/kunsthallemessmer.de\/wp-content\/uploads\/2022\/04\/kunsthalle_messmer_pos-2-png.png","width":2412,"height":434,"caption":"Kunsthalle Messmer"},"image":{"@id":"https:\/\/kunsthallemessmer.de\/fr\/#\/schema\/logo\/image\/"}},{"@type":"Person","@id":"https:\/\/kunsthallemessmer.de\/fr\/#\/schema\/person\/24f7ee6ec431a05000425936de23c890","name":"Erik Lachfeld","image":{"@type":"ImageObject","inLanguage":"fr-FR","@id":"https:\/\/secure.gravatar.com\/avatar\/d5d42cc40010ba9998f57d7cebaf2952e1274f5c452ff570f85bbee0f9ecb43a?s=96&d=mm&r=g","url":"https:\/\/secure.gravatar.com\/avatar\/d5d42cc40010ba9998f57d7cebaf2952e1274f5c452ff570f85bbee0f9ecb43a?s=96&d=mm&r=g","contentUrl":"https:\/\/secure.gravatar.com\/avatar\/d5d42cc40010ba9998f57d7cebaf2952e1274f5c452ff570f85bbee0f9ecb43a?s=96&d=mm&r=g","caption":"Erik Lachfeld"},"url":"https:\/\/kunsthallemessmer.de\/fr\/author\/erik-lachfeld\/"}]}},"_links":{"self":[{"href":"https:\/\/kunsthallemessmer.de\/fr\/wp-json\/wp\/v2\/posts\/3479","targetHints":{"allow":["GET"]}}],"collection":[{"href":"https:\/\/kunsthallemessmer.de\/fr\/wp-json\/wp\/v2\/posts"}],"about":[{"href":"https:\/\/kunsthallemessmer.de\/fr\/wp-json\/wp\/v2\/types\/post"}],"author":[{"embeddable":true,"href":"https:\/\/kunsthallemessmer.de\/fr\/wp-json\/wp\/v2\/users\/3"}],"replies":[{"embeddable":true,"href":"https:\/\/kunsthallemessmer.de\/fr\/wp-json\/wp\/v2\/comments?post=3479"}],"version-history":[{"count":2,"href":"https:\/\/kunsthallemessmer.de\/fr\/wp-json\/wp\/v2\/posts\/3479\/revisions"}],"predecessor-version":[{"id":7352,"href":"https:\/\/kunsthallemessmer.de\/fr\/wp-json\/wp\/v2\/posts\/3479\/revisions\/7352"}],"wp:attachment":[{"href":"https:\/\/kunsthallemessmer.de\/fr\/wp-json\/wp\/v2\/media?parent=3479"}],"wp:term":[{"taxonomy":"category","embeddable":true,"href":"https:\/\/kunsthallemessmer.de\/fr\/wp-json\/wp\/v2\/categories?post=3479"},{"taxonomy":"post_tag","embeddable":true,"href":"https:\/\/kunsthallemessmer.de\/fr\/wp-json\/wp\/v2\/tags?post=3479"}],"curies":[{"name":"wp","href":"https:\/\/api.w.org\/{rel}","templated":true}]}}