{"id":3496,"date":"2022-04-08T09:52:49","date_gmt":"2022-04-08T07:52:49","guid":{"rendered":"https:\/\/kunsthallemessmer.de\/non-classifiee\/christo-et-jean-claude-objets-dessins-collages\/"},"modified":"2024-04-11T16:45:55","modified_gmt":"2024-04-11T14:45:55","slug":"christo-et-jean-claude-objets-dessins-collages","status":"publish","type":"post","link":"https:\/\/kunsthallemessmer.de\/fr\/exposition\/christo-et-jean-claude-objets-dessins-collages\/","title":{"rendered":"Christo et Jean-Claude &#8211; objets, dessins, collages"},"content":{"rendered":"\t\t<div data-elementor-type=\"wp-post\" data-elementor-id=\"3496\" class=\"elementor elementor-3496 elementor-1255\" data-elementor-post-type=\"post\">\n\t\t\t\t\t\t<section class=\"elementor-section elementor-top-section elementor-element elementor-element-f447778 elementor-section-boxed elementor-section-height-default elementor-section-height-default\" data-id=\"f447778\" data-element_type=\"section\" data-e-type=\"section\">\n\t\t\t\t\t\t<div class=\"elementor-container elementor-column-gap-default\">\n\t\t\t\t\t<div class=\"elementor-column elementor-col-100 elementor-top-column elementor-element elementor-element-b4566bb\" data-id=\"b4566bb\" data-element_type=\"column\" data-e-type=\"column\">\n\t\t\t<div class=\"elementor-widget-wrap elementor-element-populated\">\n\t\t\t\t\t\t<div class=\"elementor-element elementor-element-ed8e7a6 elementor-widget elementor-widget-heading\" data-id=\"ed8e7a6\" data-element_type=\"widget\" data-e-type=\"widget\" data-widget_type=\"heading.default\">\n\t\t\t\t<div class=\"elementor-widget-container\">\n\t\t\t\t\t<h2 class=\"elementor-heading-title elementor-size-default\">Christo et Jean-Claude &#8211; objets, dessins, collages<\/h2>\t\t\t\t<\/div>\n\t\t\t\t<\/div>\n\t\t\t\t<div class=\"elementor-element elementor-element-b630570 elementor-widget elementor-widget-heading\" data-id=\"b630570\" data-element_type=\"widget\" data-e-type=\"widget\" data-widget_type=\"heading.default\">\n\t\t\t\t<div class=\"elementor-widget-container\">\n\t\t\t\t\t<h2 class=\"elementor-heading-title elementor-size-default\">28\/01\/2017 \u2013 18\/06\/2017<\/h2>\t\t\t\t<\/div>\n\t\t\t\t<\/div>\n\t\t\t\t<div class=\"elementor-element elementor-element-8181408 elementor-widget elementor-widget-text-editor\" data-id=\"8181408\" data-element_type=\"widget\" data-e-type=\"widget\" data-widget_type=\"text-editor.default\">\n\t\t\t\t<div class=\"elementor-widget-container\">\n\t\t\t\t\t\t\t\t\t<p>L&rsquo;exposition de la galerie d&rsquo;art messmer propose une centaine d&rsquo;expositions &#8211; dont des dessins, des collages, des objets, des graphismes et des photos &#8211; pour pr\u00e9senter l&rsquo;\u00e9volution artistique d&rsquo;artistes d&rsquo;exception vers des \u0153uvres de plus en plus sophistiqu\u00e9es et exigeantes sur le plan technique. Il montre toutes les p\u00e9riodes cr\u00e9atives importantes, illustre et documente la m\u00e9thode de travail et couvre un large arc &#8211; en commen\u00e7ant par les premi\u00e8res \u0153uvres, jusqu&rsquo;aux projets de renomm\u00e9e mondiale tels que les \u00ab\u00a0\u00celes Entour\u00e9es\u00a0\u00bb, le Pont Neuf, les \u00ab\u00a0Parapluies\u00a0\u00bb au Japon et Californie, et le Reichstag emball\u00e9 \u00e0 Berlin ou les \u00ab\u00a0Gates\u00a0\u00bb \u00e0 New York.<\/p>\n<p>Christo et Jeanne-Claude &#8211; deux noms qui sont imm\u00e9diatement et inextricablement li\u00e9s dans notre m\u00e9moire \u00e0 une \u0153uvre indubitable ! L&rsquo;artiste am\u00e9ricain de renomm\u00e9e mondiale, n\u00e9 \u00e0 Gabrovo, en Bulgarie, en 1935, continue de fasciner les gens avec ses projets artistiques spectaculaires, qui sont r\u00e9alis\u00e9s avec un effort \u00e9norme, dans lesquels il transforme toujours des id\u00e9es merveilleusement folles en r\u00e9alit\u00e9 avec beaucoup de charme, d&rsquo;esprit et un esprit d&rsquo;analyse aiguis\u00e9. Les exp\u00e9riences artistiques uniques et formatrices, pour la plupart pr\u00e9sent\u00e9es en plein air, restent ancr\u00e9es dans la m\u00e9moire artistique collective de toute une soci\u00e9t\u00e9 pendant des d\u00e9cennies.<\/p>\n\t\t\t\t\t\t\t\t<\/div>\n\t\t\t\t<\/div>\n\t\t\t\t<div class=\"elementor-element elementor-element-df4e022 elementor-widget elementor-widget-image\" data-id=\"df4e022\" data-element_type=\"widget\" data-e-type=\"widget\" data-widget_type=\"image.default\">\n\t\t\t\t<div class=\"elementor-widget-container\">\n\t\t\t\t\t\t\t\t\t\t\t\t\t\t\t\t<a href=\"https:\/\/kunsthallemessmer.de\/wp-content\/uploads\/2022\/04\/Mastaba-Collage-HR-768x967-1.jpg\" data-elementor-open-lightbox=\"yes\" data-e-action-hash=\"#elementor-action%3Aaction%3Dlightbox%26settings%3DeyJpZCI6MzE3NSwidXJsIjoiaHR0cHM6XC9cL2t1bnN0aGFsbGVtZXNzbWVyLmRlXC93cC1jb250ZW50XC91cGxvYWRzXC8yMDIyXC8wNFwvTWFzdGFiYS1Db2xsYWdlLUhSLTc2OHg5NjctMS5qcGcifQ%3D%3D\">\n\t\t\t\t\t\t\t<img decoding=\"async\" src=\"https:\/\/kunsthallemessmer.de\/wp-content\/uploads\/elementor\/thumbs\/Mastaba-Collage-HR-768x967-1-pnwjy85a17xg5yk6v0hpwomfhcqnu2tbdn836fu8zk.jpg\" title=\"Mastaba-Collage-HR-768&#215;967\" alt=\"Mastaba-Collage-HR-768x967\" loading=\"lazy\" \/>\t\t\t\t\t\t\t\t<\/a>\n\t\t\t\t\t\t\t\t\t\t\t\t\t\t\t<\/div>\n\t\t\t\t<\/div>\n\t\t\t\t<div class=\"elementor-element elementor-element-98739e5 elementor-widget elementor-widget-text-editor\" data-id=\"98739e5\" data-element_type=\"widget\" data-e-type=\"widget\" data-widget_type=\"text-editor.default\">\n\t\t\t\t<div class=\"elementor-widget-container\">\n\t\t\t\t\t\t\t\t\t<p>Le couple d&rsquo;artistes finance lui-m\u00eame ses projets et permet aux visiteurs d&rsquo;y participer gratuitement. Les \u0153uvres d&rsquo;art temporaires, qui ne peuvent \u00eatre admir\u00e9es que quelques jours ou quelques semaines, se perp\u00e9tuent \u00e0 travers dessins, photos, collages et \u00e9ditions et sont ainsi conserv\u00e9es au-del\u00e0 de la dur\u00e9e du projet proprement dit.<\/p>\n<p>Au d\u00e9but de sa carri\u00e8re, Christo liait principalement des objets du quotidien avec de la ficelle, du papier, du tissu et du ruban adh\u00e9sif &#8211; sa r\u00e9ponse critique \u00e0 l&rsquo;exag\u00e9ration iconique des biens commerciaux propag\u00e9e par les artistes du Pop Art et \u00e0 l&rsquo;esth\u00e9tique de l&#8217;emballage de notre soci\u00e9t\u00e9, qui recherche de plus en plus la perfection. . Cependant, il serait trop unidimensionnel de r\u00e9duire ses \u0153uvres \u00e0 une pure critique de consommation. Il s&rsquo;agit plut\u00f4t d&rsquo;exp\u00e9rimentations et de jeux avec l&rsquo;esth\u00e9tique d&rsquo;un objet voil\u00e9, d&rsquo;un b\u00e2timent ou de parties d&rsquo;un paysage qui est temporairement cach\u00e9 \u00e0 la vue du spectateur, mais dont les contours sont toujours reconnaissables et restent ainsi un souvenir de lui-m\u00eame.<\/p>\n\t\t\t\t\t\t\t\t<\/div>\n\t\t\t\t<\/div>\n\t\t\t\t\t<\/div>\n\t\t<\/div>\n\t\t\t\t\t<\/div>\n\t\t<\/section>\n\t\t\t\t<\/div>\n\t\t","protected":false},"excerpt":{"rendered":"<p>28\/01\/2017 \u2013 18\/06\/2017<\/p>\n","protected":false},"author":3,"featured_media":0,"comment_status":"closed","ping_status":"open","sticky":false,"template":"","format":"standard","meta":{"footnotes":""},"categories":[17],"tags":[],"class_list":["post-3496","post","type-post","status-publish","format-standard","hentry","category-exposition"],"yoast_head":"<!-- This site is optimized with the Yoast SEO plugin v27.5 - https:\/\/yoast.com\/product\/yoast-seo-wordpress\/ -->\n<title>Christo et Jean-Claude - objets, dessins, collages - Kunsthalle Messmer<\/title>\n<meta name=\"robots\" content=\"index, follow, max-snippet:-1, max-image-preview:large, max-video-preview:-1\" \/>\n<link rel=\"canonical\" href=\"https:\/\/kunsthallemessmer.de\/fr\/exposition\/christo-et-jean-claude-objets-dessins-collages\/\" \/>\n<meta property=\"og:locale\" content=\"fr_FR\" \/>\n<meta property=\"og:type\" content=\"article\" \/>\n<meta property=\"og:title\" content=\"Christo et Jean-Claude - objets, dessins, collages - Kunsthalle Messmer\" \/>\n<meta property=\"og:description\" content=\"28\/01\/2017 \u2013 18\/06\/2017\" \/>\n<meta property=\"og:url\" content=\"https:\/\/kunsthallemessmer.de\/fr\/exposition\/christo-et-jean-claude-objets-dessins-collages\/\" \/>\n<meta property=\"og:site_name\" content=\"Kunsthalle Messmer\" \/>\n<meta property=\"article:published_time\" content=\"2022-04-08T07:52:49+00:00\" \/>\n<meta property=\"article:modified_time\" content=\"2024-04-11T14:45:55+00:00\" \/>\n<meta property=\"og:image\" content=\"https:\/\/kunsthallemessmer.de\/wp-content\/uploads\/elementor\/thumbs\/Mastaba-Collage-HR-768x967-1-pnwjy85a17xg5yk6v0hpwomfhcqnu2tbdn836fu8zk.jpg\" \/>\n<meta name=\"author\" content=\"Erik Lachfeld\" \/>\n<meta name=\"twitter:card\" content=\"summary_large_image\" \/>\n<meta name=\"twitter:label1\" content=\"\u00c9crit par\" \/>\n\t<meta name=\"twitter:data1\" content=\"Erik Lachfeld\" \/>\n\t<meta name=\"twitter:label2\" content=\"Dur\u00e9e de lecture estim\u00e9e\" \/>\n\t<meta name=\"twitter:data2\" content=\"2 minutes\" \/>\n<script type=\"application\/ld+json\" class=\"yoast-schema-graph\">{\"@context\":\"https:\\\/\\\/schema.org\",\"@graph\":[{\"@type\":\"Article\",\"@id\":\"https:\\\/\\\/kunsthallemessmer.de\\\/fr\\\/exposition\\\/christo-et-jean-claude-objets-dessins-collages\\\/#article\",\"isPartOf\":{\"@id\":\"https:\\\/\\\/kunsthallemessmer.de\\\/fr\\\/exposition\\\/christo-et-jean-claude-objets-dessins-collages\\\/\"},\"author\":{\"name\":\"Erik Lachfeld\",\"@id\":\"https:\\\/\\\/kunsthallemessmer.de\\\/fr\\\/#\\\/schema\\\/person\\\/24f7ee6ec431a05000425936de23c890\"},\"headline\":\"Christo et Jean-Claude &#8211; objets, dessins, collages\",\"datePublished\":\"2022-04-08T07:52:49+00:00\",\"dateModified\":\"2024-04-11T14:45:55+00:00\",\"mainEntityOfPage\":{\"@id\":\"https:\\\/\\\/kunsthallemessmer.de\\\/fr\\\/exposition\\\/christo-et-jean-claude-objets-dessins-collages\\\/\"},\"wordCount\":424,\"publisher\":{\"@id\":\"https:\\\/\\\/kunsthallemessmer.de\\\/fr\\\/#organization\"},\"image\":{\"@id\":\"https:\\\/\\\/kunsthallemessmer.de\\\/fr\\\/exposition\\\/christo-et-jean-claude-objets-dessins-collages\\\/#primaryimage\"},\"thumbnailUrl\":\"https:\\\/\\\/kunsthallemessmer.de\\\/wp-content\\\/uploads\\\/elementor\\\/thumbs\\\/Mastaba-Collage-HR-768x967-1-pnwjy85a17xg5yk6v0hpwomfhcqnu2tbdn836fu8zk.jpg\",\"articleSection\":[\"exposition\"],\"inLanguage\":\"fr-FR\"},{\"@type\":\"WebPage\",\"@id\":\"https:\\\/\\\/kunsthallemessmer.de\\\/fr\\\/exposition\\\/christo-et-jean-claude-objets-dessins-collages\\\/\",\"url\":\"https:\\\/\\\/kunsthallemessmer.de\\\/fr\\\/exposition\\\/christo-et-jean-claude-objets-dessins-collages\\\/\",\"name\":\"Christo et Jean-Claude - objets, dessins, collages - Kunsthalle Messmer\",\"isPartOf\":{\"@id\":\"https:\\\/\\\/kunsthallemessmer.de\\\/fr\\\/#website\"},\"primaryImageOfPage\":{\"@id\":\"https:\\\/\\\/kunsthallemessmer.de\\\/fr\\\/exposition\\\/christo-et-jean-claude-objets-dessins-collages\\\/#primaryimage\"},\"image\":{\"@id\":\"https:\\\/\\\/kunsthallemessmer.de\\\/fr\\\/exposition\\\/christo-et-jean-claude-objets-dessins-collages\\\/#primaryimage\"},\"thumbnailUrl\":\"https:\\\/\\\/kunsthallemessmer.de\\\/wp-content\\\/uploads\\\/elementor\\\/thumbs\\\/Mastaba-Collage-HR-768x967-1-pnwjy85a17xg5yk6v0hpwomfhcqnu2tbdn836fu8zk.jpg\",\"datePublished\":\"2022-04-08T07:52:49+00:00\",\"dateModified\":\"2024-04-11T14:45:55+00:00\",\"breadcrumb\":{\"@id\":\"https:\\\/\\\/kunsthallemessmer.de\\\/fr\\\/exposition\\\/christo-et-jean-claude-objets-dessins-collages\\\/#breadcrumb\"},\"inLanguage\":\"fr-FR\",\"potentialAction\":[{\"@type\":\"ReadAction\",\"target\":[\"https:\\\/\\\/kunsthallemessmer.de\\\/fr\\\/exposition\\\/christo-et-jean-claude-objets-dessins-collages\\\/\"]}]},{\"@type\":\"ImageObject\",\"inLanguage\":\"fr-FR\",\"@id\":\"https:\\\/\\\/kunsthallemessmer.de\\\/fr\\\/exposition\\\/christo-et-jean-claude-objets-dessins-collages\\\/#primaryimage\",\"url\":\"https:\\\/\\\/kunsthallemessmer.de\\\/wp-content\\\/uploads\\\/elementor\\\/thumbs\\\/Mastaba-Collage-HR-768x967-1-pnwjy85a17xg5yk6v0hpwomfhcqnu2tbdn836fu8zk.jpg\",\"contentUrl\":\"https:\\\/\\\/kunsthallemessmer.de\\\/wp-content\\\/uploads\\\/elementor\\\/thumbs\\\/Mastaba-Collage-HR-768x967-1-pnwjy85a17xg5yk6v0hpwomfhcqnu2tbdn836fu8zk.jpg\"},{\"@type\":\"BreadcrumbList\",\"@id\":\"https:\\\/\\\/kunsthallemessmer.de\\\/fr\\\/exposition\\\/christo-et-jean-claude-objets-dessins-collages\\\/#breadcrumb\",\"itemListElement\":[{\"@type\":\"ListItem\",\"position\":1,\"name\":\"Startseite\",\"item\":\"https:\\\/\\\/kunsthallemessmer.de\\\/fr\\\/apercu\\\/\"},{\"@type\":\"ListItem\",\"position\":2,\"name\":\"Christo et Jean-Claude &#8211; objets, dessins, collages\"}]},{\"@type\":\"WebSite\",\"@id\":\"https:\\\/\\\/kunsthallemessmer.de\\\/fr\\\/#website\",\"url\":\"https:\\\/\\\/kunsthallemessmer.de\\\/fr\\\/\",\"name\":\"Kunsthalle Messmer\",\"description\":\"Riegel am Kaiserstuhl\",\"publisher\":{\"@id\":\"https:\\\/\\\/kunsthallemessmer.de\\\/fr\\\/#organization\"},\"potentialAction\":[{\"@type\":\"SearchAction\",\"target\":{\"@type\":\"EntryPoint\",\"urlTemplate\":\"https:\\\/\\\/kunsthallemessmer.de\\\/fr\\\/?s={search_term_string}\"},\"query-input\":{\"@type\":\"PropertyValueSpecification\",\"valueRequired\":true,\"valueName\":\"search_term_string\"}}],\"inLanguage\":\"fr-FR\"},{\"@type\":\"Organization\",\"@id\":\"https:\\\/\\\/kunsthallemessmer.de\\\/fr\\\/#organization\",\"name\":\"Kunsthalle Messmer\",\"url\":\"https:\\\/\\\/kunsthallemessmer.de\\\/fr\\\/\",\"logo\":{\"@type\":\"ImageObject\",\"inLanguage\":\"fr-FR\",\"@id\":\"https:\\\/\\\/kunsthallemessmer.de\\\/fr\\\/#\\\/schema\\\/logo\\\/image\\\/\",\"url\":\"https:\\\/\\\/kunsthallemessmer.de\\\/wp-content\\\/uploads\\\/2022\\\/04\\\/kunsthalle_messmer_pos-2-png.png\",\"contentUrl\":\"https:\\\/\\\/kunsthallemessmer.de\\\/wp-content\\\/uploads\\\/2022\\\/04\\\/kunsthalle_messmer_pos-2-png.png\",\"width\":2412,\"height\":434,\"caption\":\"Kunsthalle Messmer\"},\"image\":{\"@id\":\"https:\\\/\\\/kunsthallemessmer.de\\\/fr\\\/#\\\/schema\\\/logo\\\/image\\\/\"}},{\"@type\":\"Person\",\"@id\":\"https:\\\/\\\/kunsthallemessmer.de\\\/fr\\\/#\\\/schema\\\/person\\\/24f7ee6ec431a05000425936de23c890\",\"name\":\"Erik Lachfeld\",\"image\":{\"@type\":\"ImageObject\",\"inLanguage\":\"fr-FR\",\"@id\":\"https:\\\/\\\/secure.gravatar.com\\\/avatar\\\/d5d42cc40010ba9998f57d7cebaf2952e1274f5c452ff570f85bbee0f9ecb43a?s=96&d=mm&r=g\",\"url\":\"https:\\\/\\\/secure.gravatar.com\\\/avatar\\\/d5d42cc40010ba9998f57d7cebaf2952e1274f5c452ff570f85bbee0f9ecb43a?s=96&d=mm&r=g\",\"contentUrl\":\"https:\\\/\\\/secure.gravatar.com\\\/avatar\\\/d5d42cc40010ba9998f57d7cebaf2952e1274f5c452ff570f85bbee0f9ecb43a?s=96&d=mm&r=g\",\"caption\":\"Erik Lachfeld\"},\"url\":\"https:\\\/\\\/kunsthallemessmer.de\\\/fr\\\/author\\\/erik-lachfeld\\\/\"}]}<\/script>\n<!-- \/ Yoast SEO plugin. -->","yoast_head_json":{"title":"Christo et Jean-Claude - objets, dessins, collages - Kunsthalle Messmer","robots":{"index":"index","follow":"follow","max-snippet":"max-snippet:-1","max-image-preview":"max-image-preview:large","max-video-preview":"max-video-preview:-1"},"canonical":"https:\/\/kunsthallemessmer.de\/fr\/exposition\/christo-et-jean-claude-objets-dessins-collages\/","og_locale":"fr_FR","og_type":"article","og_title":"Christo et Jean-Claude - objets, dessins, collages - Kunsthalle Messmer","og_description":"28\/01\/2017 \u2013 18\/06\/2017","og_url":"https:\/\/kunsthallemessmer.de\/fr\/exposition\/christo-et-jean-claude-objets-dessins-collages\/","og_site_name":"Kunsthalle Messmer","article_published_time":"2022-04-08T07:52:49+00:00","article_modified_time":"2024-04-11T14:45:55+00:00","og_image":[{"url":"https:\/\/kunsthallemessmer.de\/wp-content\/uploads\/elementor\/thumbs\/Mastaba-Collage-HR-768x967-1-pnwjy85a17xg5yk6v0hpwomfhcqnu2tbdn836fu8zk.jpg","type":"","width":"","height":""}],"author":"Erik Lachfeld","twitter_card":"summary_large_image","twitter_misc":{"\u00c9crit par":"Erik Lachfeld","Dur\u00e9e de lecture estim\u00e9e":"2 minutes"},"schema":{"@context":"https:\/\/schema.org","@graph":[{"@type":"Article","@id":"https:\/\/kunsthallemessmer.de\/fr\/exposition\/christo-et-jean-claude-objets-dessins-collages\/#article","isPartOf":{"@id":"https:\/\/kunsthallemessmer.de\/fr\/exposition\/christo-et-jean-claude-objets-dessins-collages\/"},"author":{"name":"Erik Lachfeld","@id":"https:\/\/kunsthallemessmer.de\/fr\/#\/schema\/person\/24f7ee6ec431a05000425936de23c890"},"headline":"Christo et Jean-Claude &#8211; objets, dessins, collages","datePublished":"2022-04-08T07:52:49+00:00","dateModified":"2024-04-11T14:45:55+00:00","mainEntityOfPage":{"@id":"https:\/\/kunsthallemessmer.de\/fr\/exposition\/christo-et-jean-claude-objets-dessins-collages\/"},"wordCount":424,"publisher":{"@id":"https:\/\/kunsthallemessmer.de\/fr\/#organization"},"image":{"@id":"https:\/\/kunsthallemessmer.de\/fr\/exposition\/christo-et-jean-claude-objets-dessins-collages\/#primaryimage"},"thumbnailUrl":"https:\/\/kunsthallemessmer.de\/wp-content\/uploads\/elementor\/thumbs\/Mastaba-Collage-HR-768x967-1-pnwjy85a17xg5yk6v0hpwomfhcqnu2tbdn836fu8zk.jpg","articleSection":["exposition"],"inLanguage":"fr-FR"},{"@type":"WebPage","@id":"https:\/\/kunsthallemessmer.de\/fr\/exposition\/christo-et-jean-claude-objets-dessins-collages\/","url":"https:\/\/kunsthallemessmer.de\/fr\/exposition\/christo-et-jean-claude-objets-dessins-collages\/","name":"Christo et Jean-Claude - objets, dessins, collages - Kunsthalle Messmer","isPartOf":{"@id":"https:\/\/kunsthallemessmer.de\/fr\/#website"},"primaryImageOfPage":{"@id":"https:\/\/kunsthallemessmer.de\/fr\/exposition\/christo-et-jean-claude-objets-dessins-collages\/#primaryimage"},"image":{"@id":"https:\/\/kunsthallemessmer.de\/fr\/exposition\/christo-et-jean-claude-objets-dessins-collages\/#primaryimage"},"thumbnailUrl":"https:\/\/kunsthallemessmer.de\/wp-content\/uploads\/elementor\/thumbs\/Mastaba-Collage-HR-768x967-1-pnwjy85a17xg5yk6v0hpwomfhcqnu2tbdn836fu8zk.jpg","datePublished":"2022-04-08T07:52:49+00:00","dateModified":"2024-04-11T14:45:55+00:00","breadcrumb":{"@id":"https:\/\/kunsthallemessmer.de\/fr\/exposition\/christo-et-jean-claude-objets-dessins-collages\/#breadcrumb"},"inLanguage":"fr-FR","potentialAction":[{"@type":"ReadAction","target":["https:\/\/kunsthallemessmer.de\/fr\/exposition\/christo-et-jean-claude-objets-dessins-collages\/"]}]},{"@type":"ImageObject","inLanguage":"fr-FR","@id":"https:\/\/kunsthallemessmer.de\/fr\/exposition\/christo-et-jean-claude-objets-dessins-collages\/#primaryimage","url":"https:\/\/kunsthallemessmer.de\/wp-content\/uploads\/elementor\/thumbs\/Mastaba-Collage-HR-768x967-1-pnwjy85a17xg5yk6v0hpwomfhcqnu2tbdn836fu8zk.jpg","contentUrl":"https:\/\/kunsthallemessmer.de\/wp-content\/uploads\/elementor\/thumbs\/Mastaba-Collage-HR-768x967-1-pnwjy85a17xg5yk6v0hpwomfhcqnu2tbdn836fu8zk.jpg"},{"@type":"BreadcrumbList","@id":"https:\/\/kunsthallemessmer.de\/fr\/exposition\/christo-et-jean-claude-objets-dessins-collages\/#breadcrumb","itemListElement":[{"@type":"ListItem","position":1,"name":"Startseite","item":"https:\/\/kunsthallemessmer.de\/fr\/apercu\/"},{"@type":"ListItem","position":2,"name":"Christo et Jean-Claude &#8211; objets, dessins, collages"}]},{"@type":"WebSite","@id":"https:\/\/kunsthallemessmer.de\/fr\/#website","url":"https:\/\/kunsthallemessmer.de\/fr\/","name":"Kunsthalle Messmer","description":"Riegel am Kaiserstuhl","publisher":{"@id":"https:\/\/kunsthallemessmer.de\/fr\/#organization"},"potentialAction":[{"@type":"SearchAction","target":{"@type":"EntryPoint","urlTemplate":"https:\/\/kunsthallemessmer.de\/fr\/?s={search_term_string}"},"query-input":{"@type":"PropertyValueSpecification","valueRequired":true,"valueName":"search_term_string"}}],"inLanguage":"fr-FR"},{"@type":"Organization","@id":"https:\/\/kunsthallemessmer.de\/fr\/#organization","name":"Kunsthalle Messmer","url":"https:\/\/kunsthallemessmer.de\/fr\/","logo":{"@type":"ImageObject","inLanguage":"fr-FR","@id":"https:\/\/kunsthallemessmer.de\/fr\/#\/schema\/logo\/image\/","url":"https:\/\/kunsthallemessmer.de\/wp-content\/uploads\/2022\/04\/kunsthalle_messmer_pos-2-png.png","contentUrl":"https:\/\/kunsthallemessmer.de\/wp-content\/uploads\/2022\/04\/kunsthalle_messmer_pos-2-png.png","width":2412,"height":434,"caption":"Kunsthalle Messmer"},"image":{"@id":"https:\/\/kunsthallemessmer.de\/fr\/#\/schema\/logo\/image\/"}},{"@type":"Person","@id":"https:\/\/kunsthallemessmer.de\/fr\/#\/schema\/person\/24f7ee6ec431a05000425936de23c890","name":"Erik Lachfeld","image":{"@type":"ImageObject","inLanguage":"fr-FR","@id":"https:\/\/secure.gravatar.com\/avatar\/d5d42cc40010ba9998f57d7cebaf2952e1274f5c452ff570f85bbee0f9ecb43a?s=96&d=mm&r=g","url":"https:\/\/secure.gravatar.com\/avatar\/d5d42cc40010ba9998f57d7cebaf2952e1274f5c452ff570f85bbee0f9ecb43a?s=96&d=mm&r=g","contentUrl":"https:\/\/secure.gravatar.com\/avatar\/d5d42cc40010ba9998f57d7cebaf2952e1274f5c452ff570f85bbee0f9ecb43a?s=96&d=mm&r=g","caption":"Erik Lachfeld"},"url":"https:\/\/kunsthallemessmer.de\/fr\/author\/erik-lachfeld\/"}]}},"_links":{"self":[{"href":"https:\/\/kunsthallemessmer.de\/fr\/wp-json\/wp\/v2\/posts\/3496","targetHints":{"allow":["GET"]}}],"collection":[{"href":"https:\/\/kunsthallemessmer.de\/fr\/wp-json\/wp\/v2\/posts"}],"about":[{"href":"https:\/\/kunsthallemessmer.de\/fr\/wp-json\/wp\/v2\/types\/post"}],"author":[{"embeddable":true,"href":"https:\/\/kunsthallemessmer.de\/fr\/wp-json\/wp\/v2\/users\/3"}],"replies":[{"embeddable":true,"href":"https:\/\/kunsthallemessmer.de\/fr\/wp-json\/wp\/v2\/comments?post=3496"}],"version-history":[{"count":2,"href":"https:\/\/kunsthallemessmer.de\/fr\/wp-json\/wp\/v2\/posts\/3496\/revisions"}],"predecessor-version":[{"id":8264,"href":"https:\/\/kunsthallemessmer.de\/fr\/wp-json\/wp\/v2\/posts\/3496\/revisions\/8264"}],"wp:attachment":[{"href":"https:\/\/kunsthallemessmer.de\/fr\/wp-json\/wp\/v2\/media?parent=3496"}],"wp:term":[{"taxonomy":"category","embeddable":true,"href":"https:\/\/kunsthallemessmer.de\/fr\/wp-json\/wp\/v2\/categories?post=3496"},{"taxonomy":"post_tag","embeddable":true,"href":"https:\/\/kunsthallemessmer.de\/fr\/wp-json\/wp\/v2\/tags?post=3496"}],"curies":[{"name":"wp","href":"https:\/\/api.w.org\/{rel}","templated":true}]}}