{"id":3510,"date":"2022-04-07T21:57:51","date_gmt":"2022-04-07T19:57:51","guid":{"rendered":"https:\/\/kunsthallemessmer.de\/non-classifiee\/mondes-visuels-fantastiques-tableaux-et-sculptures\/"},"modified":"2024-04-11T16:47:23","modified_gmt":"2024-04-11T14:47:23","slug":"mondes-visuels-fantastiques-tableaux-et-sculptures","status":"publish","type":"post","link":"https:\/\/kunsthallemessmer.de\/fr\/exposition\/mondes-visuels-fantastiques-tableaux-et-sculptures\/","title":{"rendered":"Mondes visuels fantastiques Tableaux et sculptures"},"content":{"rendered":"\t\t<div data-elementor-type=\"wp-post\" data-elementor-id=\"3510\" class=\"elementor elementor-3510 elementor-1034\" data-elementor-post-type=\"post\">\n\t\t\t\t\t\t<section class=\"elementor-section elementor-top-section elementor-element elementor-element-06a66da elementor-section-boxed elementor-section-height-default elementor-section-height-default\" data-id=\"06a66da\" data-element_type=\"section\" data-e-type=\"section\">\n\t\t\t\t\t\t<div class=\"elementor-container elementor-column-gap-default\">\n\t\t\t\t\t<div class=\"elementor-column elementor-col-100 elementor-top-column elementor-element elementor-element-746e2a8\" data-id=\"746e2a8\" data-element_type=\"column\" data-e-type=\"column\">\n\t\t\t<div class=\"elementor-widget-wrap elementor-element-populated\">\n\t\t\t\t\t\t<div class=\"elementor-element elementor-element-98ffba0 elementor-widget elementor-widget-heading\" data-id=\"98ffba0\" data-element_type=\"widget\" data-e-type=\"widget\" data-widget_type=\"heading.default\">\n\t\t\t\t<div class=\"elementor-widget-container\">\n\t\t\t\t\t<h2 class=\"elementor-heading-title elementor-size-default\">Mondes visuels fantastiques Tableaux et sculptures<\/h2>\t\t\t\t<\/div>\n\t\t\t\t<\/div>\n\t\t\t\t<div class=\"elementor-element elementor-element-ffeddb4 elementor-widget elementor-widget-heading\" data-id=\"ffeddb4\" data-element_type=\"widget\" data-e-type=\"widget\" data-widget_type=\"heading.default\">\n\t\t\t\t<div class=\"elementor-widget-container\">\n\t\t\t\t\t<h2 class=\"elementor-heading-title elementor-size-default\">26\/09\/2020 \u2013 28\/03\/2021<\/h2>\t\t\t\t<\/div>\n\t\t\t\t<\/div>\n\t\t\t\t<div class=\"elementor-element elementor-element-324a7bc elementor-widget elementor-widget-text-editor\" data-id=\"324a7bc\" data-element_type=\"widget\" data-e-type=\"widget\" data-widget_type=\"text-editor.default\">\n\t\t\t\t<div class=\"elementor-widget-container\">\n\t\t\t\t\t\t\t\t\t<p>J\u00fcrgen A. Messmer&nbsp;:<br \/><em>\u00ab Au d\u00e9part, je voulais faire une exposition ax\u00e9e sur l&rsquo;illusion d&rsquo;optique. On parle de 160 fa\u00e7ons diff\u00e9rentes de tromper l&rsquo;\u0153il, mais j&rsquo;ai r\u00e9alis\u00e9 par moi-m\u00eame que cela peut \u00eatre v\u00e9cu \u00e0 une grande vari\u00e9t\u00e9 de niveaux sensoriels. Le r\u00e9sultat : \u00e0 mon avis, cette exposition est l&rsquo;une des plus belles expositions que j&rsquo;aie jamais organis\u00e9es !<\/em><\/p>\n\t\t\t\t\t\t\t\t<\/div>\n\t\t\t\t<\/div>\n\t\t\t\t<section class=\"elementor-section elementor-inner-section elementor-element elementor-element-356db78 elementor-section-boxed elementor-section-height-default elementor-section-height-default\" data-id=\"356db78\" data-element_type=\"section\" data-e-type=\"section\">\n\t\t\t\t\t\t<div class=\"elementor-container elementor-column-gap-no\">\n\t\t\t\t\t<div class=\"elementor-column elementor-col-50 elementor-inner-column elementor-element elementor-element-2a37e3e\" data-id=\"2a37e3e\" data-element_type=\"column\" data-e-type=\"column\">\n\t\t\t<div class=\"elementor-widget-wrap elementor-element-populated\">\n\t\t\t\t\t\t<div class=\"elementor-element elementor-element-dee1451 elementor-widget elementor-widget-image\" data-id=\"dee1451\" data-element_type=\"widget\" data-e-type=\"widget\" data-widget_type=\"image.default\">\n\t\t\t\t<div class=\"elementor-widget-container\">\n\t\t\t\t\t\t\t\t\t\t\t\t<figure class=\"wp-caption\">\n\t\t\t\t\t\t\t\t\t\t<img fetchpriority=\"high\" decoding=\"async\" width=\"800\" height=\"930\" src=\"https:\/\/kunsthallemessmer.de\/wp-content\/uploads\/2022\/04\/Cecile-Plaisance-Dyptique-Nun-Alex-Baby-Dune-\u00a9-Cecile-Plaisance-2-881x1024-1.jpg\" class=\"attachment-large size-large wp-image-3015\" alt=\"\" srcset=\"https:\/\/kunsthallemessmer.de\/wp-content\/uploads\/2022\/04\/Cecile-Plaisance-Dyptique-Nun-Alex-Baby-Dune-\u00a9-Cecile-Plaisance-2-881x1024-1.jpg 881w, https:\/\/kunsthallemessmer.de\/wp-content\/uploads\/2022\/04\/Cecile-Plaisance-Dyptique-Nun-Alex-Baby-Dune-\u00a9-Cecile-Plaisance-2-881x1024-1-258x300.jpg 258w, https:\/\/kunsthallemessmer.de\/wp-content\/uploads\/2022\/04\/Cecile-Plaisance-Dyptique-Nun-Alex-Baby-Dune-\u00a9-Cecile-Plaisance-2-881x1024-1-768x893.jpg 768w\" sizes=\"(max-width: 800px) 100vw, 800px\" \/>\t\t\t\t\t\t\t\t\t\t\t<figcaption class=\"widget-image-caption wp-caption-text\">C\u00e9cile Plaisane, Dyptique Nun Alex &amp; Baby Dune \u00a9 C\u00e9cile Plaisance<\/figcaption>\n\t\t\t\t\t\t\t\t\t\t<\/figure>\n\t\t\t\t\t\t\t\t\t<\/div>\n\t\t\t\t<\/div>\n\t\t\t\t\t<\/div>\n\t\t<\/div>\n\t\t\t\t<div class=\"elementor-column elementor-col-50 elementor-inner-column elementor-element elementor-element-b7ee2f4\" data-id=\"b7ee2f4\" data-element_type=\"column\" data-e-type=\"column\">\n\t\t\t<div class=\"elementor-widget-wrap elementor-element-populated\">\n\t\t\t\t\t\t<div class=\"elementor-element elementor-element-04fea19 elementor-widget elementor-widget-text-editor\" data-id=\"04fea19\" data-element_type=\"widget\" data-e-type=\"widget\" data-widget_type=\"text-editor.default\">\n\t\t\t\t<div class=\"elementor-widget-container\">\n\t\t\t\t\t\t\t\t\t<p><strong>Notre motif principal : La renomm\u00e9e internationale C\u00e9cile Plaisance est la laur\u00e9ate 2018 du plus grand concours photo au monde du magazine PHOTO. Elle s&rsquo;est impos\u00e9e face \u00e0 50 000 concurrents et a depuis \u00e9t\u00e9 vue dans des galeries du monde entier.<\/strong><\/p>\n\t\t\t\t\t\t\t\t<\/div>\n\t\t\t\t<\/div>\n\t\t\t\t\t<\/div>\n\t\t<\/div>\n\t\t\t\t\t<\/div>\n\t\t<\/section>\n\t\t\t\t<div class=\"elementor-element elementor-element-e53b825 elementor-widget elementor-widget-text-editor\" data-id=\"e53b825\" data-element_type=\"widget\" data-e-type=\"widget\" data-widget_type=\"text-editor.default\">\n\t\t\t\t<div class=\"elementor-widget-container\">\n\t\t\t\t\t\t\t\t\t<p>La galerie d&rsquo;art messmer pr\u00e9sente l&rsquo;exposition de groupe diversifi\u00e9e \u00ab\u00a0Fantastic Visual Worlds\u00a0\u00bb. Les diff\u00e9rentes positions de 27 artistes contemporains de renomm\u00e9e internationale ainsi que de c\u00e9l\u00e8bres repr\u00e9sentants du modernisme sur le th\u00e8me de la perception et du monde sensoriel dans lequel nous vivons sont pr\u00e9sent\u00e9es.<\/p>\n\t\t\t\t\t\t\t\t<\/div>\n\t\t\t\t<\/div>\n\t\t\t\t<div class=\"elementor-element elementor-element-6befbd3 elementor-widget elementor-widget-gallery\" data-id=\"6befbd3\" data-element_type=\"widget\" data-e-type=\"widget\" data-settings=\"{&quot;gallery_layout&quot;:&quot;justified&quot;,&quot;ideal_row_height&quot;:{&quot;unit&quot;:&quot;px&quot;,&quot;size&quot;:400,&quot;sizes&quot;:[]},&quot;lazyload&quot;:&quot;yes&quot;,&quot;ideal_row_height_tablet&quot;:{&quot;unit&quot;:&quot;px&quot;,&quot;size&quot;:150,&quot;sizes&quot;:[]},&quot;ideal_row_height_mobile&quot;:{&quot;unit&quot;:&quot;px&quot;,&quot;size&quot;:150,&quot;sizes&quot;:[]},&quot;gap&quot;:{&quot;unit&quot;:&quot;px&quot;,&quot;size&quot;:10,&quot;sizes&quot;:[]},&quot;gap_tablet&quot;:{&quot;unit&quot;:&quot;px&quot;,&quot;size&quot;:10,&quot;sizes&quot;:[]},&quot;gap_mobile&quot;:{&quot;unit&quot;:&quot;px&quot;,&quot;size&quot;:10,&quot;sizes&quot;:[]},&quot;link_to&quot;:&quot;file&quot;,&quot;overlay_background&quot;:&quot;yes&quot;,&quot;content_hover_animation&quot;:&quot;fade-in&quot;}\" data-widget_type=\"gallery.default\">\n\t\t\t\t<div class=\"elementor-widget-container\">\n\t\t\t\t\t\t\t<div class=\"elementor-gallery__container\">\n\t\t\t\t\t\t\t<a class=\"e-gallery-item elementor-gallery-item elementor-animated-content\" href=\"https:\/\/kunsthallemessmer.de\/wp-content\/uploads\/2022\/04\/Adrien-Marcos-Quazar-2018-c-Adrien-Marcos.png-nggid041358-ngg0dyn-800x600-00f0w010c010r110f110r010t010.png\" data-elementor-open-lightbox=\"yes\" data-elementor-lightbox-slideshow=\"6befbd3\" data-e-action-hash=\"#elementor-action%3Aaction%3Dlightbox%26settings%3DeyJpZCI6MTAzMywidXJsIjoiaHR0cHM6XC9cL2t1bnN0aGFsbGVtZXNzbWVyLmRlXC93cC1jb250ZW50XC91cGxvYWRzXC8yMDIyXC8wNFwvQWRyaWVuLU1hcmNvcy1RdWF6YXItMjAxOC1jLUFkcmllbi1NYXJjb3MucG5nLW5nZ2lkMDQxMzU4LW5nZzBkeW4tODAweDYwMC0wMGYwdzAxMGMwMTByMTEwZjExMHIwMTB0MDEwLnBuZyIsInNsaWRlc2hvdyI6IjZiZWZiZDMifQ%3D%3D\">\n\t\t\t\t\t<div class=\"e-gallery-image elementor-gallery-item__image\" data-thumbnail=\"https:\/\/kunsthallemessmer.de\/wp-content\/uploads\/2022\/04\/Adrien-Marcos-Quazar-2018-c-Adrien-Marcos.png-nggid041358-ngg0dyn-800x600-00f0w010c010r110f110r010t010-768x512.png\" data-width=\"768\" data-height=\"512\" aria-label=\"\" role=\"img\" ><\/div>\n\t\t\t\t\t\t\t\t\t\t\t<div class=\"elementor-gallery-item__overlay\"><\/div>\n\t\t\t\t\t\t\t\t\t\t\t\t\t\t<\/a>\n\t\t\t\t\t\t\t<a class=\"e-gallery-item elementor-gallery-item elementor-animated-content\" href=\"https:\/\/kunsthallemessmer.de\/wp-content\/uploads\/2022\/04\/Wechselspiel-scaled.jpg\" data-elementor-open-lightbox=\"yes\" data-elementor-lightbox-slideshow=\"6befbd3\" data-e-action-hash=\"#elementor-action%3Aaction%3Dlightbox%26settings%3DeyJpZCI6MTAzMiwidXJsIjoiaHR0cHM6XC9cL2t1bnN0aGFsbGVtZXNzbWVyLmRlXC93cC1jb250ZW50XC91cGxvYWRzXC8yMDIyXC8wNFwvV2VjaHNlbHNwaWVsLXNjYWxlZC5qcGciLCJzbGlkZXNob3ciOiI2YmVmYmQzIn0%3D\">\n\t\t\t\t\t<div class=\"e-gallery-image elementor-gallery-item__image\" data-thumbnail=\"https:\/\/kunsthallemessmer.de\/wp-content\/uploads\/2022\/04\/Wechselspiel-768x768.jpg\" data-width=\"768\" data-height=\"768\" aria-label=\"\" role=\"img\" ><\/div>\n\t\t\t\t\t\t\t\t\t\t\t<div class=\"elementor-gallery-item__overlay\"><\/div>\n\t\t\t\t\t\t\t\t\t\t\t\t\t\t<\/a>\n\t\t\t\t\t\t\t<a class=\"e-gallery-item elementor-gallery-item elementor-animated-content\" href=\"https:\/\/kunsthallemessmer.de\/wp-content\/uploads\/2022\/04\/Joachim-Lehrer-Abendland-2020-c-Joachim-Lehrer.jpg-nggid041360-ngg0dyn-800x600-00f0w010c010r110f110r010t010.jpg\" data-elementor-open-lightbox=\"yes\" data-elementor-lightbox-slideshow=\"6befbd3\" data-elementor-lightbox-title=\"Joachim Lehrer\" data-e-action-hash=\"#elementor-action%3Aaction%3Dlightbox%26settings%3DeyJpZCI6MTAzMSwidXJsIjoiaHR0cHM6XC9cL2t1bnN0aGFsbGVtZXNzbWVyLmRlXC93cC1jb250ZW50XC91cGxvYWRzXC8yMDIyXC8wNFwvSm9hY2hpbS1MZWhyZXItQWJlbmRsYW5kLTIwMjAtYy1Kb2FjaGltLUxlaHJlci5qcGctbmdnaWQwNDEzNjAtbmdnMGR5bi04MDB4NjAwLTAwZjB3MDEwYzAxMHIxMTBmMTEwcjAxMHQwMTAuanBnIiwic2xpZGVzaG93IjoiNmJlZmJkMyJ9\">\n\t\t\t\t\t<div class=\"e-gallery-image elementor-gallery-item__image\" data-thumbnail=\"https:\/\/kunsthallemessmer.de\/wp-content\/uploads\/2022\/04\/Joachim-Lehrer-Abendland-2020-c-Joachim-Lehrer.jpg-nggid041360-ngg0dyn-800x600-00f0w010c010r110f110r010t010.jpg\" data-width=\"737\" data-height=\"600\" aria-label=\"\" role=\"img\" ><\/div>\n\t\t\t\t\t\t\t\t\t\t\t<div class=\"elementor-gallery-item__overlay\"><\/div>\n\t\t\t\t\t\t\t\t\t\t\t\t\t\t<\/a>\n\t\t\t\t\t\t\t<a class=\"e-gallery-item elementor-gallery-item elementor-animated-content\" href=\"https:\/\/kunsthallemessmer.de\/wp-content\/uploads\/2022\/04\/Joachim-Kaiser_Sehr-bewegt2017-c-Joachim-Kaiser.JPG-nggid041359-ngg0dyn-800x600-00f0w010c010r110f110r010t010.jpg\" data-elementor-open-lightbox=\"yes\" data-elementor-lightbox-slideshow=\"6befbd3\" data-e-action-hash=\"#elementor-action%3Aaction%3Dlightbox%26settings%3DeyJpZCI6MTAzMCwidXJsIjoiaHR0cHM6XC9cL2t1bnN0aGFsbGVtZXNzbWVyLmRlXC93cC1jb250ZW50XC91cGxvYWRzXC8yMDIyXC8wNFwvSm9hY2hpbS1LYWlzZXJfU2Voci1iZXdlZ3QyMDE3LWMtSm9hY2hpbS1LYWlzZXIuSlBHLW5nZ2lkMDQxMzU5LW5nZzBkeW4tODAweDYwMC0wMGYwdzAxMGMwMTByMTEwZjExMHIwMTB0MDEwLmpwZyIsInNsaWRlc2hvdyI6IjZiZWZiZDMifQ%3D%3D\">\n\t\t\t\t\t<div class=\"e-gallery-image elementor-gallery-item__image\" data-thumbnail=\"https:\/\/kunsthallemessmer.de\/wp-content\/uploads\/2022\/04\/Joachim-Kaiser_Sehr-bewegt2017-c-Joachim-Kaiser.JPG-nggid041359-ngg0dyn-800x600-00f0w010c010r110f110r010t010.jpg\" data-width=\"600\" data-height=\"600\" aria-label=\"\" role=\"img\" ><\/div>\n\t\t\t\t\t\t\t\t\t\t\t<div class=\"elementor-gallery-item__overlay\"><\/div>\n\t\t\t\t\t\t\t\t\t\t\t\t\t\t<\/a>\n\t\t\t\t\t\t\t<a class=\"e-gallery-item elementor-gallery-item elementor-animated-content\" href=\"https:\/\/kunsthallemessmer.de\/wp-content\/uploads\/2022\/04\/image10.jpeg-nggid041366-ngg0dyn-800x600-00f0w010c010r110f110r010t010.jpeg\" data-elementor-open-lightbox=\"yes\" data-elementor-lightbox-slideshow=\"6befbd3\" data-e-action-hash=\"#elementor-action%3Aaction%3Dlightbox%26settings%3DeyJpZCI6MTAyOSwidXJsIjoiaHR0cHM6XC9cL2t1bnN0aGFsbGVtZXNzbWVyLmRlXC93cC1jb250ZW50XC91cGxvYWRzXC8yMDIyXC8wNFwvaW1hZ2UxMC5qcGVnLW5nZ2lkMDQxMzY2LW5nZzBkeW4tODAweDYwMC0wMGYwdzAxMGMwMTByMTEwZjExMHIwMTB0MDEwLmpwZWciLCJzbGlkZXNob3ciOiI2YmVmYmQzIn0%3D\">\n\t\t\t\t\t<div class=\"e-gallery-image elementor-gallery-item__image\" data-thumbnail=\"https:\/\/kunsthallemessmer.de\/wp-content\/uploads\/2022\/04\/image10.jpeg-nggid041366-ngg0dyn-800x600-00f0w010c010r110f110r010t010-768x576.jpeg\" data-width=\"768\" data-height=\"576\" aria-label=\"\" role=\"img\" ><\/div>\n\t\t\t\t\t\t\t\t\t\t\t<div class=\"elementor-gallery-item__overlay\"><\/div>\n\t\t\t\t\t\t\t\t\t\t\t\t\t\t<\/a>\n\t\t\t\t\t\t\t<a class=\"e-gallery-item elementor-gallery-item elementor-animated-content\" href=\"https:\/\/kunsthallemessmer.de\/wp-content\/uploads\/2022\/04\/image8.jpeg-nggid041365-ngg0dyn-800x600-00f0w010c010r110f110r010t010.jpeg\" data-elementor-open-lightbox=\"yes\" data-elementor-lightbox-slideshow=\"6befbd3\" data-e-action-hash=\"#elementor-action%3Aaction%3Dlightbox%26settings%3DeyJpZCI6MTAyOCwidXJsIjoiaHR0cHM6XC9cL2t1bnN0aGFsbGVtZXNzbWVyLmRlXC93cC1jb250ZW50XC91cGxvYWRzXC8yMDIyXC8wNFwvaW1hZ2U4LmpwZWctbmdnaWQwNDEzNjUtbmdnMGR5bi04MDB4NjAwLTAwZjB3MDEwYzAxMHIxMTBmMTEwcjAxMHQwMTAuanBlZyIsInNsaWRlc2hvdyI6IjZiZWZiZDMifQ%3D%3D\">\n\t\t\t\t\t<div class=\"e-gallery-image elementor-gallery-item__image\" data-thumbnail=\"https:\/\/kunsthallemessmer.de\/wp-content\/uploads\/2022\/04\/image8.jpeg-nggid041365-ngg0dyn-800x600-00f0w010c010r110f110r010t010-768x576.jpeg\" data-width=\"768\" data-height=\"576\" aria-label=\"\" role=\"img\" ><\/div>\n\t\t\t\t\t\t\t\t\t\t\t<div class=\"elementor-gallery-item__overlay\"><\/div>\n\t\t\t\t\t\t\t\t\t\t\t\t\t\t<\/a>\n\t\t\t\t\t<\/div>\n\t\t\t\t\t<\/div>\n\t\t\t\t<\/div>\n\t\t\t\t<div class=\"elementor-element elementor-element-6add804 elementor-widget elementor-widget-text-editor\" data-id=\"6add804\" data-element_type=\"widget\" data-e-type=\"widget\" data-widget_type=\"text-editor.default\">\n\t\t\t\t<div class=\"elementor-widget-container\">\n\t\t\t\t\t\t\t\t\t<p>Le sujet de la perception est trait\u00e9 dans plus de 80 \u0153uvres fascinantes, allant des illusions d&rsquo;optique et des mondes oniriques surr\u00e9alistes, aux installations lumineuses captivantes et \u00e0 la photographie d&rsquo;art socialement critique, aux peintures abstraites et aux constructions en verre. <br \/>Des \u0153uvres d&rsquo;importants repr\u00e9sentants de l&rsquo;OP Art et de l&rsquo;Art Concret, tels que  <strong> Carlos Cruz-Diez <\/strong> (1923-2019), <strong> Ludwig Wilding <\/strong>(1927-2010) et <strong> Fran\u00e7ois Morellet <\/strong>(1926-2016), ainsi que <strong> Patrick Hughes <\/strong> (*1939), l&rsquo;inventeur de la \u00ab\u00a0reverspective\u00a0\u00bb (\u0153uvres en relief qui cr\u00e9ent une illusion d&rsquo;optique) et la photographe d&rsquo;art <strong> C\u00e9cile Plaisance <\/strong>(*1968) avec ses travaux critiques et ironiques sur la soci\u00e9t\u00e9, dans lesquels elle aborde le r\u00f4le de la femme au moyen d&rsquo;un proc\u00e9d\u00e9 sp\u00e9cial de lentilles.<\/p>\n\t\t\t\t\t\t\t\t<\/div>\n\t\t\t\t<\/div>\n\t\t\t\t<div class=\"elementor-element elementor-element-5614b25 elementor-arrows-position-inside elementor-pagination-position-outside elementor-widget elementor-widget-image-carousel\" data-id=\"5614b25\" data-element_type=\"widget\" data-e-type=\"widget\" data-settings=\"{&quot;slides_to_show&quot;:&quot;1&quot;,&quot;lazyload&quot;:&quot;yes&quot;,&quot;autoplay_speed&quot;:3000,&quot;navigation&quot;:&quot;both&quot;,&quot;autoplay&quot;:&quot;yes&quot;,&quot;pause_on_hover&quot;:&quot;yes&quot;,&quot;pause_on_interaction&quot;:&quot;yes&quot;,&quot;infinite&quot;:&quot;yes&quot;,&quot;effect&quot;:&quot;slide&quot;,&quot;speed&quot;:500}\" data-widget_type=\"image-carousel.default\">\n\t\t\t\t<div class=\"elementor-widget-container\">\n\t\t\t\t\t\t\t<div class=\"elementor-image-carousel-wrapper swiper\" role=\"region\" aria-roledescription=\"carousel\" aria-label=\"Carrousel d\u2019images\" dir=\"ltr\">\n\t\t\t<div class=\"elementor-image-carousel swiper-wrapper\" aria-live=\"off\">\n\t\t\t\t\t\t\t\t<div class=\"swiper-slide\" role=\"group\" aria-roledescription=\"slide\" aria-label=\"1 sur 3\"><a data-elementor-open-lightbox=\"yes\" data-elementor-lightbox-slideshow=\"5614b25\" data-e-action-hash=\"#elementor-action%3Aaction%3Dlightbox%26settings%3DeyJpZCI6MzAyOSwidXJsIjoiaHR0cHM6XC9cL2t1bnN0aGFsbGVtZXNzbWVyLmRlXC93cC1jb250ZW50XC91cGxvYWRzXC8yMDIyXC8wNFwvRFNDXzAwNDUuanBnIiwic2xpZGVzaG93IjoiNTYxNGIyNSJ9\" href=\"https:\/\/kunsthallemessmer.de\/wp-content\/uploads\/2022\/04\/DSC_0045.jpg\"><figure class=\"swiper-slide-inner\"><img class=\"swiper-slide-image swiper-lazy\" data-src=\"https:\/\/kunsthallemessmer.de\/wp-content\/uploads\/2022\/04\/DSC_0045-768x447.jpg\" alt=\"DSC_0045\" \/><div class=\"swiper-lazy-preloader\"><\/div><\/figure><\/a><\/div><div class=\"swiper-slide\" role=\"group\" aria-roledescription=\"slide\" aria-label=\"2 sur 3\"><a data-elementor-open-lightbox=\"yes\" data-elementor-lightbox-slideshow=\"5614b25\" data-e-action-hash=\"#elementor-action%3Aaction%3Dlightbox%26settings%3DeyJpZCI6MzAzMSwidXJsIjoiaHR0cHM6XC9cL2t1bnN0aGFsbGVtZXNzbWVyLmRlXC93cC1jb250ZW50XC91cGxvYWRzXC8yMDIyXC8wNFwvRFNDXzAwNTAuanBnIiwic2xpZGVzaG93IjoiNTYxNGIyNSJ9\" href=\"https:\/\/kunsthallemessmer.de\/wp-content\/uploads\/2022\/04\/DSC_0050.jpg\"><figure class=\"swiper-slide-inner\"><img class=\"swiper-slide-image swiper-lazy\" data-src=\"https:\/\/kunsthallemessmer.de\/wp-content\/uploads\/2022\/04\/DSC_0050-768x447.jpg\" alt=\"DSC_0050\" \/><div class=\"swiper-lazy-preloader\"><\/div><\/figure><\/a><\/div><div class=\"swiper-slide\" role=\"group\" aria-roledescription=\"slide\" aria-label=\"3 sur 3\"><a data-elementor-open-lightbox=\"yes\" data-elementor-lightbox-slideshow=\"5614b25\" data-e-action-hash=\"#elementor-action%3Aaction%3Dlightbox%26settings%3DeyJpZCI6MzAzMywidXJsIjoiaHR0cHM6XC9cL2t1bnN0aGFsbGVtZXNzbWVyLmRlXC93cC1jb250ZW50XC91cGxvYWRzXC8yMDIyXC8wNFwvRFNDXzAwMzkuanBnIiwic2xpZGVzaG93IjoiNTYxNGIyNSJ9\" href=\"https:\/\/kunsthallemessmer.de\/wp-content\/uploads\/2022\/04\/DSC_0039.jpg\"><figure class=\"swiper-slide-inner\"><img class=\"swiper-slide-image swiper-lazy\" data-src=\"https:\/\/kunsthallemessmer.de\/wp-content\/uploads\/2022\/04\/DSC_0039-768x509.jpg\" alt=\"DSC_0039\" \/><div class=\"swiper-lazy-preloader\"><\/div><\/figure><\/a><\/div>\t\t\t<\/div>\n\t\t\t\t\t\t\t\t\t\t\t\t<div class=\"elementor-swiper-button elementor-swiper-button-prev\" role=\"button\" tabindex=\"0\">\n\t\t\t\t\t\t<i aria-hidden=\"true\" class=\"eicon-chevron-left\"><\/i>\t\t\t\t\t<\/div>\n\t\t\t\t\t<div class=\"elementor-swiper-button elementor-swiper-button-next\" role=\"button\" tabindex=\"0\">\n\t\t\t\t\t\t<i aria-hidden=\"true\" class=\"eicon-chevron-right\"><\/i>\t\t\t\t\t<\/div>\n\t\t\t\t\n\t\t\t\t\t\t\t\t\t<div class=\"swiper-pagination\"><\/div>\n\t\t\t\t\t\t\t\t\t<\/div>\n\t\t\t\t\t\t<\/div>\n\t\t\t\t<\/div>\n\t\t\t\t<div class=\"elementor-element elementor-element-2ad5b7d elementor-widget elementor-widget-text-editor\" data-id=\"2ad5b7d\" data-element_type=\"widget\" data-e-type=\"widget\" data-widget_type=\"text-editor.default\">\n\t\t\t\t<div class=\"elementor-widget-container\">\n\t\t\t\t\t\t\t\t\t<p>Dans \u00ab\u00a0Fantastic Image Worlds\u00a0\u00bb, une vue d&rsquo;ensemble de la sc\u00e8ne artistique contemporaine avec des influences du Pop Art, \u00e0 travers la cin\u00e9tique du genre concret-constructif, doit \u00eatre fournie. En plus de la revue historique du <strong>\u00ab\u00a0New OP Art\u00a0\u00bb<\/strong> d&rsquo;aujourd&rsquo;hui, les th\u00e8mes \u00ab\u00a0mouvement et optique\u00a0\u00bb sont trait\u00e9s artistiquement comme un moyen sensuel-esth\u00e9tique. Des illusions d&rsquo;optique aux installations de couleur et de lumi\u00e8re en passant par les \u0153uvres cin\u00e9tiques, tout et plus peut \u00eatre vu dans la galerie d&rsquo;art Messmer.<\/p>\n\t\t\t\t\t\t\t\t<\/div>\n\t\t\t\t<\/div>\n\t\t\t\t<section class=\"elementor-section elementor-inner-section elementor-element elementor-element-e15e20a elementor-section-boxed elementor-section-height-default elementor-section-height-default\" data-id=\"e15e20a\" data-element_type=\"section\" data-e-type=\"section\">\n\t\t\t\t\t\t<div class=\"elementor-container elementor-column-gap-no\">\n\t\t\t\t\t<div class=\"elementor-column elementor-col-50 elementor-inner-column elementor-element elementor-element-6b541c9\" data-id=\"6b541c9\" data-element_type=\"column\" data-e-type=\"column\">\n\t\t\t<div class=\"elementor-widget-wrap elementor-element-populated\">\n\t\t\t\t\t\t<div class=\"elementor-element elementor-element-b5e694c elementor-widget elementor-widget-image\" data-id=\"b5e694c\" data-element_type=\"widget\" data-e-type=\"widget\" data-widget_type=\"image.default\">\n\t\t\t\t<div class=\"elementor-widget-container\">\n\t\t\t\t\t\t\t\t\t\t\t\t\t\t\t<img decoding=\"async\" width=\"300\" height=\"256\" src=\"https:\/\/kunsthallemessmer.de\/wp-content\/uploads\/2022\/04\/IMG_20201010_151538_resized_20201010_031755134-300x256-1.jpg\" class=\"attachment-large size-large wp-image-3035\" alt=\"\" \/>\t\t\t\t\t\t\t\t\t\t\t\t\t\t\t<\/div>\n\t\t\t\t<\/div>\n\t\t\t\t\t<\/div>\n\t\t<\/div>\n\t\t\t\t<div class=\"elementor-column elementor-col-50 elementor-inner-column elementor-element elementor-element-ab580c7\" data-id=\"ab580c7\" data-element_type=\"column\" data-e-type=\"column\">\n\t\t\t<div class=\"elementor-widget-wrap elementor-element-populated\">\n\t\t\t\t\t\t<div class=\"elementor-element elementor-element-269f131 elementor-widget elementor-widget-text-editor\" data-id=\"269f131\" data-element_type=\"widget\" data-e-type=\"widget\" data-widget_type=\"text-editor.default\">\n\t\t\t\t<div class=\"elementor-widget-container\">\n\t\t\t\t\t\t\t\t\t<p><em>Le <a href=\"https:\/\/kunsthallemessmer.de\/buecher-kataloge\/\">catalogue<\/a> de notre exposition. <\/em><\/p>\n<p><em>Vous pouvez \u00e9galement nous le commander par e-mail !<\/em><br \/><em>Prix : 9,90 \u20ac<\/em><\/p>\n<p><strong> <\/strong><\/p>\n\t\t\t\t\t\t\t\t<\/div>\n\t\t\t\t<\/div>\n\t\t\t\t\t<\/div>\n\t\t<\/div>\n\t\t\t\t\t<\/div>\n\t\t<\/section>\n\t\t\t\t\t<\/div>\n\t\t<\/div>\n\t\t\t\t\t<\/div>\n\t\t<\/section>\n\t\t\t\t<\/div>\n\t\t","protected":false},"excerpt":{"rendered":"<p>26\/09\/2020 \u2013 28\/03\/2021<\/p>\n","protected":false},"author":3,"featured_media":0,"comment_status":"closed","ping_status":"open","sticky":false,"template":"","format":"standard","meta":{"footnotes":""},"categories":[17],"tags":[],"class_list":["post-3510","post","type-post","status-publish","format-standard","hentry","category-exposition"],"yoast_head":"<!-- This site is optimized with the Yoast SEO plugin v27.5 - https:\/\/yoast.com\/product\/yoast-seo-wordpress\/ -->\n<title>Mondes visuels fantastiques Tableaux et sculptures - Kunsthalle Messmer<\/title>\n<meta name=\"robots\" content=\"index, follow, max-snippet:-1, max-image-preview:large, max-video-preview:-1\" \/>\n<link rel=\"canonical\" href=\"https:\/\/kunsthallemessmer.de\/fr\/exposition\/mondes-visuels-fantastiques-tableaux-et-sculptures\/\" \/>\n<meta property=\"og:locale\" content=\"fr_FR\" \/>\n<meta property=\"og:type\" content=\"article\" \/>\n<meta property=\"og:title\" content=\"Mondes visuels fantastiques Tableaux et sculptures - Kunsthalle Messmer\" \/>\n<meta property=\"og:description\" content=\"26\/09\/2020 \u2013 28\/03\/2021\" \/>\n<meta property=\"og:url\" content=\"https:\/\/kunsthallemessmer.de\/fr\/exposition\/mondes-visuels-fantastiques-tableaux-et-sculptures\/\" \/>\n<meta property=\"og:site_name\" content=\"Kunsthalle Messmer\" \/>\n<meta property=\"article:published_time\" content=\"2022-04-07T19:57:51+00:00\" \/>\n<meta property=\"article:modified_time\" content=\"2024-04-11T14:47:23+00:00\" \/>\n<meta property=\"og:image\" content=\"https:\/\/kunsthallemessmer.de\/wp-content\/uploads\/2022\/04\/DSC_0045-768x447.jpg\" \/>\n<meta name=\"author\" content=\"Erik Lachfeld\" \/>\n<meta name=\"twitter:card\" content=\"summary_large_image\" \/>\n<meta name=\"twitter:label1\" content=\"\u00c9crit par\" \/>\n\t<meta name=\"twitter:data1\" content=\"Erik Lachfeld\" \/>\n\t<meta name=\"twitter:label2\" content=\"Dur\u00e9e de lecture estim\u00e9e\" \/>\n\t<meta name=\"twitter:data2\" content=\"2 minutes\" \/>\n<script type=\"application\/ld+json\" class=\"yoast-schema-graph\">{\"@context\":\"https:\\\/\\\/schema.org\",\"@graph\":[{\"@type\":\"Article\",\"@id\":\"https:\\\/\\\/kunsthallemessmer.de\\\/fr\\\/exposition\\\/mondes-visuels-fantastiques-tableaux-et-sculptures\\\/#article\",\"isPartOf\":{\"@id\":\"https:\\\/\\\/kunsthallemessmer.de\\\/fr\\\/exposition\\\/mondes-visuels-fantastiques-tableaux-et-sculptures\\\/\"},\"author\":{\"name\":\"Erik Lachfeld\",\"@id\":\"https:\\\/\\\/kunsthallemessmer.de\\\/fr\\\/#\\\/schema\\\/person\\\/24f7ee6ec431a05000425936de23c890\"},\"headline\":\"Mondes visuels fantastiques Tableaux et sculptures\",\"datePublished\":\"2022-04-07T19:57:51+00:00\",\"dateModified\":\"2024-04-11T14:47:23+00:00\",\"mainEntityOfPage\":{\"@id\":\"https:\\\/\\\/kunsthallemessmer.de\\\/fr\\\/exposition\\\/mondes-visuels-fantastiques-tableaux-et-sculptures\\\/\"},\"wordCount\":418,\"publisher\":{\"@id\":\"https:\\\/\\\/kunsthallemessmer.de\\\/fr\\\/#organization\"},\"image\":{\"@id\":\"https:\\\/\\\/kunsthallemessmer.de\\\/fr\\\/exposition\\\/mondes-visuels-fantastiques-tableaux-et-sculptures\\\/#primaryimage\"},\"thumbnailUrl\":\"https:\\\/\\\/kunsthallemessmer.de\\\/wp-content\\\/uploads\\\/2022\\\/04\\\/DSC_0045-768x447.jpg\",\"articleSection\":[\"exposition\"],\"inLanguage\":\"fr-FR\"},{\"@type\":\"WebPage\",\"@id\":\"https:\\\/\\\/kunsthallemessmer.de\\\/fr\\\/exposition\\\/mondes-visuels-fantastiques-tableaux-et-sculptures\\\/\",\"url\":\"https:\\\/\\\/kunsthallemessmer.de\\\/fr\\\/exposition\\\/mondes-visuels-fantastiques-tableaux-et-sculptures\\\/\",\"name\":\"Mondes visuels fantastiques Tableaux et sculptures - Kunsthalle Messmer\",\"isPartOf\":{\"@id\":\"https:\\\/\\\/kunsthallemessmer.de\\\/fr\\\/#website\"},\"primaryImageOfPage\":{\"@id\":\"https:\\\/\\\/kunsthallemessmer.de\\\/fr\\\/exposition\\\/mondes-visuels-fantastiques-tableaux-et-sculptures\\\/#primaryimage\"},\"image\":{\"@id\":\"https:\\\/\\\/kunsthallemessmer.de\\\/fr\\\/exposition\\\/mondes-visuels-fantastiques-tableaux-et-sculptures\\\/#primaryimage\"},\"thumbnailUrl\":\"https:\\\/\\\/kunsthallemessmer.de\\\/wp-content\\\/uploads\\\/2022\\\/04\\\/DSC_0045-768x447.jpg\",\"datePublished\":\"2022-04-07T19:57:51+00:00\",\"dateModified\":\"2024-04-11T14:47:23+00:00\",\"breadcrumb\":{\"@id\":\"https:\\\/\\\/kunsthallemessmer.de\\\/fr\\\/exposition\\\/mondes-visuels-fantastiques-tableaux-et-sculptures\\\/#breadcrumb\"},\"inLanguage\":\"fr-FR\",\"potentialAction\":[{\"@type\":\"ReadAction\",\"target\":[\"https:\\\/\\\/kunsthallemessmer.de\\\/fr\\\/exposition\\\/mondes-visuels-fantastiques-tableaux-et-sculptures\\\/\"]}]},{\"@type\":\"ImageObject\",\"inLanguage\":\"fr-FR\",\"@id\":\"https:\\\/\\\/kunsthallemessmer.de\\\/fr\\\/exposition\\\/mondes-visuels-fantastiques-tableaux-et-sculptures\\\/#primaryimage\",\"url\":\"https:\\\/\\\/kunsthallemessmer.de\\\/wp-content\\\/uploads\\\/2022\\\/04\\\/DSC_0045-768x447.jpg\",\"contentUrl\":\"https:\\\/\\\/kunsthallemessmer.de\\\/wp-content\\\/uploads\\\/2022\\\/04\\\/DSC_0045-768x447.jpg\"},{\"@type\":\"BreadcrumbList\",\"@id\":\"https:\\\/\\\/kunsthallemessmer.de\\\/fr\\\/exposition\\\/mondes-visuels-fantastiques-tableaux-et-sculptures\\\/#breadcrumb\",\"itemListElement\":[{\"@type\":\"ListItem\",\"position\":1,\"name\":\"Startseite\",\"item\":\"https:\\\/\\\/kunsthallemessmer.de\\\/fr\\\/apercu\\\/\"},{\"@type\":\"ListItem\",\"position\":2,\"name\":\"Mondes visuels fantastiques Tableaux et sculptures\"}]},{\"@type\":\"WebSite\",\"@id\":\"https:\\\/\\\/kunsthallemessmer.de\\\/fr\\\/#website\",\"url\":\"https:\\\/\\\/kunsthallemessmer.de\\\/fr\\\/\",\"name\":\"Kunsthalle Messmer\",\"description\":\"Riegel am Kaiserstuhl\",\"publisher\":{\"@id\":\"https:\\\/\\\/kunsthallemessmer.de\\\/fr\\\/#organization\"},\"potentialAction\":[{\"@type\":\"SearchAction\",\"target\":{\"@type\":\"EntryPoint\",\"urlTemplate\":\"https:\\\/\\\/kunsthallemessmer.de\\\/fr\\\/?s={search_term_string}\"},\"query-input\":{\"@type\":\"PropertyValueSpecification\",\"valueRequired\":true,\"valueName\":\"search_term_string\"}}],\"inLanguage\":\"fr-FR\"},{\"@type\":\"Organization\",\"@id\":\"https:\\\/\\\/kunsthallemessmer.de\\\/fr\\\/#organization\",\"name\":\"Kunsthalle Messmer\",\"url\":\"https:\\\/\\\/kunsthallemessmer.de\\\/fr\\\/\",\"logo\":{\"@type\":\"ImageObject\",\"inLanguage\":\"fr-FR\",\"@id\":\"https:\\\/\\\/kunsthallemessmer.de\\\/fr\\\/#\\\/schema\\\/logo\\\/image\\\/\",\"url\":\"https:\\\/\\\/kunsthallemessmer.de\\\/wp-content\\\/uploads\\\/2022\\\/04\\\/kunsthalle_messmer_pos-2-png.png\",\"contentUrl\":\"https:\\\/\\\/kunsthallemessmer.de\\\/wp-content\\\/uploads\\\/2022\\\/04\\\/kunsthalle_messmer_pos-2-png.png\",\"width\":2412,\"height\":434,\"caption\":\"Kunsthalle Messmer\"},\"image\":{\"@id\":\"https:\\\/\\\/kunsthallemessmer.de\\\/fr\\\/#\\\/schema\\\/logo\\\/image\\\/\"}},{\"@type\":\"Person\",\"@id\":\"https:\\\/\\\/kunsthallemessmer.de\\\/fr\\\/#\\\/schema\\\/person\\\/24f7ee6ec431a05000425936de23c890\",\"name\":\"Erik Lachfeld\",\"image\":{\"@type\":\"ImageObject\",\"inLanguage\":\"fr-FR\",\"@id\":\"https:\\\/\\\/secure.gravatar.com\\\/avatar\\\/d5d42cc40010ba9998f57d7cebaf2952e1274f5c452ff570f85bbee0f9ecb43a?s=96&d=mm&r=g\",\"url\":\"https:\\\/\\\/secure.gravatar.com\\\/avatar\\\/d5d42cc40010ba9998f57d7cebaf2952e1274f5c452ff570f85bbee0f9ecb43a?s=96&d=mm&r=g\",\"contentUrl\":\"https:\\\/\\\/secure.gravatar.com\\\/avatar\\\/d5d42cc40010ba9998f57d7cebaf2952e1274f5c452ff570f85bbee0f9ecb43a?s=96&d=mm&r=g\",\"caption\":\"Erik Lachfeld\"},\"url\":\"https:\\\/\\\/kunsthallemessmer.de\\\/fr\\\/author\\\/erik-lachfeld\\\/\"}]}<\/script>\n<!-- \/ Yoast SEO plugin. -->","yoast_head_json":{"title":"Mondes visuels fantastiques Tableaux et sculptures - Kunsthalle Messmer","robots":{"index":"index","follow":"follow","max-snippet":"max-snippet:-1","max-image-preview":"max-image-preview:large","max-video-preview":"max-video-preview:-1"},"canonical":"https:\/\/kunsthallemessmer.de\/fr\/exposition\/mondes-visuels-fantastiques-tableaux-et-sculptures\/","og_locale":"fr_FR","og_type":"article","og_title":"Mondes visuels fantastiques Tableaux et sculptures - Kunsthalle Messmer","og_description":"26\/09\/2020 \u2013 28\/03\/2021","og_url":"https:\/\/kunsthallemessmer.de\/fr\/exposition\/mondes-visuels-fantastiques-tableaux-et-sculptures\/","og_site_name":"Kunsthalle Messmer","article_published_time":"2022-04-07T19:57:51+00:00","article_modified_time":"2024-04-11T14:47:23+00:00","og_image":[{"url":"https:\/\/kunsthallemessmer.de\/wp-content\/uploads\/2022\/04\/DSC_0045-768x447.jpg","type":"","width":"","height":""}],"author":"Erik Lachfeld","twitter_card":"summary_large_image","twitter_misc":{"\u00c9crit par":"Erik Lachfeld","Dur\u00e9e de lecture estim\u00e9e":"2 minutes"},"schema":{"@context":"https:\/\/schema.org","@graph":[{"@type":"Article","@id":"https:\/\/kunsthallemessmer.de\/fr\/exposition\/mondes-visuels-fantastiques-tableaux-et-sculptures\/#article","isPartOf":{"@id":"https:\/\/kunsthallemessmer.de\/fr\/exposition\/mondes-visuels-fantastiques-tableaux-et-sculptures\/"},"author":{"name":"Erik Lachfeld","@id":"https:\/\/kunsthallemessmer.de\/fr\/#\/schema\/person\/24f7ee6ec431a05000425936de23c890"},"headline":"Mondes visuels fantastiques Tableaux et sculptures","datePublished":"2022-04-07T19:57:51+00:00","dateModified":"2024-04-11T14:47:23+00:00","mainEntityOfPage":{"@id":"https:\/\/kunsthallemessmer.de\/fr\/exposition\/mondes-visuels-fantastiques-tableaux-et-sculptures\/"},"wordCount":418,"publisher":{"@id":"https:\/\/kunsthallemessmer.de\/fr\/#organization"},"image":{"@id":"https:\/\/kunsthallemessmer.de\/fr\/exposition\/mondes-visuels-fantastiques-tableaux-et-sculptures\/#primaryimage"},"thumbnailUrl":"https:\/\/kunsthallemessmer.de\/wp-content\/uploads\/2022\/04\/DSC_0045-768x447.jpg","articleSection":["exposition"],"inLanguage":"fr-FR"},{"@type":"WebPage","@id":"https:\/\/kunsthallemessmer.de\/fr\/exposition\/mondes-visuels-fantastiques-tableaux-et-sculptures\/","url":"https:\/\/kunsthallemessmer.de\/fr\/exposition\/mondes-visuels-fantastiques-tableaux-et-sculptures\/","name":"Mondes visuels fantastiques Tableaux et sculptures - Kunsthalle Messmer","isPartOf":{"@id":"https:\/\/kunsthallemessmer.de\/fr\/#website"},"primaryImageOfPage":{"@id":"https:\/\/kunsthallemessmer.de\/fr\/exposition\/mondes-visuels-fantastiques-tableaux-et-sculptures\/#primaryimage"},"image":{"@id":"https:\/\/kunsthallemessmer.de\/fr\/exposition\/mondes-visuels-fantastiques-tableaux-et-sculptures\/#primaryimage"},"thumbnailUrl":"https:\/\/kunsthallemessmer.de\/wp-content\/uploads\/2022\/04\/DSC_0045-768x447.jpg","datePublished":"2022-04-07T19:57:51+00:00","dateModified":"2024-04-11T14:47:23+00:00","breadcrumb":{"@id":"https:\/\/kunsthallemessmer.de\/fr\/exposition\/mondes-visuels-fantastiques-tableaux-et-sculptures\/#breadcrumb"},"inLanguage":"fr-FR","potentialAction":[{"@type":"ReadAction","target":["https:\/\/kunsthallemessmer.de\/fr\/exposition\/mondes-visuels-fantastiques-tableaux-et-sculptures\/"]}]},{"@type":"ImageObject","inLanguage":"fr-FR","@id":"https:\/\/kunsthallemessmer.de\/fr\/exposition\/mondes-visuels-fantastiques-tableaux-et-sculptures\/#primaryimage","url":"https:\/\/kunsthallemessmer.de\/wp-content\/uploads\/2022\/04\/DSC_0045-768x447.jpg","contentUrl":"https:\/\/kunsthallemessmer.de\/wp-content\/uploads\/2022\/04\/DSC_0045-768x447.jpg"},{"@type":"BreadcrumbList","@id":"https:\/\/kunsthallemessmer.de\/fr\/exposition\/mondes-visuels-fantastiques-tableaux-et-sculptures\/#breadcrumb","itemListElement":[{"@type":"ListItem","position":1,"name":"Startseite","item":"https:\/\/kunsthallemessmer.de\/fr\/apercu\/"},{"@type":"ListItem","position":2,"name":"Mondes visuels fantastiques Tableaux et sculptures"}]},{"@type":"WebSite","@id":"https:\/\/kunsthallemessmer.de\/fr\/#website","url":"https:\/\/kunsthallemessmer.de\/fr\/","name":"Kunsthalle Messmer","description":"Riegel am Kaiserstuhl","publisher":{"@id":"https:\/\/kunsthallemessmer.de\/fr\/#organization"},"potentialAction":[{"@type":"SearchAction","target":{"@type":"EntryPoint","urlTemplate":"https:\/\/kunsthallemessmer.de\/fr\/?s={search_term_string}"},"query-input":{"@type":"PropertyValueSpecification","valueRequired":true,"valueName":"search_term_string"}}],"inLanguage":"fr-FR"},{"@type":"Organization","@id":"https:\/\/kunsthallemessmer.de\/fr\/#organization","name":"Kunsthalle Messmer","url":"https:\/\/kunsthallemessmer.de\/fr\/","logo":{"@type":"ImageObject","inLanguage":"fr-FR","@id":"https:\/\/kunsthallemessmer.de\/fr\/#\/schema\/logo\/image\/","url":"https:\/\/kunsthallemessmer.de\/wp-content\/uploads\/2022\/04\/kunsthalle_messmer_pos-2-png.png","contentUrl":"https:\/\/kunsthallemessmer.de\/wp-content\/uploads\/2022\/04\/kunsthalle_messmer_pos-2-png.png","width":2412,"height":434,"caption":"Kunsthalle Messmer"},"image":{"@id":"https:\/\/kunsthallemessmer.de\/fr\/#\/schema\/logo\/image\/"}},{"@type":"Person","@id":"https:\/\/kunsthallemessmer.de\/fr\/#\/schema\/person\/24f7ee6ec431a05000425936de23c890","name":"Erik Lachfeld","image":{"@type":"ImageObject","inLanguage":"fr-FR","@id":"https:\/\/secure.gravatar.com\/avatar\/d5d42cc40010ba9998f57d7cebaf2952e1274f5c452ff570f85bbee0f9ecb43a?s=96&d=mm&r=g","url":"https:\/\/secure.gravatar.com\/avatar\/d5d42cc40010ba9998f57d7cebaf2952e1274f5c452ff570f85bbee0f9ecb43a?s=96&d=mm&r=g","contentUrl":"https:\/\/secure.gravatar.com\/avatar\/d5d42cc40010ba9998f57d7cebaf2952e1274f5c452ff570f85bbee0f9ecb43a?s=96&d=mm&r=g","caption":"Erik Lachfeld"},"url":"https:\/\/kunsthallemessmer.de\/fr\/author\/erik-lachfeld\/"}]}},"_links":{"self":[{"href":"https:\/\/kunsthallemessmer.de\/fr\/wp-json\/wp\/v2\/posts\/3510","targetHints":{"allow":["GET"]}}],"collection":[{"href":"https:\/\/kunsthallemessmer.de\/fr\/wp-json\/wp\/v2\/posts"}],"about":[{"href":"https:\/\/kunsthallemessmer.de\/fr\/wp-json\/wp\/v2\/types\/post"}],"author":[{"embeddable":true,"href":"https:\/\/kunsthallemessmer.de\/fr\/wp-json\/wp\/v2\/users\/3"}],"replies":[{"embeddable":true,"href":"https:\/\/kunsthallemessmer.de\/fr\/wp-json\/wp\/v2\/comments?post=3510"}],"version-history":[{"count":2,"href":"https:\/\/kunsthallemessmer.de\/fr\/wp-json\/wp\/v2\/posts\/3510\/revisions"}],"predecessor-version":[{"id":8284,"href":"https:\/\/kunsthallemessmer.de\/fr\/wp-json\/wp\/v2\/posts\/3510\/revisions\/8284"}],"wp:attachment":[{"href":"https:\/\/kunsthallemessmer.de\/fr\/wp-json\/wp\/v2\/media?parent=3510"}],"wp:term":[{"taxonomy":"category","embeddable":true,"href":"https:\/\/kunsthallemessmer.de\/fr\/wp-json\/wp\/v2\/categories?post=3510"},{"taxonomy":"post_tag","embeddable":true,"href":"https:\/\/kunsthallemessmer.de\/fr\/wp-json\/wp\/v2\/tags?post=3510"}],"curies":[{"name":"wp","href":"https:\/\/api.w.org\/{rel}","templated":true}]}}