{"id":3554,"date":"2022-04-07T22:36:32","date_gmt":"2022-04-07T20:36:32","guid":{"rendered":"https:\/\/kunsthallemessmer.de\/non-classifiee\/100-ans-bauhaus\/"},"modified":"2025-08-24T08:30:41","modified_gmt":"2025-08-24T06:30:41","slug":"100-ans-bauhaus","status":"publish","type":"post","link":"https:\/\/kunsthallemessmer.de\/fr\/exposition\/100-ans-bauhaus\/","title":{"rendered":"100 ans Bauhaus"},"content":{"rendered":"\t\t<div data-elementor-type=\"wp-post\" data-elementor-id=\"3554\" class=\"elementor elementor-3554 elementor-1127\" data-elementor-post-type=\"post\">\n\t\t\t\t\t\t<section class=\"elementor-section elementor-top-section elementor-element elementor-element-4287ed5 elementor-section-boxed elementor-section-height-default elementor-section-height-default\" data-id=\"4287ed5\" data-element_type=\"section\" data-e-type=\"section\">\n\t\t\t\t\t\t<div class=\"elementor-container elementor-column-gap-default\">\n\t\t\t\t\t<div class=\"elementor-column elementor-col-100 elementor-top-column elementor-element elementor-element-ebcba63\" data-id=\"ebcba63\" data-element_type=\"column\" data-e-type=\"column\">\n\t\t\t<div class=\"elementor-widget-wrap elementor-element-populated\">\n\t\t\t\t\t\t<div class=\"elementor-element elementor-element-2d531cf elementor-widget elementor-widget-heading\" data-id=\"2d531cf\" data-element_type=\"widget\" data-e-type=\"widget\" data-widget_type=\"heading.default\">\n\t\t\t\t<div class=\"elementor-widget-container\">\n\t\t\t\t\t<h2 class=\"elementor-heading-title elementor-size-default\">100 ans Bauhaus<\/h2>\t\t\t\t<\/div>\n\t\t\t\t<\/div>\n\t\t\t\t<div class=\"elementor-element elementor-element-47df37d elementor-widget elementor-widget-heading\" data-id=\"47df37d\" data-element_type=\"widget\" data-e-type=\"widget\" data-widget_type=\"heading.default\">\n\t\t\t\t<div class=\"elementor-widget-container\">\n\t\t\t\t\t<h2 class=\"elementor-heading-title elementor-size-default\">Max Bill, Jakob Bill, David Bill :\ntrois g\u00e9n\u00e9rations en comparaison<\/h2>\t\t\t\t<\/div>\n\t\t\t\t<\/div>\n\t\t\t\t<div class=\"elementor-element elementor-element-f1e16a8 elementor-widget elementor-widget-heading\" data-id=\"f1e16a8\" data-element_type=\"widget\" data-e-type=\"widget\" data-widget_type=\"heading.default\">\n\t\t\t\t<div class=\"elementor-widget-container\">\n\t\t\t\t\t<h2 class=\"elementor-heading-title elementor-size-default\">23 f\u00e9vrier 2019 \u2013 14 juin 2019<\/h2>\t\t\t\t<\/div>\n\t\t\t\t<\/div>\n\t\t\t\t<div class=\"elementor-element elementor-element-28677b5 elementor-widget elementor-widget-text-editor\" data-id=\"28677b5\" data-element_type=\"widget\" data-e-type=\"widget\" data-widget_type=\"text-editor.default\">\n\t\t\t\t<div class=\"elementor-widget-container\">\n\t\t\t\t\t\t\t\t\t<p>Avec Max, Jakob et David Bill, trois g\u00e9n\u00e9rations d&rsquo;une famille d&rsquo;artistes viennent \u00e0 la galerie d&rsquo;art Messmer. En l&rsquo;honneur du 100e anniversaire du Bauhaus, on peut voir un total d&rsquo;environ 90 \u0153uvres qui, malgr\u00e9 la m\u00eame direction artistique \u00e0 laquelle les trois artistes se sont consacr\u00e9s, traitent de l&rsquo;art concret de diff\u00e9rentes mani\u00e8res et chacun cherche et montre une approche individuelle. \u00e0 cela. <\/p><p>En tant que l&rsquo;un des repr\u00e9sentants les plus importants de l&rsquo;art constructif concret, Max Bill (1908 &#8211; 1994) place les paradigmes scientifiques et les formules math\u00e9matiques dans un contexte artistique strictement construit. Les enseignements de l&rsquo;\u00e9cole du Bauhaus, o\u00f9 il a \u00e9tudi\u00e9 entre 1927 et 1928, devaient fa\u00e7onner son chemin cr\u00e9atif ult\u00e9rieur pour le moment. Dans son travail, des \u00e9l\u00e9ments d&rsquo;architecture, de design ainsi que de beaux-arts et d&rsquo;arts appliqu\u00e9s sont combin\u00e9s dans une interaction harmonieuse. En 1951, Max Bill a fond\u00e9 le HfG Ulm avec Otl Aichinger et Inge Scholl, dont il a lui-m\u00eame con\u00e7u le b\u00e2timent et dont il a \u00e9t\u00e9 le recteur fondateur. Le fils de Bill, Jakob Bill (*1942), reprend l&rsquo;approche scientifique et th\u00e9orique de l&rsquo;art de son p\u00e8re, mais a pris des chemins compl\u00e8tement diff\u00e9rents dans son \u0153uvre et se concentre enti\u00e8rement sur la peinture. La base de son travail est un canon g\u00e9om\u00e9trique de formes avec des d\u00e9grad\u00e9s de couleurs \u00e9th\u00e9r\u00e9s, caract\u00e9ristique de son travail. Le petit-fils David Bill (*1976 &#8211; 2018) se concentre sur la gestion de l&rsquo;espace et de l&rsquo;am\u00e9nagement des pi\u00e8ces. Les surfaces et les objets sont toujours r\u00e9unis dans de nouvelles variables de forme, s\u00e9par\u00e9s et r\u00e9assembl\u00e9s \u00e0 nouveau. Le centre de ses consid\u00e9rations est toujours le cube. Les couleurs noir et blanc soulignent ce jeu d&rsquo;espace et donnent \u00e0 ses \u0153uvres une dynamique suppl\u00e9mentaire.Outre le g\u00e9nie universel Max Bill, la galerie d&rsquo;art messmer expose \u00e9galement son fils Jakob Bill et son petit-fils David Bill, pr\u00e9sentant ainsi un d\u00e9veloppement interg\u00e9n\u00e9rationnel de cr\u00e9ativit\u00e9 artistique.         <\/p>\t\t\t\t\t\t\t\t<\/div>\n\t\t\t\t<\/div>\n\t\t\t\t<div class=\"elementor-element elementor-element-446d824 elementor-arrows-position-inside elementor-pagination-position-outside elementor-widget elementor-widget-image-carousel\" data-id=\"446d824\" data-element_type=\"widget\" data-e-type=\"widget\" data-settings=\"{&quot;slides_to_show&quot;:&quot;1&quot;,&quot;lazyload&quot;:&quot;yes&quot;,&quot;autoplay_speed&quot;:3000,&quot;navigation&quot;:&quot;both&quot;,&quot;autoplay&quot;:&quot;yes&quot;,&quot;pause_on_hover&quot;:&quot;yes&quot;,&quot;pause_on_interaction&quot;:&quot;yes&quot;,&quot;infinite&quot;:&quot;yes&quot;,&quot;effect&quot;:&quot;slide&quot;,&quot;speed&quot;:500}\" data-widget_type=\"image-carousel.default\">\n\t\t\t\t<div class=\"elementor-widget-container\">\n\t\t\t\t\t\t\t<div class=\"elementor-image-carousel-wrapper swiper\" role=\"region\" aria-roledescription=\"carousel\" aria-label=\"Carrousel d\u2019images\" dir=\"ltr\">\n\t\t\t<div class=\"elementor-image-carousel swiper-wrapper\" aria-live=\"off\">\n\t\t\t\t\t\t\t\t<div class=\"swiper-slide\" role=\"group\" aria-roledescription=\"slide\" aria-label=\"1 sur 10\"><a data-elementor-open-lightbox=\"yes\" data-elementor-lightbox-slideshow=\"446d824\" data-e-action-hash=\"#elementor-action%3Aaction%3Dlightbox%26settings%3DeyJpZCI6MzA4NywidXJsIjoiaHR0cHM6XC9cL2t1bnN0aGFsbGVtZXNzbWVyLmRlXC93cC1jb250ZW50XC91cGxvYWRzXC8yMDIyXC8wNFwvODgtODQtOTAtYl8yMGNtLmpwZyIsInNsaWRlc2hvdyI6IjQ0NmQ4MjQifQ%3D%3D\" href=\"https:\/\/kunsthallemessmer.de\/wp-content\/uploads\/2022\/04\/88-84-90-b_20cm.jpg\"><figure class=\"swiper-slide-inner\"><img class=\"swiper-slide-image swiper-lazy\" data-src=\"https:\/\/kunsthallemessmer.de\/wp-content\/uploads\/elementor\/thumbs\/88-84-90-b_20cm-pnwk5toba0bw0hivhsq5k9lkchah1zz7f92dtykoow.jpg\" alt=\"88-84-90-b_20cm\" \/><div class=\"swiper-lazy-preloader\"><\/div><\/figure><\/a><\/div><div class=\"swiper-slide\" role=\"group\" aria-roledescription=\"slide\" aria-label=\"2 sur 10\"><a data-elementor-open-lightbox=\"yes\" data-elementor-lightbox-slideshow=\"446d824\" data-elementor-lightbox-title=\"1973 no.12\" data-e-action-hash=\"#elementor-action%3Aaction%3Dlightbox%26settings%3DeyJpZCI6MzA4OSwidXJsIjoiaHR0cHM6XC9cL2t1bnN0aGFsbGVtZXNzbWVyLmRlXC93cC1jb250ZW50XC91cGxvYWRzXC8yMDIyXC8wNFwvMTk3M19ubzEyX2gwMV8xMmNtLmpwZyIsInNsaWRlc2hvdyI6IjQ0NmQ4MjQifQ%3D%3D\" href=\"https:\/\/kunsthallemessmer.de\/wp-content\/uploads\/2022\/04\/1973_no12_h01_12cm.jpg\"><figure class=\"swiper-slide-inner\"><img class=\"swiper-slide-image swiper-lazy\" data-src=\"https:\/\/kunsthallemessmer.de\/wp-content\/uploads\/elementor\/thumbs\/1973_no12_h01_12cm-pnwi89m9jd40vak5nqc11thlu04ngbu9uz4vctph4w.jpg\" alt=\"1973 no.12\" \/><div class=\"swiper-lazy-preloader\"><\/div><\/figure><\/a><\/div><div class=\"swiper-slide\" role=\"group\" aria-roledescription=\"slide\" aria-label=\"3 sur 10\"><a data-elementor-open-lightbox=\"yes\" data-elementor-lightbox-slideshow=\"446d824\" data-e-action-hash=\"#elementor-action%3Aaction%3Dlightbox%26settings%3DeyJpZCI6MzA5MSwidXJsIjoiaHR0cHM6XC9cL2t1bnN0aGFsbGVtZXNzbWVyLmRlXC93cC1jb250ZW50XC91cGxvYWRzXC8yMDIyXC8wNFwvMTk3OC04Mi1zeXN0ZW0tYXVzLXNlY2hzLWFlaG5saWNoZW4tZmFyYnJlaWhlbl9DTVlLLmpwZyIsInNsaWRlc2hvdyI6IjQ0NmQ4MjQifQ%3D%3D\" href=\"https:\/\/kunsthallemessmer.de\/wp-content\/uploads\/2022\/04\/1978-82-system-aus-sechs-aehnlichen-farbreihen_CMYK.jpg\"><figure class=\"swiper-slide-inner\"><img class=\"swiper-slide-image swiper-lazy\" data-src=\"https:\/\/kunsthallemessmer.de\/wp-content\/uploads\/elementor\/thumbs\/1978-82-system-aus-sechs-aehnlichen-farbreihen_CMYK-pnwk5ie8zzwg55z9bnumqcg17uu2hmqfdp8k2n1erk.jpg\" alt=\"1978-82-system-aus-sechs-\u00e4hnlichen-farbreihen_CMYK\" \/><div class=\"swiper-lazy-preloader\"><\/div><\/figure><\/a><\/div><div class=\"swiper-slide\" role=\"group\" aria-roledescription=\"slide\" aria-label=\"4 sur 10\"><a data-elementor-open-lightbox=\"yes\" data-elementor-lightbox-slideshow=\"446d824\" data-e-action-hash=\"#elementor-action%3Aaction%3Dlightbox%26settings%3DeyJpZCI6MzA5MywidXJsIjoiaHR0cHM6XC9cL2t1bnN0aGFsbGVtZXNzbWVyLmRlXC93cC1jb250ZW50XC91cGxvYWRzXC8yMDIyXC8wNFwvMjAwNy1ubzFfQ01ZSy5qcGciLCJzbGlkZXNob3ciOiI0NDZkODI0In0%3D\" href=\"https:\/\/kunsthallemessmer.de\/wp-content\/uploads\/2022\/04\/2007-no1_CMYK.jpg\"><figure class=\"swiper-slide-inner\"><img class=\"swiper-slide-image swiper-lazy\" data-src=\"https:\/\/kunsthallemessmer.de\/wp-content\/uploads\/elementor\/thumbs\/2007-no1_CMYK-pnwk5cr7uzoq7i7g8levbdv9njlv7g41cxbn6z9rsw.jpg\" alt=\"2007-no1_CMYK\" \/><div class=\"swiper-lazy-preloader\"><\/div><\/figure><\/a><\/div><div class=\"swiper-slide\" role=\"group\" aria-roledescription=\"slide\" aria-label=\"5 sur 10\"><a data-elementor-open-lightbox=\"yes\" data-elementor-lightbox-slideshow=\"446d824\" data-e-action-hash=\"#elementor-action%3Aaction%3Dlightbox%26settings%3DeyJpZCI6MzA5NSwidXJsIjoiaHR0cHM6XC9cL2t1bnN0aGFsbGVtZXNzbWVyLmRlXC93cC1jb250ZW50XC91cGxvYWRzXC8yMDIyXC8wNFwval9iaWxsXzE5NjZfbm8yOF9oMDFfQ01ZS18xNWNtLmpwZyIsInNsaWRlc2hvdyI6IjQ0NmQ4MjQifQ%3D%3D\" href=\"https:\/\/kunsthallemessmer.de\/wp-content\/uploads\/2022\/04\/j_bill_1966_no28_h01_CMYK_15cm.jpg\"><figure class=\"swiper-slide-inner\"><img class=\"swiper-slide-image swiper-lazy\" data-src=\"https:\/\/kunsthallemessmer.de\/wp-content\/uploads\/elementor\/thumbs\/j_bill_1966_no28_h01_CMYK_15cm-pnwk5746pzh09ufn5iz3wfai38dnx9hnc5eqbbi4u8.jpg\" alt=\"j_bill_1966_no28_h01_CMYK_15cm\" \/><div class=\"swiper-lazy-preloader\"><\/div><\/figure><\/a><\/div><div class=\"swiper-slide\" role=\"group\" aria-roledescription=\"slide\" aria-label=\"6 sur 10\"><a data-elementor-open-lightbox=\"yes\" data-elementor-lightbox-slideshow=\"446d824\" data-e-action-hash=\"#elementor-action%3Aaction%3Dlightbox%26settings%3DeyJpZCI6MzA5NywidXJsIjoiaHR0cHM6XC9cL2t1bnN0aGFsbGVtZXNzbWVyLmRlXC93cC1jb250ZW50XC91cGxvYWRzXC8yMDIyXC8wNFwvU1ZWXzYyMjhfYmVhcmJlaXRldC5qcGciLCJzbGlkZXNob3ciOiI0NDZkODI0In0%3D\" href=\"https:\/\/kunsthallemessmer.de\/wp-content\/uploads\/2022\/04\/SVV_6228_bearbeitet.jpg\"><figure class=\"swiper-slide-inner\"><img class=\"swiper-slide-image swiper-lazy\" data-src=\"https:\/\/kunsthallemessmer.de\/wp-content\/uploads\/elementor\/thumbs\/SVV_6228_bearbeitet-pnwk51h5kz9ac6nu2gjchgpqix5gn2v9bdhtfnqhvk.jpg\" alt=\"SVV_6228_bearbeitet\" \/><div class=\"swiper-lazy-preloader\"><\/div><\/figure><\/a><\/div><div class=\"swiper-slide\" role=\"group\" aria-roledescription=\"slide\" aria-label=\"7 sur 10\"><a data-elementor-open-lightbox=\"yes\" data-elementor-lightbox-slideshow=\"446d824\" data-e-action-hash=\"#elementor-action%3Aaction%3Dlightbox%26settings%3DeyJpZCI6MzA5OSwidXJsIjoiaHR0cHM6XC9cL2t1bnN0aGFsbGVtZXNzbWVyLmRlXC93cC1jb250ZW50XC91cGxvYWRzXC8yMDIyXC8wNFwvU1ZWXzYyNDFfYmVhcmJlaXRldC5qcGciLCJzbGlkZXNob3ciOiI0NDZkODI0In0%3D\" href=\"https:\/\/kunsthallemessmer.de\/wp-content\/uploads\/2022\/04\/SVV_6241_bearbeitet.jpg\"><figure class=\"swiper-slide-inner\"><img class=\"swiper-slide-image swiper-lazy\" data-src=\"https:\/\/kunsthallemessmer.de\/wp-content\/uploads\/elementor\/thumbs\/SVV_6241_bearbeitet-pnwk4vu4fz1keiw0ze3l2i4yylx9cw8valkwjzyuww.jpg\" alt=\"SVV_6241_bearbeitet\" \/><div class=\"swiper-lazy-preloader\"><\/div><\/figure><\/a><\/div><div class=\"swiper-slide\" role=\"group\" aria-roledescription=\"slide\" aria-label=\"8 sur 10\"><a data-elementor-open-lightbox=\"yes\" data-elementor-lightbox-slideshow=\"446d824\" data-e-action-hash=\"#elementor-action%3Aaction%3Dlightbox%26settings%3DeyJpZCI6MzEwMSwidXJsIjoiaHR0cHM6XC9cL2t1bnN0aGFsbGVtZXNzbWVyLmRlXC93cC1jb250ZW50XC91cGxvYWRzXC8yMDIyXC8wNFwvU1ZWXzYzMDFfYmVhcmJlaXRldC5qcGciLCJzbGlkZXNob3ciOiI0NDZkODI0In0%3D\" href=\"https:\/\/kunsthallemessmer.de\/wp-content\/uploads\/2022\/04\/SVV_6301_bearbeitet.jpg\"><figure class=\"swiper-slide-inner\"><img class=\"swiper-slide-image swiper-lazy\" data-src=\"https:\/\/kunsthallemessmer.de\/wp-content\/uploads\/elementor\/thumbs\/SVV_6301_bearbeitet-pnwk4q73aytugv47wbntnjk7eap22pmh9tnzoc77y8.jpg\" alt=\"SVV_6301_bearbeitet\" \/><div class=\"swiper-lazy-preloader\"><\/div><\/figure><\/a><\/div><div class=\"swiper-slide\" role=\"group\" aria-roledescription=\"slide\" aria-label=\"9 sur 10\"><a data-elementor-open-lightbox=\"yes\" data-elementor-lightbox-slideshow=\"446d824\" data-e-action-hash=\"#elementor-action%3Aaction%3Dlightbox%26settings%3DeyJpZCI6MzEwMywidXJsIjoiaHR0cHM6XC9cL2t1bnN0aGFsbGVtZXNzbWVyLmRlXC93cC1jb250ZW50XC91cGxvYWRzXC8yMDIyXC8wNFwvU1ZWXzYzMTNfYmVhcmJlaXRldC5qcGciLCJzbGlkZXNob3ciOiI0NDZkODI0In0%3D\" href=\"https:\/\/kunsthallemessmer.de\/wp-content\/uploads\/2022\/04\/SVV_6313_bearbeitet.jpg\"><figure class=\"swiper-slide-inner\"><img class=\"swiper-slide-image swiper-lazy\" data-src=\"https:\/\/kunsthallemessmer.de\/wp-content\/uploads\/elementor\/thumbs\/SVV_6313_bearbeitet-pnwk4kk25ym4j7cet9828kzftzgusj0391r2sofkzk.jpg\" alt=\"SVV_6313_bearbeitet\" \/><div class=\"swiper-lazy-preloader\"><\/div><\/figure><\/a><\/div><div class=\"swiper-slide\" role=\"group\" aria-roledescription=\"slide\" aria-label=\"10 sur 10\"><a data-elementor-open-lightbox=\"yes\" data-elementor-lightbox-slideshow=\"446d824\" data-e-action-hash=\"#elementor-action%3Aaction%3Dlightbox%26settings%3DeyJpZCI6MzEwNSwidXJsIjoiaHR0cHM6XC9cL2t1bnN0aGFsbGVtZXNzbWVyLmRlXC93cC1jb250ZW50XC91cGxvYWRzXC8yMDIyXC8wNFwvMzVfdHJhbnNjb2xvcmF0aW9uLXp1LXNfdzFfQ01ZSy5qcGciLCJzbGlkZXNob3ciOiI0NDZkODI0In0%3D\" href=\"https:\/\/kunsthallemessmer.de\/wp-content\/uploads\/2022\/04\/35_transcoloration-zu-s_w1_CMYK.jpg\"><figure class=\"swiper-slide-inner\"><img class=\"swiper-slide-image swiper-lazy\" data-src=\"https:\/\/kunsthallemessmer.de\/wp-content\/uploads\/elementor\/thumbs\/35_transcoloration-zu-s_w1_CMYK-pnwk4ex10yeeljklq6satmeo9o8nicdp89u5x0ny0w.jpg\" alt=\"35_transcoloration-zu-s_w1_CMYK\" \/><div class=\"swiper-lazy-preloader\"><\/div><\/figure><\/a><\/div>\t\t\t<\/div>\n\t\t\t\t\t\t\t\t\t\t\t\t<div class=\"elementor-swiper-button elementor-swiper-button-prev\" role=\"button\" tabindex=\"0\">\n\t\t\t\t\t\t<i aria-hidden=\"true\" class=\"eicon-chevron-left\"><\/i>\t\t\t\t\t<\/div>\n\t\t\t\t\t<div class=\"elementor-swiper-button elementor-swiper-button-next\" role=\"button\" tabindex=\"0\">\n\t\t\t\t\t\t<i aria-hidden=\"true\" class=\"eicon-chevron-right\"><\/i>\t\t\t\t\t<\/div>\n\t\t\t\t\n\t\t\t\t\t\t\t\t\t<div class=\"swiper-pagination\"><\/div>\n\t\t\t\t\t\t\t\t\t<\/div>\n\t\t\t\t\t\t<\/div>\n\t\t\t\t<\/div>\n\t\t\t\t<div class=\"elementor-element elementor-element-17ad660 elementor-widget elementor-widget-text-editor\" data-id=\"17ad660\" data-element_type=\"widget\" data-e-type=\"widget\" data-widget_type=\"text-editor.default\">\n\t\t\t\t<div class=\"elementor-widget-container\">\n\t\t\t\t\t\t\t\t\t<p><strong>Bauhaus<\/strong><br>Le Bauhaus est inaugur\u00e9 en 1919 par Walter Gropius \u00e0 Weimar. L&rsquo;\u00e9cole de design devient la plus influente de son \u00e9poque. En 1925, le Bauhaus a d\u00e9m\u00e9nag\u00e9 \u00e0 Dessau et plus tard \u00e0 Berlin, o\u00f9 il a \u00e9t\u00e9 ferm\u00e9 par les nationaux-socialistes. Le Bauhaus \u00e9tait destin\u00e9 \u00e0 servir \u00e0 esth\u00e9tiser la vie quotidienne et \u00e0 cr\u00e9er une \u00e9galit\u00e9 entre l&rsquo;art, l&rsquo;architecture, le design et l&rsquo;artisanat. Bien que \u00ab\u00a0Bauhaus\u00a0\u00bb ait \u00e9t\u00e9 r\u00e9appropri\u00e9 par chaque g\u00e9n\u00e9ration, le mot \u00ab\u00a0style Bauhaus\u00a0\u00bb est devenu un terme fixe dans l&rsquo;architecture, la peinture et le design. L&rsquo;utilisation de formes de base telles que le carr\u00e9, le triangle, le cercle et les couleurs primaires rouge, jaune et bleu, ainsi que le mobilier en acier tubulaire et l&rsquo;architecture en cube blanc sont typiques du Bauhaus. Le fonctionnalisme est le principe directeur du Bauhaus : la forme suit la fonction.<\/p>\t\t\t\t\t\t\t\t<\/div>\n\t\t\t\t<\/div>\n\t\t\t\t\t<\/div>\n\t\t<\/div>\n\t\t\t\t\t<\/div>\n\t\t<\/section>\n\t\t\t\t<\/div>\n\t\t","protected":false},"excerpt":{"rendered":"<p>23\/02\/2019 \u2013 14\/06\/2019<\/p>\n","protected":false},"author":3,"featured_media":0,"comment_status":"closed","ping_status":"open","sticky":false,"template":"","format":"standard","meta":{"footnotes":""},"categories":[17],"tags":[],"class_list":["post-3554","post","type-post","status-publish","format-standard","hentry","category-exposition"],"yoast_head":"<!-- This site is optimized with the Yoast SEO plugin v27.5 - https:\/\/yoast.com\/product\/yoast-seo-wordpress\/ -->\n<title>100 ans Bauhaus - Kunsthalle Messmer<\/title>\n<meta name=\"robots\" content=\"index, follow, max-snippet:-1, max-image-preview:large, max-video-preview:-1\" \/>\n<link rel=\"canonical\" href=\"https:\/\/kunsthallemessmer.de\/fr\/exposition\/100-ans-bauhaus\/\" \/>\n<meta property=\"og:locale\" content=\"fr_FR\" \/>\n<meta property=\"og:type\" content=\"article\" \/>\n<meta property=\"og:title\" content=\"100 ans Bauhaus - Kunsthalle Messmer\" \/>\n<meta property=\"og:description\" content=\"23\/02\/2019 \u2013 14\/06\/2019\" \/>\n<meta property=\"og:url\" content=\"https:\/\/kunsthallemessmer.de\/fr\/exposition\/100-ans-bauhaus\/\" \/>\n<meta property=\"og:site_name\" content=\"Kunsthalle Messmer\" \/>\n<meta property=\"article:published_time\" content=\"2022-04-07T20:36:32+00:00\" \/>\n<meta property=\"article:modified_time\" content=\"2025-08-24T06:30:41+00:00\" \/>\n<meta property=\"og:image\" content=\"https:\/\/kunsthallemessmer.de\/wp-content\/uploads\/elementor\/thumbs\/88-84-90-b_20cm-pnwk5toba0bw0hivhsq5k9lkchah1zz7f92dtykoow.jpg\" \/>\n<meta name=\"author\" content=\"Erik Lachfeld\" \/>\n<meta name=\"twitter:card\" content=\"summary_large_image\" \/>\n<meta name=\"twitter:label1\" content=\"\u00c9crit par\" \/>\n\t<meta name=\"twitter:data1\" content=\"Erik Lachfeld\" \/>\n\t<meta name=\"twitter:label2\" content=\"Dur\u00e9e de lecture estim\u00e9e\" \/>\n\t<meta name=\"twitter:data2\" content=\"3 minutes\" \/>\n<script type=\"application\/ld+json\" class=\"yoast-schema-graph\">{\"@context\":\"https:\\\/\\\/schema.org\",\"@graph\":[{\"@type\":\"Article\",\"@id\":\"https:\\\/\\\/kunsthallemessmer.de\\\/fr\\\/exposition\\\/100-ans-bauhaus\\\/#article\",\"isPartOf\":{\"@id\":\"https:\\\/\\\/kunsthallemessmer.de\\\/fr\\\/exposition\\\/100-ans-bauhaus\\\/\"},\"author\":{\"name\":\"Erik Lachfeld\",\"@id\":\"https:\\\/\\\/kunsthallemessmer.de\\\/fr\\\/#\\\/schema\\\/person\\\/24f7ee6ec431a05000425936de23c890\"},\"headline\":\"100 ans Bauhaus\",\"datePublished\":\"2022-04-07T20:36:32+00:00\",\"dateModified\":\"2025-08-24T06:30:41+00:00\",\"mainEntityOfPage\":{\"@id\":\"https:\\\/\\\/kunsthallemessmer.de\\\/fr\\\/exposition\\\/100-ans-bauhaus\\\/\"},\"wordCount\":528,\"publisher\":{\"@id\":\"https:\\\/\\\/kunsthallemessmer.de\\\/fr\\\/#organization\"},\"image\":{\"@id\":\"https:\\\/\\\/kunsthallemessmer.de\\\/fr\\\/exposition\\\/100-ans-bauhaus\\\/#primaryimage\"},\"thumbnailUrl\":\"https:\\\/\\\/kunsthallemessmer.de\\\/wp-content\\\/uploads\\\/elementor\\\/thumbs\\\/88-84-90-b_20cm-pnwk5toba0bw0hivhsq5k9lkchah1zz7f92dtykoow.jpg\",\"articleSection\":[\"exposition\"],\"inLanguage\":\"fr-FR\"},{\"@type\":\"WebPage\",\"@id\":\"https:\\\/\\\/kunsthallemessmer.de\\\/fr\\\/exposition\\\/100-ans-bauhaus\\\/\",\"url\":\"https:\\\/\\\/kunsthallemessmer.de\\\/fr\\\/exposition\\\/100-ans-bauhaus\\\/\",\"name\":\"100 ans Bauhaus - Kunsthalle Messmer\",\"isPartOf\":{\"@id\":\"https:\\\/\\\/kunsthallemessmer.de\\\/fr\\\/#website\"},\"primaryImageOfPage\":{\"@id\":\"https:\\\/\\\/kunsthallemessmer.de\\\/fr\\\/exposition\\\/100-ans-bauhaus\\\/#primaryimage\"},\"image\":{\"@id\":\"https:\\\/\\\/kunsthallemessmer.de\\\/fr\\\/exposition\\\/100-ans-bauhaus\\\/#primaryimage\"},\"thumbnailUrl\":\"https:\\\/\\\/kunsthallemessmer.de\\\/wp-content\\\/uploads\\\/elementor\\\/thumbs\\\/88-84-90-b_20cm-pnwk5toba0bw0hivhsq5k9lkchah1zz7f92dtykoow.jpg\",\"datePublished\":\"2022-04-07T20:36:32+00:00\",\"dateModified\":\"2025-08-24T06:30:41+00:00\",\"breadcrumb\":{\"@id\":\"https:\\\/\\\/kunsthallemessmer.de\\\/fr\\\/exposition\\\/100-ans-bauhaus\\\/#breadcrumb\"},\"inLanguage\":\"fr-FR\",\"potentialAction\":[{\"@type\":\"ReadAction\",\"target\":[\"https:\\\/\\\/kunsthallemessmer.de\\\/fr\\\/exposition\\\/100-ans-bauhaus\\\/\"]}]},{\"@type\":\"ImageObject\",\"inLanguage\":\"fr-FR\",\"@id\":\"https:\\\/\\\/kunsthallemessmer.de\\\/fr\\\/exposition\\\/100-ans-bauhaus\\\/#primaryimage\",\"url\":\"https:\\\/\\\/kunsthallemessmer.de\\\/wp-content\\\/uploads\\\/elementor\\\/thumbs\\\/88-84-90-b_20cm-pnwk5toba0bw0hivhsq5k9lkchah1zz7f92dtykoow.jpg\",\"contentUrl\":\"https:\\\/\\\/kunsthallemessmer.de\\\/wp-content\\\/uploads\\\/elementor\\\/thumbs\\\/88-84-90-b_20cm-pnwk5toba0bw0hivhsq5k9lkchah1zz7f92dtykoow.jpg\"},{\"@type\":\"BreadcrumbList\",\"@id\":\"https:\\\/\\\/kunsthallemessmer.de\\\/fr\\\/exposition\\\/100-ans-bauhaus\\\/#breadcrumb\",\"itemListElement\":[{\"@type\":\"ListItem\",\"position\":1,\"name\":\"Startseite\",\"item\":\"https:\\\/\\\/kunsthallemessmer.de\\\/fr\\\/apercu\\\/\"},{\"@type\":\"ListItem\",\"position\":2,\"name\":\"100 ans Bauhaus\"}]},{\"@type\":\"WebSite\",\"@id\":\"https:\\\/\\\/kunsthallemessmer.de\\\/fr\\\/#website\",\"url\":\"https:\\\/\\\/kunsthallemessmer.de\\\/fr\\\/\",\"name\":\"Kunsthalle Messmer\",\"description\":\"Riegel am Kaiserstuhl\",\"publisher\":{\"@id\":\"https:\\\/\\\/kunsthallemessmer.de\\\/fr\\\/#organization\"},\"potentialAction\":[{\"@type\":\"SearchAction\",\"target\":{\"@type\":\"EntryPoint\",\"urlTemplate\":\"https:\\\/\\\/kunsthallemessmer.de\\\/fr\\\/?s={search_term_string}\"},\"query-input\":{\"@type\":\"PropertyValueSpecification\",\"valueRequired\":true,\"valueName\":\"search_term_string\"}}],\"inLanguage\":\"fr-FR\"},{\"@type\":\"Organization\",\"@id\":\"https:\\\/\\\/kunsthallemessmer.de\\\/fr\\\/#organization\",\"name\":\"Kunsthalle Messmer\",\"url\":\"https:\\\/\\\/kunsthallemessmer.de\\\/fr\\\/\",\"logo\":{\"@type\":\"ImageObject\",\"inLanguage\":\"fr-FR\",\"@id\":\"https:\\\/\\\/kunsthallemessmer.de\\\/fr\\\/#\\\/schema\\\/logo\\\/image\\\/\",\"url\":\"https:\\\/\\\/kunsthallemessmer.de\\\/wp-content\\\/uploads\\\/2022\\\/04\\\/kunsthalle_messmer_pos-2-png.png\",\"contentUrl\":\"https:\\\/\\\/kunsthallemessmer.de\\\/wp-content\\\/uploads\\\/2022\\\/04\\\/kunsthalle_messmer_pos-2-png.png\",\"width\":2412,\"height\":434,\"caption\":\"Kunsthalle Messmer\"},\"image\":{\"@id\":\"https:\\\/\\\/kunsthallemessmer.de\\\/fr\\\/#\\\/schema\\\/logo\\\/image\\\/\"}},{\"@type\":\"Person\",\"@id\":\"https:\\\/\\\/kunsthallemessmer.de\\\/fr\\\/#\\\/schema\\\/person\\\/24f7ee6ec431a05000425936de23c890\",\"name\":\"Erik Lachfeld\",\"image\":{\"@type\":\"ImageObject\",\"inLanguage\":\"fr-FR\",\"@id\":\"https:\\\/\\\/secure.gravatar.com\\\/avatar\\\/d5d42cc40010ba9998f57d7cebaf2952e1274f5c452ff570f85bbee0f9ecb43a?s=96&d=mm&r=g\",\"url\":\"https:\\\/\\\/secure.gravatar.com\\\/avatar\\\/d5d42cc40010ba9998f57d7cebaf2952e1274f5c452ff570f85bbee0f9ecb43a?s=96&d=mm&r=g\",\"contentUrl\":\"https:\\\/\\\/secure.gravatar.com\\\/avatar\\\/d5d42cc40010ba9998f57d7cebaf2952e1274f5c452ff570f85bbee0f9ecb43a?s=96&d=mm&r=g\",\"caption\":\"Erik Lachfeld\"},\"url\":\"https:\\\/\\\/kunsthallemessmer.de\\\/fr\\\/author\\\/erik-lachfeld\\\/\"}]}<\/script>\n<!-- \/ Yoast SEO plugin. -->","yoast_head_json":{"title":"100 ans Bauhaus - Kunsthalle Messmer","robots":{"index":"index","follow":"follow","max-snippet":"max-snippet:-1","max-image-preview":"max-image-preview:large","max-video-preview":"max-video-preview:-1"},"canonical":"https:\/\/kunsthallemessmer.de\/fr\/exposition\/100-ans-bauhaus\/","og_locale":"fr_FR","og_type":"article","og_title":"100 ans Bauhaus - Kunsthalle Messmer","og_description":"23\/02\/2019 \u2013 14\/06\/2019","og_url":"https:\/\/kunsthallemessmer.de\/fr\/exposition\/100-ans-bauhaus\/","og_site_name":"Kunsthalle Messmer","article_published_time":"2022-04-07T20:36:32+00:00","article_modified_time":"2025-08-24T06:30:41+00:00","og_image":[{"url":"https:\/\/kunsthallemessmer.de\/wp-content\/uploads\/elementor\/thumbs\/88-84-90-b_20cm-pnwk5toba0bw0hivhsq5k9lkchah1zz7f92dtykoow.jpg","type":"","width":"","height":""}],"author":"Erik Lachfeld","twitter_card":"summary_large_image","twitter_misc":{"\u00c9crit par":"Erik Lachfeld","Dur\u00e9e de lecture estim\u00e9e":"3 minutes"},"schema":{"@context":"https:\/\/schema.org","@graph":[{"@type":"Article","@id":"https:\/\/kunsthallemessmer.de\/fr\/exposition\/100-ans-bauhaus\/#article","isPartOf":{"@id":"https:\/\/kunsthallemessmer.de\/fr\/exposition\/100-ans-bauhaus\/"},"author":{"name":"Erik Lachfeld","@id":"https:\/\/kunsthallemessmer.de\/fr\/#\/schema\/person\/24f7ee6ec431a05000425936de23c890"},"headline":"100 ans Bauhaus","datePublished":"2022-04-07T20:36:32+00:00","dateModified":"2025-08-24T06:30:41+00:00","mainEntityOfPage":{"@id":"https:\/\/kunsthallemessmer.de\/fr\/exposition\/100-ans-bauhaus\/"},"wordCount":528,"publisher":{"@id":"https:\/\/kunsthallemessmer.de\/fr\/#organization"},"image":{"@id":"https:\/\/kunsthallemessmer.de\/fr\/exposition\/100-ans-bauhaus\/#primaryimage"},"thumbnailUrl":"https:\/\/kunsthallemessmer.de\/wp-content\/uploads\/elementor\/thumbs\/88-84-90-b_20cm-pnwk5toba0bw0hivhsq5k9lkchah1zz7f92dtykoow.jpg","articleSection":["exposition"],"inLanguage":"fr-FR"},{"@type":"WebPage","@id":"https:\/\/kunsthallemessmer.de\/fr\/exposition\/100-ans-bauhaus\/","url":"https:\/\/kunsthallemessmer.de\/fr\/exposition\/100-ans-bauhaus\/","name":"100 ans Bauhaus - Kunsthalle Messmer","isPartOf":{"@id":"https:\/\/kunsthallemessmer.de\/fr\/#website"},"primaryImageOfPage":{"@id":"https:\/\/kunsthallemessmer.de\/fr\/exposition\/100-ans-bauhaus\/#primaryimage"},"image":{"@id":"https:\/\/kunsthallemessmer.de\/fr\/exposition\/100-ans-bauhaus\/#primaryimage"},"thumbnailUrl":"https:\/\/kunsthallemessmer.de\/wp-content\/uploads\/elementor\/thumbs\/88-84-90-b_20cm-pnwk5toba0bw0hivhsq5k9lkchah1zz7f92dtykoow.jpg","datePublished":"2022-04-07T20:36:32+00:00","dateModified":"2025-08-24T06:30:41+00:00","breadcrumb":{"@id":"https:\/\/kunsthallemessmer.de\/fr\/exposition\/100-ans-bauhaus\/#breadcrumb"},"inLanguage":"fr-FR","potentialAction":[{"@type":"ReadAction","target":["https:\/\/kunsthallemessmer.de\/fr\/exposition\/100-ans-bauhaus\/"]}]},{"@type":"ImageObject","inLanguage":"fr-FR","@id":"https:\/\/kunsthallemessmer.de\/fr\/exposition\/100-ans-bauhaus\/#primaryimage","url":"https:\/\/kunsthallemessmer.de\/wp-content\/uploads\/elementor\/thumbs\/88-84-90-b_20cm-pnwk5toba0bw0hivhsq5k9lkchah1zz7f92dtykoow.jpg","contentUrl":"https:\/\/kunsthallemessmer.de\/wp-content\/uploads\/elementor\/thumbs\/88-84-90-b_20cm-pnwk5toba0bw0hivhsq5k9lkchah1zz7f92dtykoow.jpg"},{"@type":"BreadcrumbList","@id":"https:\/\/kunsthallemessmer.de\/fr\/exposition\/100-ans-bauhaus\/#breadcrumb","itemListElement":[{"@type":"ListItem","position":1,"name":"Startseite","item":"https:\/\/kunsthallemessmer.de\/fr\/apercu\/"},{"@type":"ListItem","position":2,"name":"100 ans Bauhaus"}]},{"@type":"WebSite","@id":"https:\/\/kunsthallemessmer.de\/fr\/#website","url":"https:\/\/kunsthallemessmer.de\/fr\/","name":"Kunsthalle Messmer","description":"Riegel am Kaiserstuhl","publisher":{"@id":"https:\/\/kunsthallemessmer.de\/fr\/#organization"},"potentialAction":[{"@type":"SearchAction","target":{"@type":"EntryPoint","urlTemplate":"https:\/\/kunsthallemessmer.de\/fr\/?s={search_term_string}"},"query-input":{"@type":"PropertyValueSpecification","valueRequired":true,"valueName":"search_term_string"}}],"inLanguage":"fr-FR"},{"@type":"Organization","@id":"https:\/\/kunsthallemessmer.de\/fr\/#organization","name":"Kunsthalle Messmer","url":"https:\/\/kunsthallemessmer.de\/fr\/","logo":{"@type":"ImageObject","inLanguage":"fr-FR","@id":"https:\/\/kunsthallemessmer.de\/fr\/#\/schema\/logo\/image\/","url":"https:\/\/kunsthallemessmer.de\/wp-content\/uploads\/2022\/04\/kunsthalle_messmer_pos-2-png.png","contentUrl":"https:\/\/kunsthallemessmer.de\/wp-content\/uploads\/2022\/04\/kunsthalle_messmer_pos-2-png.png","width":2412,"height":434,"caption":"Kunsthalle Messmer"},"image":{"@id":"https:\/\/kunsthallemessmer.de\/fr\/#\/schema\/logo\/image\/"}},{"@type":"Person","@id":"https:\/\/kunsthallemessmer.de\/fr\/#\/schema\/person\/24f7ee6ec431a05000425936de23c890","name":"Erik Lachfeld","image":{"@type":"ImageObject","inLanguage":"fr-FR","@id":"https:\/\/secure.gravatar.com\/avatar\/d5d42cc40010ba9998f57d7cebaf2952e1274f5c452ff570f85bbee0f9ecb43a?s=96&d=mm&r=g","url":"https:\/\/secure.gravatar.com\/avatar\/d5d42cc40010ba9998f57d7cebaf2952e1274f5c452ff570f85bbee0f9ecb43a?s=96&d=mm&r=g","contentUrl":"https:\/\/secure.gravatar.com\/avatar\/d5d42cc40010ba9998f57d7cebaf2952e1274f5c452ff570f85bbee0f9ecb43a?s=96&d=mm&r=g","caption":"Erik Lachfeld"},"url":"https:\/\/kunsthallemessmer.de\/fr\/author\/erik-lachfeld\/"}]}},"_links":{"self":[{"href":"https:\/\/kunsthallemessmer.de\/fr\/wp-json\/wp\/v2\/posts\/3554","targetHints":{"allow":["GET"]}}],"collection":[{"href":"https:\/\/kunsthallemessmer.de\/fr\/wp-json\/wp\/v2\/posts"}],"about":[{"href":"https:\/\/kunsthallemessmer.de\/fr\/wp-json\/wp\/v2\/types\/post"}],"author":[{"embeddable":true,"href":"https:\/\/kunsthallemessmer.de\/fr\/wp-json\/wp\/v2\/users\/3"}],"replies":[{"embeddable":true,"href":"https:\/\/kunsthallemessmer.de\/fr\/wp-json\/wp\/v2\/comments?post=3554"}],"version-history":[{"count":2,"href":"https:\/\/kunsthallemessmer.de\/fr\/wp-json\/wp\/v2\/posts\/3554\/revisions"}],"predecessor-version":[{"id":10383,"href":"https:\/\/kunsthallemessmer.de\/fr\/wp-json\/wp\/v2\/posts\/3554\/revisions\/10383"}],"wp:attachment":[{"href":"https:\/\/kunsthallemessmer.de\/fr\/wp-json\/wp\/v2\/media?parent=3554"}],"wp:term":[{"taxonomy":"category","embeddable":true,"href":"https:\/\/kunsthallemessmer.de\/fr\/wp-json\/wp\/v2\/categories?post=3554"},{"taxonomy":"post_tag","embeddable":true,"href":"https:\/\/kunsthallemessmer.de\/fr\/wp-json\/wp\/v2\/tags?post=3554"}],"curies":[{"name":"wp","href":"https:\/\/api.w.org\/{rel}","templated":true}]}}