{"id":3565,"date":"2022-04-08T09:59:10","date_gmt":"2022-04-08T07:59:10","guid":{"rendered":"https:\/\/kunsthallemessmer.de\/non-classifiee\/12-regions-illimitees\/"},"modified":"2022-04-28T08:25:40","modified_gmt":"2022-04-28T06:25:40","slug":"12-regions-illimitees","status":"publish","type":"post","link":"https:\/\/kunsthallemessmer.de\/fr\/exposition\/12-regions-illimitees\/","title":{"rendered":"12 r\u00e9gions illimit\u00e9es"},"content":{"rendered":"\t\t<div data-elementor-type=\"wp-post\" data-elementor-id=\"3565\" class=\"elementor elementor-3565 elementor-1278\" data-elementor-post-type=\"post\">\n\t\t\t\t\t\t<section class=\"elementor-section elementor-top-section elementor-element elementor-element-4f3beb2 elementor-section-boxed elementor-section-height-default elementor-section-height-default\" data-id=\"4f3beb2\" data-element_type=\"section\" data-e-type=\"section\">\n\t\t\t\t\t\t<div class=\"elementor-container elementor-column-gap-default\">\n\t\t\t\t\t<div class=\"elementor-column elementor-col-100 elementor-top-column elementor-element elementor-element-e792a94\" data-id=\"e792a94\" data-element_type=\"column\" data-e-type=\"column\">\n\t\t\t<div class=\"elementor-widget-wrap elementor-element-populated\">\n\t\t\t\t\t\t<div class=\"elementor-element elementor-element-e1c385b elementor-widget elementor-widget-heading\" data-id=\"e1c385b\" data-element_type=\"widget\" data-e-type=\"widget\" data-widget_type=\"heading.default\">\n\t\t\t\t<div class=\"elementor-widget-container\">\n\t\t\t\t\t<h2 class=\"elementor-heading-title elementor-size-default\">12 r\u00e9gions illimit\u00e9es<\/h2>\t\t\t\t<\/div>\n\t\t\t\t<\/div>\n\t\t\t\t<div class=\"elementor-element elementor-element-afd5bb3 elementor-widget elementor-widget-heading\" data-id=\"afd5bb3\" data-element_type=\"widget\" data-e-type=\"widget\" data-widget_type=\"heading.default\">\n\t\t\t\t<div class=\"elementor-widget-container\">\n\t\t\t\t\t<h2 class=\"elementor-heading-title elementor-size-default\">30\/04\/2017 \u2013 19\/06\/2016<\/h2>\t\t\t\t<\/div>\n\t\t\t\t<\/div>\n\t\t\t\t<div class=\"elementor-element elementor-element-1e7896c elementor-widget elementor-widget-text-editor\" data-id=\"1e7896c\" data-element_type=\"widget\" data-e-type=\"widget\" data-widget_type=\"text-editor.default\">\n\t\t\t\t<div class=\"elementor-widget-container\">\n\t\t\t\t\t\t\t\t\t<p>De Kandern en passant par Fribourg en passant par Ottersweier, de Rottweil \u00e0 Schallstadt \u2013 la galerie d&rsquo;art messmer \u00e0 Riegel regardait dans toutes les directions dans cette exposition sp\u00e9ciale. La vue p\u00e9n\u00e9trait dans la r\u00e9gion et pourtant sans limites bien au-del\u00e0. Parce que \u00ab\u00a012\u00a0\u00bb r\u00e9unit des artistes qui ont trouv\u00e9 leur propre style ind\u00e9pendant et incomparable au cours des derni\u00e8res d\u00e9cennies et qui sont connus bien au-del\u00e0 des fronti\u00e8res nationales avec leurs peintures, installations et sculptures. Cela signifie, bien s\u00fbr, \u00ab\u00a0Gl\u00e4ser\u00a0\u00bb de Peter Dreher, une grande installation de personnages de J\u00fcrgen Brodwolf, des sculptures en bois de CW Loth, des peintures opulentes et de nombreuses rencontres avec de \u00ab\u00a0vieilles\u00a0\u00bb connaissances.<\/p>\t\t\t\t\t\t\t\t<\/div>\n\t\t\t\t<\/div>\n\t\t\t\t<div class=\"elementor-element elementor-element-5edf4bc elementor-widget elementor-widget-image\" data-id=\"5edf4bc\" data-element_type=\"widget\" data-e-type=\"widget\" data-widget_type=\"image.default\">\n\t\t\t\t<div class=\"elementor-widget-container\">\n\t\t\t\t\t\t\t\t\t\t\t\t<figure class=\"wp-caption\">\n\t\t\t\t\t\t\t\t\t\t\t<a href=\"https:\/\/kunsthallemessmer.de\/wp-content\/uploads\/2022\/04\/Kitzinger.jpg\" data-elementor-open-lightbox=\"yes\" data-elementor-lightbox-title=\"Thomas Kitzinger, A3-11 bis A7-11-2011, A6-05, 2005, \u00d6l auf Aluminium \u00a9 Thomas Kitzinger courtesy Galerie Albert Baumgarten, Freiburg\" data-e-action-hash=\"#elementor-action%3Aaction%3Dlightbox%26settings%3DeyJpZCI6MzE3OSwidXJsIjoiaHR0cHM6XC9cL2t1bnN0aGFsbGVtZXNzbWVyLmRlXC93cC1jb250ZW50XC91cGxvYWRzXC8yMDIyXC8wNFwvS2l0emluZ2VyLmpwZyJ9\">\n\t\t\t\t\t\t\t<img fetchpriority=\"high\" decoding=\"async\" width=\"448\" height=\"206\" src=\"https:\/\/kunsthallemessmer.de\/wp-content\/uploads\/2022\/04\/Kitzinger.jpg\" class=\"attachment-large size-large wp-image-3179\" alt=\"\" srcset=\"https:\/\/kunsthallemessmer.de\/wp-content\/uploads\/2022\/04\/Kitzinger.jpg 448w, https:\/\/kunsthallemessmer.de\/wp-content\/uploads\/2022\/04\/Kitzinger-300x138.jpg 300w\" sizes=\"(max-width: 448px) 100vw, 448px\" \/>\t\t\t\t\t\t\t\t<\/a>\n\t\t\t\t\t\t\t\t\t\t\t<figcaption class=\"widget-image-caption wp-caption-text\">Thomas Kitzinger, A3-11 bis A7-11-2011, A6-05, 2005, \u00d6l auf Aluminium \u00a9 Thomas Kitzinger courtesy Galerie Albert Baumgarten, Freiburg<\/figcaption>\n\t\t\t\t\t\t\t\t\t\t<\/figure>\n\t\t\t\t\t\t\t\t\t<\/div>\n\t\t\t\t<\/div>\n\t\t\t\t<div class=\"elementor-element elementor-element-bed978d elementor-widget elementor-widget-text-editor\" data-id=\"bed978d\" data-element_type=\"widget\" data-e-type=\"widget\" data-widget_type=\"text-editor.default\">\n\t\t\t\t<div class=\"elementor-widget-container\">\n\t\t\t\t\t\t\t\t\t<p>Les artistes participants \u00e9taient :<\/p><p>Werner Berg\u00e8s<br>Gerhard Birkhofer<br>J\u00fcrgen Brodwolf<br>Pierre Turner<br>Manfred Emmenegger Chancelier<br>Elisabeth Endres<br>Angela M. Flaig<br>Thomas Kitzinger<br>CW Loth<br>Celso Martinez Naves<br>Wolfram Scheffel<\/p>\t\t\t\t\t\t\t\t<\/div>\n\t\t\t\t<\/div>\n\t\t\t\t\t<\/div>\n\t\t<\/div>\n\t\t\t\t\t<\/div>\n\t\t<\/section>\n\t\t\t\t<\/div>\n\t\t","protected":false},"excerpt":{"rendered":"<p>30\/04\/2017 \u2013 19\/06\/2016<\/p>\n","protected":false},"author":3,"featured_media":0,"comment_status":"open","ping_status":"open","sticky":false,"template":"","format":"standard","meta":{"footnotes":""},"categories":[1],"tags":[],"class_list":["post-3565","post","type-post","status-publish","format-standard","hentry","category-austellungen"],"yoast_head":"<!-- This site is optimized with the Yoast SEO plugin v27.5 - https:\/\/yoast.com\/product\/yoast-seo-wordpress\/ -->\n<title>12 r\u00e9gions illimit\u00e9es - Kunsthalle Messmer<\/title>\n<meta name=\"robots\" content=\"index, follow, max-snippet:-1, max-image-preview:large, max-video-preview:-1\" \/>\n<link rel=\"canonical\" href=\"https:\/\/kunsthallemessmer.de\/fr\/exposition\/12-regions-illimitees\/\" \/>\n<meta property=\"og:locale\" content=\"fr_FR\" \/>\n<meta property=\"og:type\" content=\"article\" \/>\n<meta property=\"og:title\" content=\"12 r\u00e9gions illimit\u00e9es - Kunsthalle Messmer\" \/>\n<meta property=\"og:description\" content=\"30\/04\/2017 \u2013 19\/06\/2016\" \/>\n<meta property=\"og:url\" content=\"https:\/\/kunsthallemessmer.de\/fr\/exposition\/12-regions-illimitees\/\" \/>\n<meta property=\"og:site_name\" content=\"Kunsthalle Messmer\" \/>\n<meta property=\"article:published_time\" content=\"2022-04-08T07:59:10+00:00\" \/>\n<meta property=\"article:modified_time\" content=\"2022-04-28T06:25:40+00:00\" \/>\n<meta property=\"og:image\" content=\"https:\/\/kunsthallemessmer.de\/wp-content\/uploads\/2022\/04\/Kitzinger.jpg\" \/>\n<meta name=\"author\" content=\"Erik Lachfeld\" \/>\n<meta name=\"twitter:card\" content=\"summary_large_image\" \/>\n<meta name=\"twitter:label1\" content=\"\u00c9crit par\" \/>\n\t<meta name=\"twitter:data1\" content=\"Erik Lachfeld\" \/>\n\t<meta name=\"twitter:label2\" content=\"Dur\u00e9e de lecture estim\u00e9e\" \/>\n\t<meta name=\"twitter:data2\" content=\"1 minute\" \/>\n<script type=\"application\/ld+json\" class=\"yoast-schema-graph\">{\"@context\":\"https:\\\/\\\/schema.org\",\"@graph\":[{\"@type\":\"Article\",\"@id\":\"https:\\\/\\\/kunsthallemessmer.de\\\/fr\\\/exposition\\\/12-regions-illimitees\\\/#article\",\"isPartOf\":{\"@id\":\"https:\\\/\\\/kunsthallemessmer.de\\\/fr\\\/exposition\\\/12-regions-illimitees\\\/\"},\"author\":{\"name\":\"Erik Lachfeld\",\"@id\":\"https:\\\/\\\/kunsthallemessmer.de\\\/fr\\\/#\\\/schema\\\/person\\\/24f7ee6ec431a05000425936de23c890\"},\"headline\":\"12 r\u00e9gions illimit\u00e9es\",\"datePublished\":\"2022-04-08T07:59:10+00:00\",\"dateModified\":\"2022-04-28T06:25:40+00:00\",\"mainEntityOfPage\":{\"@id\":\"https:\\\/\\\/kunsthallemessmer.de\\\/fr\\\/exposition\\\/12-regions-illimitees\\\/\"},\"wordCount\":165,\"commentCount\":0,\"publisher\":{\"@id\":\"https:\\\/\\\/kunsthallemessmer.de\\\/fr\\\/#organization\"},\"image\":{\"@id\":\"https:\\\/\\\/kunsthallemessmer.de\\\/fr\\\/exposition\\\/12-regions-illimitees\\\/#primaryimage\"},\"thumbnailUrl\":\"https:\\\/\\\/kunsthallemessmer.de\\\/wp-content\\\/uploads\\\/2022\\\/04\\\/Kitzinger.jpg\",\"articleSection\":[\"Austellungen\"],\"inLanguage\":\"fr-FR\"},{\"@type\":\"WebPage\",\"@id\":\"https:\\\/\\\/kunsthallemessmer.de\\\/fr\\\/exposition\\\/12-regions-illimitees\\\/\",\"url\":\"https:\\\/\\\/kunsthallemessmer.de\\\/fr\\\/exposition\\\/12-regions-illimitees\\\/\",\"name\":\"12 r\u00e9gions illimit\u00e9es - Kunsthalle Messmer\",\"isPartOf\":{\"@id\":\"https:\\\/\\\/kunsthallemessmer.de\\\/fr\\\/#website\"},\"primaryImageOfPage\":{\"@id\":\"https:\\\/\\\/kunsthallemessmer.de\\\/fr\\\/exposition\\\/12-regions-illimitees\\\/#primaryimage\"},\"image\":{\"@id\":\"https:\\\/\\\/kunsthallemessmer.de\\\/fr\\\/exposition\\\/12-regions-illimitees\\\/#primaryimage\"},\"thumbnailUrl\":\"https:\\\/\\\/kunsthallemessmer.de\\\/wp-content\\\/uploads\\\/2022\\\/04\\\/Kitzinger.jpg\",\"datePublished\":\"2022-04-08T07:59:10+00:00\",\"dateModified\":\"2022-04-28T06:25:40+00:00\",\"breadcrumb\":{\"@id\":\"https:\\\/\\\/kunsthallemessmer.de\\\/fr\\\/exposition\\\/12-regions-illimitees\\\/#breadcrumb\"},\"inLanguage\":\"fr-FR\",\"potentialAction\":[{\"@type\":\"ReadAction\",\"target\":[\"https:\\\/\\\/kunsthallemessmer.de\\\/fr\\\/exposition\\\/12-regions-illimitees\\\/\"]}]},{\"@type\":\"ImageObject\",\"inLanguage\":\"fr-FR\",\"@id\":\"https:\\\/\\\/kunsthallemessmer.de\\\/fr\\\/exposition\\\/12-regions-illimitees\\\/#primaryimage\",\"url\":\"https:\\\/\\\/kunsthallemessmer.de\\\/wp-content\\\/uploads\\\/2022\\\/04\\\/Kitzinger.jpg\",\"contentUrl\":\"https:\\\/\\\/kunsthallemessmer.de\\\/wp-content\\\/uploads\\\/2022\\\/04\\\/Kitzinger.jpg\"},{\"@type\":\"BreadcrumbList\",\"@id\":\"https:\\\/\\\/kunsthallemessmer.de\\\/fr\\\/exposition\\\/12-regions-illimitees\\\/#breadcrumb\",\"itemListElement\":[{\"@type\":\"ListItem\",\"position\":1,\"name\":\"Startseite\",\"item\":\"https:\\\/\\\/kunsthallemessmer.de\\\/fr\\\/apercu\\\/\"},{\"@type\":\"ListItem\",\"position\":2,\"name\":\"12 r\u00e9gions illimit\u00e9es\"}]},{\"@type\":\"WebSite\",\"@id\":\"https:\\\/\\\/kunsthallemessmer.de\\\/fr\\\/#website\",\"url\":\"https:\\\/\\\/kunsthallemessmer.de\\\/fr\\\/\",\"name\":\"Kunsthalle Messmer\",\"description\":\"Riegel am Kaiserstuhl\",\"publisher\":{\"@id\":\"https:\\\/\\\/kunsthallemessmer.de\\\/fr\\\/#organization\"},\"potentialAction\":[{\"@type\":\"SearchAction\",\"target\":{\"@type\":\"EntryPoint\",\"urlTemplate\":\"https:\\\/\\\/kunsthallemessmer.de\\\/fr\\\/?s={search_term_string}\"},\"query-input\":{\"@type\":\"PropertyValueSpecification\",\"valueRequired\":true,\"valueName\":\"search_term_string\"}}],\"inLanguage\":\"fr-FR\"},{\"@type\":\"Organization\",\"@id\":\"https:\\\/\\\/kunsthallemessmer.de\\\/fr\\\/#organization\",\"name\":\"Kunsthalle Messmer\",\"url\":\"https:\\\/\\\/kunsthallemessmer.de\\\/fr\\\/\",\"logo\":{\"@type\":\"ImageObject\",\"inLanguage\":\"fr-FR\",\"@id\":\"https:\\\/\\\/kunsthallemessmer.de\\\/fr\\\/#\\\/schema\\\/logo\\\/image\\\/\",\"url\":\"https:\\\/\\\/kunsthallemessmer.de\\\/wp-content\\\/uploads\\\/2022\\\/04\\\/kunsthalle_messmer_pos-2-png.png\",\"contentUrl\":\"https:\\\/\\\/kunsthallemessmer.de\\\/wp-content\\\/uploads\\\/2022\\\/04\\\/kunsthalle_messmer_pos-2-png.png\",\"width\":2412,\"height\":434,\"caption\":\"Kunsthalle Messmer\"},\"image\":{\"@id\":\"https:\\\/\\\/kunsthallemessmer.de\\\/fr\\\/#\\\/schema\\\/logo\\\/image\\\/\"}},{\"@type\":\"Person\",\"@id\":\"https:\\\/\\\/kunsthallemessmer.de\\\/fr\\\/#\\\/schema\\\/person\\\/24f7ee6ec431a05000425936de23c890\",\"name\":\"Erik Lachfeld\",\"image\":{\"@type\":\"ImageObject\",\"inLanguage\":\"fr-FR\",\"@id\":\"https:\\\/\\\/secure.gravatar.com\\\/avatar\\\/d5d42cc40010ba9998f57d7cebaf2952e1274f5c452ff570f85bbee0f9ecb43a?s=96&d=mm&r=g\",\"url\":\"https:\\\/\\\/secure.gravatar.com\\\/avatar\\\/d5d42cc40010ba9998f57d7cebaf2952e1274f5c452ff570f85bbee0f9ecb43a?s=96&d=mm&r=g\",\"contentUrl\":\"https:\\\/\\\/secure.gravatar.com\\\/avatar\\\/d5d42cc40010ba9998f57d7cebaf2952e1274f5c452ff570f85bbee0f9ecb43a?s=96&d=mm&r=g\",\"caption\":\"Erik Lachfeld\"},\"url\":\"https:\\\/\\\/kunsthallemessmer.de\\\/fr\\\/author\\\/erik-lachfeld\\\/\"}]}<\/script>\n<!-- \/ Yoast SEO plugin. -->","yoast_head_json":{"title":"12 r\u00e9gions illimit\u00e9es - Kunsthalle Messmer","robots":{"index":"index","follow":"follow","max-snippet":"max-snippet:-1","max-image-preview":"max-image-preview:large","max-video-preview":"max-video-preview:-1"},"canonical":"https:\/\/kunsthallemessmer.de\/fr\/exposition\/12-regions-illimitees\/","og_locale":"fr_FR","og_type":"article","og_title":"12 r\u00e9gions illimit\u00e9es - Kunsthalle Messmer","og_description":"30\/04\/2017 \u2013 19\/06\/2016","og_url":"https:\/\/kunsthallemessmer.de\/fr\/exposition\/12-regions-illimitees\/","og_site_name":"Kunsthalle Messmer","article_published_time":"2022-04-08T07:59:10+00:00","article_modified_time":"2022-04-28T06:25:40+00:00","og_image":[{"url":"https:\/\/kunsthallemessmer.de\/wp-content\/uploads\/2022\/04\/Kitzinger.jpg","type":"","width":"","height":""}],"author":"Erik Lachfeld","twitter_card":"summary_large_image","twitter_misc":{"\u00c9crit par":"Erik Lachfeld","Dur\u00e9e de lecture estim\u00e9e":"1 minute"},"schema":{"@context":"https:\/\/schema.org","@graph":[{"@type":"Article","@id":"https:\/\/kunsthallemessmer.de\/fr\/exposition\/12-regions-illimitees\/#article","isPartOf":{"@id":"https:\/\/kunsthallemessmer.de\/fr\/exposition\/12-regions-illimitees\/"},"author":{"name":"Erik Lachfeld","@id":"https:\/\/kunsthallemessmer.de\/fr\/#\/schema\/person\/24f7ee6ec431a05000425936de23c890"},"headline":"12 r\u00e9gions illimit\u00e9es","datePublished":"2022-04-08T07:59:10+00:00","dateModified":"2022-04-28T06:25:40+00:00","mainEntityOfPage":{"@id":"https:\/\/kunsthallemessmer.de\/fr\/exposition\/12-regions-illimitees\/"},"wordCount":165,"commentCount":0,"publisher":{"@id":"https:\/\/kunsthallemessmer.de\/fr\/#organization"},"image":{"@id":"https:\/\/kunsthallemessmer.de\/fr\/exposition\/12-regions-illimitees\/#primaryimage"},"thumbnailUrl":"https:\/\/kunsthallemessmer.de\/wp-content\/uploads\/2022\/04\/Kitzinger.jpg","articleSection":["Austellungen"],"inLanguage":"fr-FR"},{"@type":"WebPage","@id":"https:\/\/kunsthallemessmer.de\/fr\/exposition\/12-regions-illimitees\/","url":"https:\/\/kunsthallemessmer.de\/fr\/exposition\/12-regions-illimitees\/","name":"12 r\u00e9gions illimit\u00e9es - Kunsthalle Messmer","isPartOf":{"@id":"https:\/\/kunsthallemessmer.de\/fr\/#website"},"primaryImageOfPage":{"@id":"https:\/\/kunsthallemessmer.de\/fr\/exposition\/12-regions-illimitees\/#primaryimage"},"image":{"@id":"https:\/\/kunsthallemessmer.de\/fr\/exposition\/12-regions-illimitees\/#primaryimage"},"thumbnailUrl":"https:\/\/kunsthallemessmer.de\/wp-content\/uploads\/2022\/04\/Kitzinger.jpg","datePublished":"2022-04-08T07:59:10+00:00","dateModified":"2022-04-28T06:25:40+00:00","breadcrumb":{"@id":"https:\/\/kunsthallemessmer.de\/fr\/exposition\/12-regions-illimitees\/#breadcrumb"},"inLanguage":"fr-FR","potentialAction":[{"@type":"ReadAction","target":["https:\/\/kunsthallemessmer.de\/fr\/exposition\/12-regions-illimitees\/"]}]},{"@type":"ImageObject","inLanguage":"fr-FR","@id":"https:\/\/kunsthallemessmer.de\/fr\/exposition\/12-regions-illimitees\/#primaryimage","url":"https:\/\/kunsthallemessmer.de\/wp-content\/uploads\/2022\/04\/Kitzinger.jpg","contentUrl":"https:\/\/kunsthallemessmer.de\/wp-content\/uploads\/2022\/04\/Kitzinger.jpg"},{"@type":"BreadcrumbList","@id":"https:\/\/kunsthallemessmer.de\/fr\/exposition\/12-regions-illimitees\/#breadcrumb","itemListElement":[{"@type":"ListItem","position":1,"name":"Startseite","item":"https:\/\/kunsthallemessmer.de\/fr\/apercu\/"},{"@type":"ListItem","position":2,"name":"12 r\u00e9gions illimit\u00e9es"}]},{"@type":"WebSite","@id":"https:\/\/kunsthallemessmer.de\/fr\/#website","url":"https:\/\/kunsthallemessmer.de\/fr\/","name":"Kunsthalle Messmer","description":"Riegel am Kaiserstuhl","publisher":{"@id":"https:\/\/kunsthallemessmer.de\/fr\/#organization"},"potentialAction":[{"@type":"SearchAction","target":{"@type":"EntryPoint","urlTemplate":"https:\/\/kunsthallemessmer.de\/fr\/?s={search_term_string}"},"query-input":{"@type":"PropertyValueSpecification","valueRequired":true,"valueName":"search_term_string"}}],"inLanguage":"fr-FR"},{"@type":"Organization","@id":"https:\/\/kunsthallemessmer.de\/fr\/#organization","name":"Kunsthalle Messmer","url":"https:\/\/kunsthallemessmer.de\/fr\/","logo":{"@type":"ImageObject","inLanguage":"fr-FR","@id":"https:\/\/kunsthallemessmer.de\/fr\/#\/schema\/logo\/image\/","url":"https:\/\/kunsthallemessmer.de\/wp-content\/uploads\/2022\/04\/kunsthalle_messmer_pos-2-png.png","contentUrl":"https:\/\/kunsthallemessmer.de\/wp-content\/uploads\/2022\/04\/kunsthalle_messmer_pos-2-png.png","width":2412,"height":434,"caption":"Kunsthalle Messmer"},"image":{"@id":"https:\/\/kunsthallemessmer.de\/fr\/#\/schema\/logo\/image\/"}},{"@type":"Person","@id":"https:\/\/kunsthallemessmer.de\/fr\/#\/schema\/person\/24f7ee6ec431a05000425936de23c890","name":"Erik Lachfeld","image":{"@type":"ImageObject","inLanguage":"fr-FR","@id":"https:\/\/secure.gravatar.com\/avatar\/d5d42cc40010ba9998f57d7cebaf2952e1274f5c452ff570f85bbee0f9ecb43a?s=96&d=mm&r=g","url":"https:\/\/secure.gravatar.com\/avatar\/d5d42cc40010ba9998f57d7cebaf2952e1274f5c452ff570f85bbee0f9ecb43a?s=96&d=mm&r=g","contentUrl":"https:\/\/secure.gravatar.com\/avatar\/d5d42cc40010ba9998f57d7cebaf2952e1274f5c452ff570f85bbee0f9ecb43a?s=96&d=mm&r=g","caption":"Erik Lachfeld"},"url":"https:\/\/kunsthallemessmer.de\/fr\/author\/erik-lachfeld\/"}]}},"_links":{"self":[{"href":"https:\/\/kunsthallemessmer.de\/fr\/wp-json\/wp\/v2\/posts\/3565","targetHints":{"allow":["GET"]}}],"collection":[{"href":"https:\/\/kunsthallemessmer.de\/fr\/wp-json\/wp\/v2\/posts"}],"about":[{"href":"https:\/\/kunsthallemessmer.de\/fr\/wp-json\/wp\/v2\/types\/post"}],"author":[{"embeddable":true,"href":"https:\/\/kunsthallemessmer.de\/fr\/wp-json\/wp\/v2\/users\/3"}],"replies":[{"embeddable":true,"href":"https:\/\/kunsthallemessmer.de\/fr\/wp-json\/wp\/v2\/comments?post=3565"}],"version-history":[{"count":3,"href":"https:\/\/kunsthallemessmer.de\/fr\/wp-json\/wp\/v2\/posts\/3565\/revisions"}],"predecessor-version":[{"id":3608,"href":"https:\/\/kunsthallemessmer.de\/fr\/wp-json\/wp\/v2\/posts\/3565\/revisions\/3608"}],"wp:attachment":[{"href":"https:\/\/kunsthallemessmer.de\/fr\/wp-json\/wp\/v2\/media?parent=3565"}],"wp:term":[{"taxonomy":"category","embeddable":true,"href":"https:\/\/kunsthallemessmer.de\/fr\/wp-json\/wp\/v2\/categories?post=3565"},{"taxonomy":"post_tag","embeddable":true,"href":"https:\/\/kunsthallemessmer.de\/fr\/wp-json\/wp\/v2\/tags?post=3565"}],"curies":[{"name":"wp","href":"https:\/\/api.w.org\/{rel}","templated":true}]}}