{"id":3571,"date":"2022-04-08T10:01:36","date_gmt":"2022-04-08T08:01:36","guid":{"rendered":"https:\/\/kunsthallemessmer.de\/non-classifiee\/10-ans-de-fondation-messmer\/"},"modified":"2022-04-28T08:25:40","modified_gmt":"2022-04-28T06:25:40","slug":"10-ans-de-fondation-messmer","status":"publish","type":"post","link":"https:\/\/kunsthallemessmer.de\/fr\/exposition\/10-ans-de-fondation-messmer\/","title":{"rendered":"10 ans de fondation messmer"},"content":{"rendered":"\t\t<div data-elementor-type=\"wp-post\" data-elementor-id=\"3571\" class=\"elementor elementor-3571 elementor-1284\" data-elementor-post-type=\"post\">\n\t\t\t\t\t\t<section class=\"elementor-section elementor-top-section elementor-element elementor-element-9439984 elementor-section-boxed elementor-section-height-default elementor-section-height-default\" data-id=\"9439984\" data-element_type=\"section\" data-e-type=\"section\">\n\t\t\t\t\t\t<div class=\"elementor-container elementor-column-gap-default\">\n\t\t\t\t\t<div class=\"elementor-column elementor-col-100 elementor-top-column elementor-element elementor-element-a17c2fd\" data-id=\"a17c2fd\" data-element_type=\"column\" data-e-type=\"column\">\n\t\t\t<div class=\"elementor-widget-wrap elementor-element-populated\">\n\t\t\t\t\t\t<div class=\"elementor-element elementor-element-d247e2a elementor-widget elementor-widget-heading\" data-id=\"d247e2a\" data-element_type=\"widget\" data-e-type=\"widget\" data-widget_type=\"heading.default\">\n\t\t\t\t<div class=\"elementor-widget-container\">\n\t\t\t\t\t<h2 class=\"elementor-heading-title elementor-size-default\">10 ans de fondation messmer<\/h2>\t\t\t\t<\/div>\n\t\t\t\t<\/div>\n\t\t\t\t<div class=\"elementor-element elementor-element-12fc8aa elementor-widget elementor-widget-heading\" data-id=\"12fc8aa\" data-element_type=\"widget\" data-e-type=\"widget\" data-widget_type=\"heading.default\">\n\t\t\t\t<div class=\"elementor-widget-container\">\n\t\t\t\t\t<h2 class=\"elementor-heading-title elementor-size-default\">4\/10\/2015 \u2013 07\/02\/2016<\/h2>\t\t\t\t<\/div>\n\t\t\t\t<\/div>\n\t\t\t\t<div class=\"elementor-element elementor-element-c8ca50a elementor-widget elementor-widget-text-editor\" data-id=\"c8ca50a\" data-element_type=\"widget\" data-e-type=\"widget\" data-widget_type=\"text-editor.default\">\n\t\t\t\t<div class=\"elementor-widget-container\">\n\t\t\t\t\t\t\t\t\t<p>ANTES | BRAQUE | \u00c9VARD | FONTANE | TR\u00c8FLE | MAGNELLI | UECKER | VASARELY<\/p><p>A l&rsquo;occasion du 10e anniversaire de la fondation messmer, la fondation ouvre ses d\u00e9p\u00f4ts et pr\u00e9sente une compilation unique de ses \u0153uvres les plus importantes dans la galerie d&rsquo;art messmer. L&rsquo;exposition r\u00e9unit des artistes de renom tels que Georges Braque, Carlos Cruz-Diez, Andr\u00e9 Evard, Lucio Fontana, Paul Klee, Alberto Magnelli, G\u00fcnther Uecker et Victor Vasarely. Bas\u00e9e sur ces repr\u00e9sentants importants de l&rsquo;art abstrait, l&rsquo;exposition offre un aper\u00e7u passionnant des liens historiques entre le modernisme classique, l&rsquo;op art, l&rsquo;art cin\u00e9tique et concret-constructif.<\/p><p>L&rsquo;un des axes de l&rsquo;exposition est consacr\u00e9 \u00e0 l&rsquo;art du pionnier avant-gardiste suisse Andr\u00e9 Evard, dont le donateur J\u00fcrgen A. Messmer a acquis une grande partie en 1978 et qui est aujourd&rsquo;hui g\u00e9r\u00e9 par la fondation messmer. Au cours de sa longue vie, Evard a cr\u00e9\u00e9 une \u0153uvre extr\u00eamement multiforme et tr\u00e8s individuelle, c&rsquo;est pourquoi il est \u00e0 juste titre qualifi\u00e9 de pionnier du modernisme suisse. Dans la juxtaposition de ses premi\u00e8res \u0153uvres en \u00e9mail et de ses importantes s\u00e9ries, telles que \u00ab\u00a0Les roses\u00a0\u00bb, \u00ab\u00a0Le couvert\u00a0\u00bb, \u00ab\u00a0Symphonia\u00a0\u00bb, \u00ab\u00a0Composition abstraite\u00a0\u00bb et \u00ab\u00a0Kabuki\u00a0\u00bb, le d\u00e9veloppement artistique unique d&rsquo;Evard de l&rsquo;Art nouveau \u00e0 sa construction g\u00e9om\u00e9trique \u0153uvres clairement pr\u00e9sent\u00e9es.<\/p><p>Alors que les \u0153uvres cubistes et constructives d&rsquo;Andr\u00e9 Evard, ainsi que celles de Georges Braque, ouvrent la porte \u00e0 l&rsquo;abstraction dans la premi\u00e8re moiti\u00e9 du si\u00e8cle, les artistes apr\u00e8s la Seconde Guerre mondiale \u00e9largissent le r\u00e9pertoire non figuratif et p\u00e9n\u00e8trent dans des domaines totalement nouveaux : C&rsquo;est ainsi que l&rsquo;Op Art avec le ph\u00e9nom\u00e8ne de la perception, l&rsquo;art cin\u00e9tique int\u00e8gre sp\u00e9cifiquement le mouvement dans son travail et les directions concr\u00e8tes-constructives cherchent une mani\u00e8re puriste d&rsquo;incarner le spirituel sur la base de principes math\u00e9matico-g\u00e9om\u00e9triques. Le large spectre s&rsquo;\u00e9tend des compositions g\u00e9om\u00e9triques pulsantes de Victor Vasarely et Bridget Riley, en passant par les peintures \u00e0 rayures vibrantes de Carlos Cruz-Diez, les \u0153uvres perfor\u00e9es de Lucio Fontana et les constructions claires et harmonieuses d&rsquo;Anton Stankowski et Klaus J. Schoen.<\/p><p>La collection, qui comprend aujourd&rsquo;hui plus de 1 000 \u0153uvres d&rsquo;art de plus de 150 artistes importants, offre un \u00e9chantillon fascinant de \u00ab10 ans de fondation Messmer\u00bb avec les expositions expos\u00e9es. Pr\u00e9sentant les meilleures \u0153uvres de certains des artistes les plus importants du XXe si\u00e8cle, cette exposition de premier ordre offre un regard \u00e0 multiples facettes sur les diff\u00e9rentes tendances de l&rsquo;art abstrait.<\/p>\t\t\t\t\t\t\t\t<\/div>\n\t\t\t\t<\/div>\n\t\t\t\t\t<\/div>\n\t\t<\/div>\n\t\t\t\t\t<\/div>\n\t\t<\/section>\n\t\t\t\t<\/div>\n\t\t","protected":false},"excerpt":{"rendered":"<p>10\/04\/2015 \u2013 02\/07\/2016<\/p>\n","protected":false},"author":3,"featured_media":0,"comment_status":"open","ping_status":"open","sticky":false,"template":"","format":"standard","meta":{"footnotes":""},"categories":[1],"tags":[],"class_list":["post-3571","post","type-post","status-publish","format-standard","hentry","category-austellungen"],"yoast_head":"<!-- This site is optimized with the Yoast SEO plugin v27.5 - https:\/\/yoast.com\/product\/yoast-seo-wordpress\/ -->\n<title>10 ans de fondation messmer - Kunsthalle Messmer<\/title>\n<meta name=\"robots\" content=\"index, follow, max-snippet:-1, max-image-preview:large, max-video-preview:-1\" \/>\n<link rel=\"canonical\" href=\"https:\/\/kunsthallemessmer.de\/fr\/exposition\/10-ans-de-fondation-messmer\/\" \/>\n<meta property=\"og:locale\" content=\"fr_FR\" \/>\n<meta property=\"og:type\" content=\"article\" \/>\n<meta property=\"og:title\" content=\"10 ans de fondation messmer - Kunsthalle Messmer\" \/>\n<meta property=\"og:description\" content=\"10\/04\/2015 \u2013 02\/07\/2016\" \/>\n<meta property=\"og:url\" content=\"https:\/\/kunsthallemessmer.de\/fr\/exposition\/10-ans-de-fondation-messmer\/\" \/>\n<meta property=\"og:site_name\" content=\"Kunsthalle Messmer\" \/>\n<meta property=\"article:published_time\" content=\"2022-04-08T08:01:36+00:00\" \/>\n<meta property=\"article:modified_time\" content=\"2022-04-28T06:25:40+00:00\" \/>\n<meta name=\"author\" content=\"Erik Lachfeld\" \/>\n<meta name=\"twitter:card\" content=\"summary_large_image\" \/>\n<meta name=\"twitter:label1\" content=\"\u00c9crit par\" \/>\n\t<meta name=\"twitter:data1\" content=\"Erik Lachfeld\" \/>\n\t<meta name=\"twitter:label2\" content=\"Dur\u00e9e de lecture estim\u00e9e\" \/>\n\t<meta name=\"twitter:data2\" content=\"2 minutes\" \/>\n<script type=\"application\/ld+json\" class=\"yoast-schema-graph\">{\"@context\":\"https:\\\/\\\/schema.org\",\"@graph\":[{\"@type\":\"Article\",\"@id\":\"https:\\\/\\\/kunsthallemessmer.de\\\/fr\\\/exposition\\\/10-ans-de-fondation-messmer\\\/#article\",\"isPartOf\":{\"@id\":\"https:\\\/\\\/kunsthallemessmer.de\\\/fr\\\/exposition\\\/10-ans-de-fondation-messmer\\\/\"},\"author\":{\"name\":\"Erik Lachfeld\",\"@id\":\"https:\\\/\\\/kunsthallemessmer.de\\\/fr\\\/#\\\/schema\\\/person\\\/24f7ee6ec431a05000425936de23c890\"},\"headline\":\"10 ans de fondation messmer\",\"datePublished\":\"2022-04-08T08:01:36+00:00\",\"dateModified\":\"2022-04-28T06:25:40+00:00\",\"mainEntityOfPage\":{\"@id\":\"https:\\\/\\\/kunsthallemessmer.de\\\/fr\\\/exposition\\\/10-ans-de-fondation-messmer\\\/\"},\"wordCount\":445,\"commentCount\":0,\"publisher\":{\"@id\":\"https:\\\/\\\/kunsthallemessmer.de\\\/fr\\\/#organization\"},\"articleSection\":[\"Austellungen\"],\"inLanguage\":\"fr-FR\"},{\"@type\":\"WebPage\",\"@id\":\"https:\\\/\\\/kunsthallemessmer.de\\\/fr\\\/exposition\\\/10-ans-de-fondation-messmer\\\/\",\"url\":\"https:\\\/\\\/kunsthallemessmer.de\\\/fr\\\/exposition\\\/10-ans-de-fondation-messmer\\\/\",\"name\":\"10 ans de fondation messmer - Kunsthalle Messmer\",\"isPartOf\":{\"@id\":\"https:\\\/\\\/kunsthallemessmer.de\\\/fr\\\/#website\"},\"datePublished\":\"2022-04-08T08:01:36+00:00\",\"dateModified\":\"2022-04-28T06:25:40+00:00\",\"breadcrumb\":{\"@id\":\"https:\\\/\\\/kunsthallemessmer.de\\\/fr\\\/exposition\\\/10-ans-de-fondation-messmer\\\/#breadcrumb\"},\"inLanguage\":\"fr-FR\",\"potentialAction\":[{\"@type\":\"ReadAction\",\"target\":[\"https:\\\/\\\/kunsthallemessmer.de\\\/fr\\\/exposition\\\/10-ans-de-fondation-messmer\\\/\"]}]},{\"@type\":\"BreadcrumbList\",\"@id\":\"https:\\\/\\\/kunsthallemessmer.de\\\/fr\\\/exposition\\\/10-ans-de-fondation-messmer\\\/#breadcrumb\",\"itemListElement\":[{\"@type\":\"ListItem\",\"position\":1,\"name\":\"Startseite\",\"item\":\"https:\\\/\\\/kunsthallemessmer.de\\\/fr\\\/apercu\\\/\"},{\"@type\":\"ListItem\",\"position\":2,\"name\":\"10 ans de fondation messmer\"}]},{\"@type\":\"WebSite\",\"@id\":\"https:\\\/\\\/kunsthallemessmer.de\\\/fr\\\/#website\",\"url\":\"https:\\\/\\\/kunsthallemessmer.de\\\/fr\\\/\",\"name\":\"Kunsthalle Messmer\",\"description\":\"Riegel am Kaiserstuhl\",\"publisher\":{\"@id\":\"https:\\\/\\\/kunsthallemessmer.de\\\/fr\\\/#organization\"},\"potentialAction\":[{\"@type\":\"SearchAction\",\"target\":{\"@type\":\"EntryPoint\",\"urlTemplate\":\"https:\\\/\\\/kunsthallemessmer.de\\\/fr\\\/?s={search_term_string}\"},\"query-input\":{\"@type\":\"PropertyValueSpecification\",\"valueRequired\":true,\"valueName\":\"search_term_string\"}}],\"inLanguage\":\"fr-FR\"},{\"@type\":\"Organization\",\"@id\":\"https:\\\/\\\/kunsthallemessmer.de\\\/fr\\\/#organization\",\"name\":\"Kunsthalle Messmer\",\"url\":\"https:\\\/\\\/kunsthallemessmer.de\\\/fr\\\/\",\"logo\":{\"@type\":\"ImageObject\",\"inLanguage\":\"fr-FR\",\"@id\":\"https:\\\/\\\/kunsthallemessmer.de\\\/fr\\\/#\\\/schema\\\/logo\\\/image\\\/\",\"url\":\"https:\\\/\\\/kunsthallemessmer.de\\\/wp-content\\\/uploads\\\/2022\\\/04\\\/kunsthalle_messmer_pos-2-png.png\",\"contentUrl\":\"https:\\\/\\\/kunsthallemessmer.de\\\/wp-content\\\/uploads\\\/2022\\\/04\\\/kunsthalle_messmer_pos-2-png.png\",\"width\":2412,\"height\":434,\"caption\":\"Kunsthalle Messmer\"},\"image\":{\"@id\":\"https:\\\/\\\/kunsthallemessmer.de\\\/fr\\\/#\\\/schema\\\/logo\\\/image\\\/\"}},{\"@type\":\"Person\",\"@id\":\"https:\\\/\\\/kunsthallemessmer.de\\\/fr\\\/#\\\/schema\\\/person\\\/24f7ee6ec431a05000425936de23c890\",\"name\":\"Erik Lachfeld\",\"image\":{\"@type\":\"ImageObject\",\"inLanguage\":\"fr-FR\",\"@id\":\"https:\\\/\\\/secure.gravatar.com\\\/avatar\\\/d5d42cc40010ba9998f57d7cebaf2952e1274f5c452ff570f85bbee0f9ecb43a?s=96&d=mm&r=g\",\"url\":\"https:\\\/\\\/secure.gravatar.com\\\/avatar\\\/d5d42cc40010ba9998f57d7cebaf2952e1274f5c452ff570f85bbee0f9ecb43a?s=96&d=mm&r=g\",\"contentUrl\":\"https:\\\/\\\/secure.gravatar.com\\\/avatar\\\/d5d42cc40010ba9998f57d7cebaf2952e1274f5c452ff570f85bbee0f9ecb43a?s=96&d=mm&r=g\",\"caption\":\"Erik Lachfeld\"},\"url\":\"https:\\\/\\\/kunsthallemessmer.de\\\/fr\\\/author\\\/erik-lachfeld\\\/\"}]}<\/script>\n<!-- \/ Yoast SEO plugin. -->","yoast_head_json":{"title":"10 ans de fondation messmer - Kunsthalle Messmer","robots":{"index":"index","follow":"follow","max-snippet":"max-snippet:-1","max-image-preview":"max-image-preview:large","max-video-preview":"max-video-preview:-1"},"canonical":"https:\/\/kunsthallemessmer.de\/fr\/exposition\/10-ans-de-fondation-messmer\/","og_locale":"fr_FR","og_type":"article","og_title":"10 ans de fondation messmer - Kunsthalle Messmer","og_description":"10\/04\/2015 \u2013 02\/07\/2016","og_url":"https:\/\/kunsthallemessmer.de\/fr\/exposition\/10-ans-de-fondation-messmer\/","og_site_name":"Kunsthalle Messmer","article_published_time":"2022-04-08T08:01:36+00:00","article_modified_time":"2022-04-28T06:25:40+00:00","author":"Erik Lachfeld","twitter_card":"summary_large_image","twitter_misc":{"\u00c9crit par":"Erik Lachfeld","Dur\u00e9e de lecture estim\u00e9e":"2 minutes"},"schema":{"@context":"https:\/\/schema.org","@graph":[{"@type":"Article","@id":"https:\/\/kunsthallemessmer.de\/fr\/exposition\/10-ans-de-fondation-messmer\/#article","isPartOf":{"@id":"https:\/\/kunsthallemessmer.de\/fr\/exposition\/10-ans-de-fondation-messmer\/"},"author":{"name":"Erik Lachfeld","@id":"https:\/\/kunsthallemessmer.de\/fr\/#\/schema\/person\/24f7ee6ec431a05000425936de23c890"},"headline":"10 ans de fondation messmer","datePublished":"2022-04-08T08:01:36+00:00","dateModified":"2022-04-28T06:25:40+00:00","mainEntityOfPage":{"@id":"https:\/\/kunsthallemessmer.de\/fr\/exposition\/10-ans-de-fondation-messmer\/"},"wordCount":445,"commentCount":0,"publisher":{"@id":"https:\/\/kunsthallemessmer.de\/fr\/#organization"},"articleSection":["Austellungen"],"inLanguage":"fr-FR"},{"@type":"WebPage","@id":"https:\/\/kunsthallemessmer.de\/fr\/exposition\/10-ans-de-fondation-messmer\/","url":"https:\/\/kunsthallemessmer.de\/fr\/exposition\/10-ans-de-fondation-messmer\/","name":"10 ans de fondation messmer - Kunsthalle Messmer","isPartOf":{"@id":"https:\/\/kunsthallemessmer.de\/fr\/#website"},"datePublished":"2022-04-08T08:01:36+00:00","dateModified":"2022-04-28T06:25:40+00:00","breadcrumb":{"@id":"https:\/\/kunsthallemessmer.de\/fr\/exposition\/10-ans-de-fondation-messmer\/#breadcrumb"},"inLanguage":"fr-FR","potentialAction":[{"@type":"ReadAction","target":["https:\/\/kunsthallemessmer.de\/fr\/exposition\/10-ans-de-fondation-messmer\/"]}]},{"@type":"BreadcrumbList","@id":"https:\/\/kunsthallemessmer.de\/fr\/exposition\/10-ans-de-fondation-messmer\/#breadcrumb","itemListElement":[{"@type":"ListItem","position":1,"name":"Startseite","item":"https:\/\/kunsthallemessmer.de\/fr\/apercu\/"},{"@type":"ListItem","position":2,"name":"10 ans de fondation messmer"}]},{"@type":"WebSite","@id":"https:\/\/kunsthallemessmer.de\/fr\/#website","url":"https:\/\/kunsthallemessmer.de\/fr\/","name":"Kunsthalle Messmer","description":"Riegel am Kaiserstuhl","publisher":{"@id":"https:\/\/kunsthallemessmer.de\/fr\/#organization"},"potentialAction":[{"@type":"SearchAction","target":{"@type":"EntryPoint","urlTemplate":"https:\/\/kunsthallemessmer.de\/fr\/?s={search_term_string}"},"query-input":{"@type":"PropertyValueSpecification","valueRequired":true,"valueName":"search_term_string"}}],"inLanguage":"fr-FR"},{"@type":"Organization","@id":"https:\/\/kunsthallemessmer.de\/fr\/#organization","name":"Kunsthalle Messmer","url":"https:\/\/kunsthallemessmer.de\/fr\/","logo":{"@type":"ImageObject","inLanguage":"fr-FR","@id":"https:\/\/kunsthallemessmer.de\/fr\/#\/schema\/logo\/image\/","url":"https:\/\/kunsthallemessmer.de\/wp-content\/uploads\/2022\/04\/kunsthalle_messmer_pos-2-png.png","contentUrl":"https:\/\/kunsthallemessmer.de\/wp-content\/uploads\/2022\/04\/kunsthalle_messmer_pos-2-png.png","width":2412,"height":434,"caption":"Kunsthalle Messmer"},"image":{"@id":"https:\/\/kunsthallemessmer.de\/fr\/#\/schema\/logo\/image\/"}},{"@type":"Person","@id":"https:\/\/kunsthallemessmer.de\/fr\/#\/schema\/person\/24f7ee6ec431a05000425936de23c890","name":"Erik Lachfeld","image":{"@type":"ImageObject","inLanguage":"fr-FR","@id":"https:\/\/secure.gravatar.com\/avatar\/d5d42cc40010ba9998f57d7cebaf2952e1274f5c452ff570f85bbee0f9ecb43a?s=96&d=mm&r=g","url":"https:\/\/secure.gravatar.com\/avatar\/d5d42cc40010ba9998f57d7cebaf2952e1274f5c452ff570f85bbee0f9ecb43a?s=96&d=mm&r=g","contentUrl":"https:\/\/secure.gravatar.com\/avatar\/d5d42cc40010ba9998f57d7cebaf2952e1274f5c452ff570f85bbee0f9ecb43a?s=96&d=mm&r=g","caption":"Erik Lachfeld"},"url":"https:\/\/kunsthallemessmer.de\/fr\/author\/erik-lachfeld\/"}]}},"_links":{"self":[{"href":"https:\/\/kunsthallemessmer.de\/fr\/wp-json\/wp\/v2\/posts\/3571","targetHints":{"allow":["GET"]}}],"collection":[{"href":"https:\/\/kunsthallemessmer.de\/fr\/wp-json\/wp\/v2\/posts"}],"about":[{"href":"https:\/\/kunsthallemessmer.de\/fr\/wp-json\/wp\/v2\/types\/post"}],"author":[{"embeddable":true,"href":"https:\/\/kunsthallemessmer.de\/fr\/wp-json\/wp\/v2\/users\/3"}],"replies":[{"embeddable":true,"href":"https:\/\/kunsthallemessmer.de\/fr\/wp-json\/wp\/v2\/comments?post=3571"}],"version-history":[{"count":3,"href":"https:\/\/kunsthallemessmer.de\/fr\/wp-json\/wp\/v2\/posts\/3571\/revisions"}],"predecessor-version":[{"id":3589,"href":"https:\/\/kunsthallemessmer.de\/fr\/wp-json\/wp\/v2\/posts\/3571\/revisions\/3589"}],"wp:attachment":[{"href":"https:\/\/kunsthallemessmer.de\/fr\/wp-json\/wp\/v2\/media?parent=3571"}],"wp:term":[{"taxonomy":"category","embeddable":true,"href":"https:\/\/kunsthallemessmer.de\/fr\/wp-json\/wp\/v2\/categories?post=3571"},{"taxonomy":"post_tag","embeddable":true,"href":"https:\/\/kunsthallemessmer.de\/fr\/wp-json\/wp\/v2\/tags?post=3571"}],"curies":[{"name":"wp","href":"https:\/\/api.w.org\/{rel}","templated":true}]}}