{"id":3612,"date":"2022-04-08T10:05:46","date_gmt":"2022-04-08T08:05:46","guid":{"rendered":"https:\/\/kunsthallemessmer.de\/non-classifiee\/arif-aziz-art-dazerbaidjan\/"},"modified":"2024-06-02T14:01:25","modified_gmt":"2024-06-02T12:01:25","slug":"arif-aziz-art-dazerbaidjan","status":"publish","type":"post","link":"https:\/\/kunsthallemessmer.de\/fr\/exposition\/arif-aziz-art-dazerbaidjan\/","title":{"rendered":"Arif Aziz &#8211; Art d&rsquo;Azerba\u00efdjan"},"content":{"rendered":"\t\t<div data-elementor-type=\"wp-post\" data-elementor-id=\"3612\" class=\"elementor elementor-3612 elementor-1300\" data-elementor-post-type=\"post\">\n\t\t\t\t\t\t<section class=\"elementor-section elementor-top-section elementor-element elementor-element-573c1dd elementor-section-boxed elementor-section-height-default elementor-section-height-default\" data-id=\"573c1dd\" data-element_type=\"section\" data-e-type=\"section\">\n\t\t\t\t\t\t<div class=\"elementor-container elementor-column-gap-default\">\n\t\t\t\t\t<div class=\"elementor-column elementor-col-100 elementor-top-column elementor-element elementor-element-1a0c1fb\" data-id=\"1a0c1fb\" data-element_type=\"column\" data-e-type=\"column\">\n\t\t\t<div class=\"elementor-widget-wrap elementor-element-populated\">\n\t\t\t\t\t\t<div class=\"elementor-element elementor-element-3b21c61 elementor-widget elementor-widget-heading\" data-id=\"3b21c61\" data-element_type=\"widget\" data-e-type=\"widget\" data-widget_type=\"heading.default\">\n\t\t\t\t<div class=\"elementor-widget-container\">\n\t\t\t\t\t<h2 class=\"elementor-heading-title elementor-size-default\">Arif Aziz &#8211; Art d&rsquo;Azerba\u00efdjan<\/h2>\t\t\t\t<\/div>\n\t\t\t\t<\/div>\n\t\t\t\t<div class=\"elementor-element elementor-element-dd6618e elementor-widget elementor-widget-heading\" data-id=\"dd6618e\" data-element_type=\"widget\" data-e-type=\"widget\" data-widget_type=\"heading.default\">\n\t\t\t\t<div class=\"elementor-widget-container\">\n\t\t\t\t\t<h2 class=\"elementor-heading-title elementor-size-default\">07\/03\/2015 \u2013 29\/03\/2015<\/h2>\t\t\t\t<\/div>\n\t\t\t\t<\/div>\n\t\t\t\t<div class=\"elementor-element elementor-element-b51e5b2 elementor-widget elementor-widget-text-editor\" data-id=\"b51e5b2\" data-element_type=\"widget\" data-e-type=\"widget\" data-widget_type=\"text-editor.default\">\n\t\t\t\t<div class=\"elementor-widget-container\">\n\t\t\t\t\t\t\t\t\t<p>Arif Aziz est l&rsquo;un des peintres azerba\u00efdjanais les plus importants de sa g\u00e9n\u00e9ration. Avec la richesse artistique et la polyvalence de son travail, il a fa\u00e7onn\u00e9 de mani\u00e8re d\u00e9cisive le d\u00e9veloppement de l&rsquo;art azerba\u00efdjanais. Dans son \u0153uvre vaste et multiforme, le patrimoine artistique national de la tradition picturale islamique est combin\u00e9 d&rsquo;une mani\u00e8re unique avec des \u00e9l\u00e9ments stylistiques de l&rsquo;art contemporain occidental. Son art t\u00e9moigne ainsi de mani\u00e8re impressionnante de l&rsquo;\u00e9change culturel fructueux entre l&rsquo;Orient et l&rsquo;Occident.<\/p>\n<p>Arif Aziz, n\u00e9 en 1943 \u00e0 Bakou, la capitale azerba\u00efdjanaise, y est dipl\u00f4m\u00e9 de l&rsquo;\u00e9cole d&rsquo;art publique de 1957 \u00e0 1962. Il \u00e9tudie ensuite le graphisme \u00e0 l&rsquo;Universit\u00e9 Stroganov de Moscou de 1966 \u00e0 1971. En 1973, il a re\u00e7u le deuxi\u00e8me prix de l&rsquo;Union de la jeunesse d&rsquo;Azerba\u00efdjan \u00e0 Bakou et le premier prix du concours graphique international de Vilnius, en Lituanie.En 1978, il a re\u00e7u le premier prix de l&rsquo;Exposition internationale de Moscou. Au cours de son activit\u00e9 artistique, Arif Aziz a acquis une grande r\u00e9putation : il a longtemps enseign\u00e9 comme professeur \u00e0 l&rsquo;Universit\u00e9 d&rsquo;\u00c9tat pour l&rsquo;art et la culture de Bakou et y a \u00e9t\u00e9 pro-recteur dans le domaine de la peinture et des arts appliqu\u00e9s en 1991. En 1992, le gouvernement azerba\u00efdjanais l&rsquo;a nomm\u00e9 artiste national. L&rsquo;artiste a trouv\u00e9 une grande inspiration lors de ses nombreux voyages d&rsquo;\u00e9tudes, qui l&rsquo;ont non seulement conduit en Afrique, mais aussi \u00e0 Moscou et \u00e0 Paris, en Turquie, en Inde et dans de nombreux autres pays du monde. La culture et la nature du S\u00e9n\u00e9gal et le c\u00e9l\u00e8bre spectacle de vari\u00e9t\u00e9s parisien \u00ab\u00a0Moulin Rouge\u00a0\u00bb semblent avoir laiss\u00e9 une impression particuli\u00e8re sur Arif Aziz. Ces lieux apparaissent encore et encore dans ses images. Ses \u0153uvres ont \u00e9t\u00e9 expos\u00e9es dans le monde entier pendant des d\u00e9cennies, notamment \u00e0 l&rsquo;ambassade du S\u00e9n\u00e9gal \u00e0 Moscou en 1984 et \u00e0 la galerie d&rsquo;art Beyogly Munchipal \u00e0 Istanbul en 1996. En 1985, il a \u00e9t\u00e9 repr\u00e9sent\u00e9, entre autres, \u00e0 la Biennale du Caucase au Daghestan et en 2002 \u00e0 la Biennale d&rsquo;art asiatique \u00e0 Dhaka, Bangladesh. Beaucoup de ses \u0153uvres se trouvent maintenant dans d&rsquo;importants mus\u00e9es et collections, tels que le Mus\u00e9e d&rsquo;art d&rsquo;\u00c9tat d&rsquo;Azerba\u00efdjan \u00e0 Bakou, le Mus\u00e9e d&rsquo;art du nord de Moscou, le Mus\u00e9e d&rsquo;art d&rsquo;\u00c9tat du S\u00e9n\u00e9gal et le Mus\u00e9e d&rsquo;\u00c9tat Tebriz Shaxriya \u00e0 Bakou.<\/p>\n\t\t\t\t\t\t\t\t<\/div>\n\t\t\t\t<\/div>\n\t\t\t\t\t<\/div>\n\t\t<\/div>\n\t\t\t\t\t<\/div>\n\t\t<\/section>\n\t\t\t\t<\/div>\n\t\t","protected":false},"excerpt":{"rendered":"<p>07\/03\/2015 \u2013 29\/03\/2015<\/p>\n","protected":false},"author":3,"featured_media":0,"comment_status":"closed","ping_status":"open","sticky":false,"template":"","format":"standard","meta":{"footnotes":""},"categories":[17],"tags":[],"class_list":["post-3612","post","type-post","status-publish","format-standard","hentry","category-exposition"],"yoast_head":"<!-- This site is optimized with the Yoast SEO plugin v27.5 - https:\/\/yoast.com\/product\/yoast-seo-wordpress\/ -->\n<title>Arif Aziz - Art d&#039;Azerba\u00efdjan - Kunsthalle Messmer<\/title>\n<meta name=\"robots\" content=\"index, follow, max-snippet:-1, max-image-preview:large, max-video-preview:-1\" \/>\n<link rel=\"canonical\" href=\"https:\/\/kunsthallemessmer.de\/fr\/exposition\/arif-aziz-art-dazerbaidjan\/\" \/>\n<meta property=\"og:locale\" content=\"fr_FR\" \/>\n<meta property=\"og:type\" content=\"article\" \/>\n<meta property=\"og:title\" content=\"Arif Aziz - Art d&#039;Azerba\u00efdjan - Kunsthalle Messmer\" \/>\n<meta property=\"og:description\" content=\"07\/03\/2015 \u2013 29\/03\/2015\" \/>\n<meta property=\"og:url\" content=\"https:\/\/kunsthallemessmer.de\/fr\/exposition\/arif-aziz-art-dazerbaidjan\/\" \/>\n<meta property=\"og:site_name\" content=\"Kunsthalle Messmer\" \/>\n<meta property=\"article:published_time\" content=\"2022-04-08T08:05:46+00:00\" \/>\n<meta property=\"article:modified_time\" content=\"2024-06-02T12:01:25+00:00\" \/>\n<meta name=\"author\" content=\"Erik Lachfeld\" \/>\n<meta name=\"twitter:card\" content=\"summary_large_image\" \/>\n<meta name=\"twitter:label1\" content=\"\u00c9crit par\" \/>\n\t<meta name=\"twitter:data1\" content=\"Erik Lachfeld\" \/>\n\t<meta name=\"twitter:label2\" content=\"Dur\u00e9e de lecture estim\u00e9e\" \/>\n\t<meta name=\"twitter:data2\" content=\"2 minutes\" \/>\n<script type=\"application\/ld+json\" class=\"yoast-schema-graph\">{\"@context\":\"https:\\\/\\\/schema.org\",\"@graph\":[{\"@type\":\"Article\",\"@id\":\"https:\\\/\\\/kunsthallemessmer.de\\\/fr\\\/exposition\\\/arif-aziz-art-dazerbaidjan\\\/#article\",\"isPartOf\":{\"@id\":\"https:\\\/\\\/kunsthallemessmer.de\\\/fr\\\/exposition\\\/arif-aziz-art-dazerbaidjan\\\/\"},\"author\":{\"name\":\"Erik Lachfeld\",\"@id\":\"https:\\\/\\\/kunsthallemessmer.de\\\/fr\\\/#\\\/schema\\\/person\\\/24f7ee6ec431a05000425936de23c890\"},\"headline\":\"Arif Aziz &#8211; Art d&rsquo;Azerba\u00efdjan\",\"datePublished\":\"2022-04-08T08:05:46+00:00\",\"dateModified\":\"2024-06-02T12:01:25+00:00\",\"mainEntityOfPage\":{\"@id\":\"https:\\\/\\\/kunsthallemessmer.de\\\/fr\\\/exposition\\\/arif-aziz-art-dazerbaidjan\\\/\"},\"wordCount\":429,\"publisher\":{\"@id\":\"https:\\\/\\\/kunsthallemessmer.de\\\/fr\\\/#organization\"},\"articleSection\":[\"exposition\"],\"inLanguage\":\"fr-FR\"},{\"@type\":\"WebPage\",\"@id\":\"https:\\\/\\\/kunsthallemessmer.de\\\/fr\\\/exposition\\\/arif-aziz-art-dazerbaidjan\\\/\",\"url\":\"https:\\\/\\\/kunsthallemessmer.de\\\/fr\\\/exposition\\\/arif-aziz-art-dazerbaidjan\\\/\",\"name\":\"Arif Aziz - Art d'Azerba\u00efdjan - Kunsthalle Messmer\",\"isPartOf\":{\"@id\":\"https:\\\/\\\/kunsthallemessmer.de\\\/fr\\\/#website\"},\"datePublished\":\"2022-04-08T08:05:46+00:00\",\"dateModified\":\"2024-06-02T12:01:25+00:00\",\"breadcrumb\":{\"@id\":\"https:\\\/\\\/kunsthallemessmer.de\\\/fr\\\/exposition\\\/arif-aziz-art-dazerbaidjan\\\/#breadcrumb\"},\"inLanguage\":\"fr-FR\",\"potentialAction\":[{\"@type\":\"ReadAction\",\"target\":[\"https:\\\/\\\/kunsthallemessmer.de\\\/fr\\\/exposition\\\/arif-aziz-art-dazerbaidjan\\\/\"]}]},{\"@type\":\"BreadcrumbList\",\"@id\":\"https:\\\/\\\/kunsthallemessmer.de\\\/fr\\\/exposition\\\/arif-aziz-art-dazerbaidjan\\\/#breadcrumb\",\"itemListElement\":[{\"@type\":\"ListItem\",\"position\":1,\"name\":\"Startseite\",\"item\":\"https:\\\/\\\/kunsthallemessmer.de\\\/fr\\\/apercu\\\/\"},{\"@type\":\"ListItem\",\"position\":2,\"name\":\"Arif Aziz &#8211; Art d&#8217;Azerba\u00efdjan\"}]},{\"@type\":\"WebSite\",\"@id\":\"https:\\\/\\\/kunsthallemessmer.de\\\/fr\\\/#website\",\"url\":\"https:\\\/\\\/kunsthallemessmer.de\\\/fr\\\/\",\"name\":\"Kunsthalle Messmer\",\"description\":\"Riegel am Kaiserstuhl\",\"publisher\":{\"@id\":\"https:\\\/\\\/kunsthallemessmer.de\\\/fr\\\/#organization\"},\"potentialAction\":[{\"@type\":\"SearchAction\",\"target\":{\"@type\":\"EntryPoint\",\"urlTemplate\":\"https:\\\/\\\/kunsthallemessmer.de\\\/fr\\\/?s={search_term_string}\"},\"query-input\":{\"@type\":\"PropertyValueSpecification\",\"valueRequired\":true,\"valueName\":\"search_term_string\"}}],\"inLanguage\":\"fr-FR\"},{\"@type\":\"Organization\",\"@id\":\"https:\\\/\\\/kunsthallemessmer.de\\\/fr\\\/#organization\",\"name\":\"Kunsthalle Messmer\",\"url\":\"https:\\\/\\\/kunsthallemessmer.de\\\/fr\\\/\",\"logo\":{\"@type\":\"ImageObject\",\"inLanguage\":\"fr-FR\",\"@id\":\"https:\\\/\\\/kunsthallemessmer.de\\\/fr\\\/#\\\/schema\\\/logo\\\/image\\\/\",\"url\":\"https:\\\/\\\/kunsthallemessmer.de\\\/wp-content\\\/uploads\\\/2022\\\/04\\\/kunsthalle_messmer_pos-2-png.png\",\"contentUrl\":\"https:\\\/\\\/kunsthallemessmer.de\\\/wp-content\\\/uploads\\\/2022\\\/04\\\/kunsthalle_messmer_pos-2-png.png\",\"width\":2412,\"height\":434,\"caption\":\"Kunsthalle Messmer\"},\"image\":{\"@id\":\"https:\\\/\\\/kunsthallemessmer.de\\\/fr\\\/#\\\/schema\\\/logo\\\/image\\\/\"}},{\"@type\":\"Person\",\"@id\":\"https:\\\/\\\/kunsthallemessmer.de\\\/fr\\\/#\\\/schema\\\/person\\\/24f7ee6ec431a05000425936de23c890\",\"name\":\"Erik Lachfeld\",\"image\":{\"@type\":\"ImageObject\",\"inLanguage\":\"fr-FR\",\"@id\":\"https:\\\/\\\/secure.gravatar.com\\\/avatar\\\/d5d42cc40010ba9998f57d7cebaf2952e1274f5c452ff570f85bbee0f9ecb43a?s=96&d=mm&r=g\",\"url\":\"https:\\\/\\\/secure.gravatar.com\\\/avatar\\\/d5d42cc40010ba9998f57d7cebaf2952e1274f5c452ff570f85bbee0f9ecb43a?s=96&d=mm&r=g\",\"contentUrl\":\"https:\\\/\\\/secure.gravatar.com\\\/avatar\\\/d5d42cc40010ba9998f57d7cebaf2952e1274f5c452ff570f85bbee0f9ecb43a?s=96&d=mm&r=g\",\"caption\":\"Erik Lachfeld\"},\"url\":\"https:\\\/\\\/kunsthallemessmer.de\\\/fr\\\/author\\\/erik-lachfeld\\\/\"}]}<\/script>\n<!-- \/ Yoast SEO plugin. -->","yoast_head_json":{"title":"Arif Aziz - Art d'Azerba\u00efdjan - Kunsthalle Messmer","robots":{"index":"index","follow":"follow","max-snippet":"max-snippet:-1","max-image-preview":"max-image-preview:large","max-video-preview":"max-video-preview:-1"},"canonical":"https:\/\/kunsthallemessmer.de\/fr\/exposition\/arif-aziz-art-dazerbaidjan\/","og_locale":"fr_FR","og_type":"article","og_title":"Arif Aziz - Art d'Azerba\u00efdjan - Kunsthalle Messmer","og_description":"07\/03\/2015 \u2013 29\/03\/2015","og_url":"https:\/\/kunsthallemessmer.de\/fr\/exposition\/arif-aziz-art-dazerbaidjan\/","og_site_name":"Kunsthalle Messmer","article_published_time":"2022-04-08T08:05:46+00:00","article_modified_time":"2024-06-02T12:01:25+00:00","author":"Erik Lachfeld","twitter_card":"summary_large_image","twitter_misc":{"\u00c9crit par":"Erik Lachfeld","Dur\u00e9e de lecture estim\u00e9e":"2 minutes"},"schema":{"@context":"https:\/\/schema.org","@graph":[{"@type":"Article","@id":"https:\/\/kunsthallemessmer.de\/fr\/exposition\/arif-aziz-art-dazerbaidjan\/#article","isPartOf":{"@id":"https:\/\/kunsthallemessmer.de\/fr\/exposition\/arif-aziz-art-dazerbaidjan\/"},"author":{"name":"Erik Lachfeld","@id":"https:\/\/kunsthallemessmer.de\/fr\/#\/schema\/person\/24f7ee6ec431a05000425936de23c890"},"headline":"Arif Aziz &#8211; Art d&rsquo;Azerba\u00efdjan","datePublished":"2022-04-08T08:05:46+00:00","dateModified":"2024-06-02T12:01:25+00:00","mainEntityOfPage":{"@id":"https:\/\/kunsthallemessmer.de\/fr\/exposition\/arif-aziz-art-dazerbaidjan\/"},"wordCount":429,"publisher":{"@id":"https:\/\/kunsthallemessmer.de\/fr\/#organization"},"articleSection":["exposition"],"inLanguage":"fr-FR"},{"@type":"WebPage","@id":"https:\/\/kunsthallemessmer.de\/fr\/exposition\/arif-aziz-art-dazerbaidjan\/","url":"https:\/\/kunsthallemessmer.de\/fr\/exposition\/arif-aziz-art-dazerbaidjan\/","name":"Arif Aziz - Art d'Azerba\u00efdjan - Kunsthalle Messmer","isPartOf":{"@id":"https:\/\/kunsthallemessmer.de\/fr\/#website"},"datePublished":"2022-04-08T08:05:46+00:00","dateModified":"2024-06-02T12:01:25+00:00","breadcrumb":{"@id":"https:\/\/kunsthallemessmer.de\/fr\/exposition\/arif-aziz-art-dazerbaidjan\/#breadcrumb"},"inLanguage":"fr-FR","potentialAction":[{"@type":"ReadAction","target":["https:\/\/kunsthallemessmer.de\/fr\/exposition\/arif-aziz-art-dazerbaidjan\/"]}]},{"@type":"BreadcrumbList","@id":"https:\/\/kunsthallemessmer.de\/fr\/exposition\/arif-aziz-art-dazerbaidjan\/#breadcrumb","itemListElement":[{"@type":"ListItem","position":1,"name":"Startseite","item":"https:\/\/kunsthallemessmer.de\/fr\/apercu\/"},{"@type":"ListItem","position":2,"name":"Arif Aziz &#8211; Art d&#8217;Azerba\u00efdjan"}]},{"@type":"WebSite","@id":"https:\/\/kunsthallemessmer.de\/fr\/#website","url":"https:\/\/kunsthallemessmer.de\/fr\/","name":"Kunsthalle Messmer","description":"Riegel am Kaiserstuhl","publisher":{"@id":"https:\/\/kunsthallemessmer.de\/fr\/#organization"},"potentialAction":[{"@type":"SearchAction","target":{"@type":"EntryPoint","urlTemplate":"https:\/\/kunsthallemessmer.de\/fr\/?s={search_term_string}"},"query-input":{"@type":"PropertyValueSpecification","valueRequired":true,"valueName":"search_term_string"}}],"inLanguage":"fr-FR"},{"@type":"Organization","@id":"https:\/\/kunsthallemessmer.de\/fr\/#organization","name":"Kunsthalle Messmer","url":"https:\/\/kunsthallemessmer.de\/fr\/","logo":{"@type":"ImageObject","inLanguage":"fr-FR","@id":"https:\/\/kunsthallemessmer.de\/fr\/#\/schema\/logo\/image\/","url":"https:\/\/kunsthallemessmer.de\/wp-content\/uploads\/2022\/04\/kunsthalle_messmer_pos-2-png.png","contentUrl":"https:\/\/kunsthallemessmer.de\/wp-content\/uploads\/2022\/04\/kunsthalle_messmer_pos-2-png.png","width":2412,"height":434,"caption":"Kunsthalle Messmer"},"image":{"@id":"https:\/\/kunsthallemessmer.de\/fr\/#\/schema\/logo\/image\/"}},{"@type":"Person","@id":"https:\/\/kunsthallemessmer.de\/fr\/#\/schema\/person\/24f7ee6ec431a05000425936de23c890","name":"Erik Lachfeld","image":{"@type":"ImageObject","inLanguage":"fr-FR","@id":"https:\/\/secure.gravatar.com\/avatar\/d5d42cc40010ba9998f57d7cebaf2952e1274f5c452ff570f85bbee0f9ecb43a?s=96&d=mm&r=g","url":"https:\/\/secure.gravatar.com\/avatar\/d5d42cc40010ba9998f57d7cebaf2952e1274f5c452ff570f85bbee0f9ecb43a?s=96&d=mm&r=g","contentUrl":"https:\/\/secure.gravatar.com\/avatar\/d5d42cc40010ba9998f57d7cebaf2952e1274f5c452ff570f85bbee0f9ecb43a?s=96&d=mm&r=g","caption":"Erik Lachfeld"},"url":"https:\/\/kunsthallemessmer.de\/fr\/author\/erik-lachfeld\/"}]}},"_links":{"self":[{"href":"https:\/\/kunsthallemessmer.de\/fr\/wp-json\/wp\/v2\/posts\/3612","targetHints":{"allow":["GET"]}}],"collection":[{"href":"https:\/\/kunsthallemessmer.de\/fr\/wp-json\/wp\/v2\/posts"}],"about":[{"href":"https:\/\/kunsthallemessmer.de\/fr\/wp-json\/wp\/v2\/types\/post"}],"author":[{"embeddable":true,"href":"https:\/\/kunsthallemessmer.de\/fr\/wp-json\/wp\/v2\/users\/3"}],"replies":[{"embeddable":true,"href":"https:\/\/kunsthallemessmer.de\/fr\/wp-json\/wp\/v2\/comments?post=3612"}],"version-history":[{"count":2,"href":"https:\/\/kunsthallemessmer.de\/fr\/wp-json\/wp\/v2\/posts\/3612\/revisions"}],"predecessor-version":[{"id":8383,"href":"https:\/\/kunsthallemessmer.de\/fr\/wp-json\/wp\/v2\/posts\/3612\/revisions\/8383"}],"wp:attachment":[{"href":"https:\/\/kunsthallemessmer.de\/fr\/wp-json\/wp\/v2\/media?parent=3612"}],"wp:term":[{"taxonomy":"category","embeddable":true,"href":"https:\/\/kunsthallemessmer.de\/fr\/wp-json\/wp\/v2\/categories?post=3612"},{"taxonomy":"post_tag","embeddable":true,"href":"https:\/\/kunsthallemessmer.de\/fr\/wp-json\/wp\/v2\/tags?post=3612"}],"curies":[{"name":"wp","href":"https:\/\/api.w.org\/{rel}","templated":true}]}}