{"id":3719,"date":"2022-04-08T12:56:39","date_gmt":"2022-04-08T10:56:39","guid":{"rendered":"https:\/\/kunsthallemessmer.de\/non-classifiee\/gerhard-birkhofer\/"},"modified":"2024-02-02T11:45:56","modified_gmt":"2024-02-02T10:45:56","slug":"gerhard-birkhofer","status":"publish","type":"post","link":"https:\/\/kunsthallemessmer.de\/fr\/artistes\/gerhard-birkhofer\/","title":{"rendered":"Gerhard Birkhofer"},"content":{"rendered":"\t\t<div data-elementor-type=\"wp-post\" data-elementor-id=\"3719\" class=\"elementor elementor-3719 elementor-1717\" data-elementor-post-type=\"post\">\n\t\t\t\t\t\t<section class=\"elementor-section elementor-top-section elementor-element elementor-element-e1ac3c5 elementor-section-boxed elementor-section-height-default elementor-section-height-default\" data-id=\"e1ac3c5\" data-element_type=\"section\" data-e-type=\"section\">\n\t\t\t\t\t\t<div class=\"elementor-container elementor-column-gap-default\">\n\t\t\t\t\t<div class=\"elementor-column elementor-col-100 elementor-top-column elementor-element elementor-element-3626b4f\" data-id=\"3626b4f\" data-element_type=\"column\" data-e-type=\"column\">\n\t\t\t<div class=\"elementor-widget-wrap elementor-element-populated\">\n\t\t\t\t\t\t<div class=\"elementor-element elementor-element-f161db6 elementor-widget elementor-widget-heading\" data-id=\"f161db6\" data-element_type=\"widget\" data-e-type=\"widget\" data-widget_type=\"heading.default\">\n\t\t\t\t<div class=\"elementor-widget-container\">\n\t\t\t\t\t<h1 class=\"elementor-heading-title elementor-size-default\">Gerhard Birkhofer<\/h1>\t\t\t\t<\/div>\n\t\t\t\t<\/div>\n\t\t\t\t<div class=\"elementor-element elementor-element-36c8a07 elementor-widget elementor-widget-image\" data-id=\"36c8a07\" data-element_type=\"widget\" data-e-type=\"widget\" data-widget_type=\"image.default\">\n\t\t\t\t<div class=\"elementor-widget-container\">\n\t\t\t\t\t\t\t\t\t\t\t\t<figure class=\"wp-caption\">\n\t\t\t\t\t\t\t\t\t\t\t<a href=\"https:\/\/kunsthallemessmer.de\/wp-content\/uploads\/2022\/04\/Birkhofer-Website.jpg\" data-elementor-open-lightbox=\"yes\" data-elementor-lightbox-title=\"Copyright by Gerhard Birkhofer\" data-e-action-hash=\"#elementor-action%3Aaction%3Dlightbox%26settings%3DeyJpZCI6MzI1OSwidXJsIjoiaHR0cHM6XC9cL2t1bnN0aGFsbGVtZXNzbWVyLmRlXC93cC1jb250ZW50XC91cGxvYWRzXC8yMDIyXC8wNFwvQmlya2hvZmVyLVdlYnNpdGUuanBnIn0%3D\">\n\t\t\t\t\t\t\t<img decoding=\"async\" src=\"https:\/\/kunsthallemessmer.de\/wp-content\/uploads\/elementor\/thumbs\/Birkhofer-Website-pnwjq3tgzqspen0ixxgac4k2cobb2bllzyu8wfcqgw.jpg\" title=\"Birkhofer-Website\" alt=\"Copyright by Gerhard Birkhofer\" loading=\"lazy\" \/>\t\t\t\t\t\t\t\t<\/a>\n\t\t\t\t\t\t\t\t\t\t\t<figcaption class=\"widget-image-caption wp-caption-text\">Copyright by Gerhard Birkhofer<\/figcaption>\n\t\t\t\t\t\t\t\t\t\t<\/figure>\n\t\t\t\t\t\t\t\t\t<\/div>\n\t\t\t\t<\/div>\n\t\t\t\t<div class=\"elementor-element elementor-element-d716e16 elementor-widget elementor-widget-text-editor\" data-id=\"d716e16\" data-element_type=\"widget\" data-e-type=\"widget\" data-widget_type=\"text-editor.default\">\n\t\t\t\t<div class=\"elementor-widget-container\">\n\t\t\t\t\t\t\t\t\t<p>N\u00e9 en <strong>1947<\/strong> \u00e0 Ravensbourg; Vit et travaille \u00e0 Gottenheim am Tuniberg<br \/><strong>1971 \u2013 1974<\/strong> a \u00e9tudi\u00e9 l&rsquo;\u00e9ducation artistique \u00e0 l&rsquo;Universit\u00e9 de l&rsquo;\u00e9ducation \u00e0 Fribourg.<br \/><strong>1982 \u2013 1989<\/strong> \u00e9tudes d&rsquo;histoire de l&rsquo;art \u00e0 l&rsquo;Universit\u00e9 de Fribourg.<br \/><strong>1981 \u2013 2012<\/strong> charg\u00e9e de cours en beaux-arts \u00e0 l&rsquo;Institut des arts de la Haute \u00e9cole p\u00e9dagogique de Fribourg.<\/p>\n<h4>Expositions (s\u00e9lection)<\/h4>\n<p><strong>2014<\/strong> Association d&rsquo;art de Marbourg, Marbourg<br \/><strong>2013<\/strong> Galerie d&rsquo;art Marbourg, Marbourg<br \/><strong>2012<\/strong> Galerie Birkhofer, Gottenheim<br \/>Galerie XXI, Varsovie<br \/><strong>2010<\/strong> Mazowieckie Centrum Sztuki Wsp\u00f3lczesnej \u00ab\u00a0ELEKTROWNIA\u00a0\u00bb, Radom<br \/><strong>2007<\/strong> Galerie K. \u00e0 la Maison d&rsquo;Art Moderne, Staufen im Breisgau<br \/><strong>2006<\/strong> Galerie d&rsquo;art Marbourg, Marbourg<br \/><strong>2000<\/strong> LOG \u2013 Galerie Lorraine Ogilvie, Marbourg<br \/><strong>1990<\/strong> Galerie municipale dans la tour Donaueschingen<\/p>\n<h4>Collections (s\u00e9lection)<\/h4>\n<p>Galerie nationale \u00e0 Stuttgart<br \/>Mus\u00e9e d&rsquo;art contemporain, Fribourg<br \/>Collection du Mus\u00e9e des Beaux-Arts, Deland Florida<br \/>Collection du Centre de sculpture polonaise, Oronsko, Pologne<br \/>Collection d&rsquo;art du district de Brisgau de la Haute For\u00eat-Noire<br \/>Conseil r\u00e9gional de Karlsruhe<br \/>Conseil r\u00e9gional Fribourg<br \/>Responsable des finances Fribourg<br \/>Hoffman La Roche, B\u00e2le Suisse<br \/>Collection F\u00e9lix Schlenker<br \/>Collection Peter Staechelin<br \/>Collection Sabine et Elmar Bingel, Fribourg<br \/>fondation messmer, Riegel am Kaiserstuhl<br \/>Collection Bernhard Merz, Rottweil<br \/>Elektrownia, Radom, Pologne<br \/>Collection Boszena Kowalska, Pologne<\/p>\n\t\t\t\t\t\t\t\t<\/div>\n\t\t\t\t<\/div>\n\t\t\t\t\t<\/div>\n\t\t<\/div>\n\t\t\t\t\t<\/div>\n\t\t<\/section>\n\t\t\t\t<\/div>\n\t\t","protected":false},"excerpt":{"rendered":"<p>Copyright by Gerhard Birkhofer N\u00e9 en 1947 \u00e0 Ravensbourg; Vit et travaille \u00e0 Gottenheim am Tuniberg1971 \u2013 1974 a \u00e9tudi\u00e9 l&rsquo;\u00e9ducation artistique \u00e0 l&rsquo;Universit\u00e9 de l&rsquo;\u00e9ducation \u00e0 Fribourg.1982 \u2013 1989 \u00e9tudes d&rsquo;histoire de l&rsquo;art \u00e0 l&rsquo;Universit\u00e9 de Fribourg.1981 \u2013 2012 charg\u00e9e de cours en beaux-arts \u00e0 l&rsquo;Institut des arts de la Haute \u00e9cole p\u00e9dagogique de [&hellip;]<\/p>\n","protected":false},"author":3,"featured_media":0,"comment_status":"closed","ping_status":"open","sticky":false,"template":"","format":"standard","meta":{"footnotes":""},"categories":[30],"tags":[],"class_list":["post-3719","post","type-post","status-publish","format-standard","hentry","category-artistes"],"yoast_head":"<!-- This site is optimized with the Yoast SEO plugin v27.4 - https:\/\/yoast.com\/product\/yoast-seo-wordpress\/ -->\n<title>Gerhard Birkhofer - Kunsthalle Messmer<\/title>\n<meta name=\"robots\" content=\"index, follow, max-snippet:-1, max-image-preview:large, max-video-preview:-1\" \/>\n<link rel=\"canonical\" href=\"https:\/\/kunsthallemessmer.de\/fr\/artistes\/gerhard-birkhofer\/\" \/>\n<meta property=\"og:locale\" content=\"fr_FR\" \/>\n<meta property=\"og:type\" content=\"article\" \/>\n<meta property=\"og:title\" content=\"Gerhard Birkhofer - Kunsthalle Messmer\" \/>\n<meta property=\"og:description\" content=\"Copyright by Gerhard Birkhofer N\u00e9 en 1947 \u00e0 Ravensbourg; Vit et travaille \u00e0 Gottenheim am Tuniberg1971 \u2013 1974 a \u00e9tudi\u00e9 l&rsquo;\u00e9ducation artistique \u00e0 l&rsquo;Universit\u00e9 de l&rsquo;\u00e9ducation \u00e0 Fribourg.1982 \u2013 1989 \u00e9tudes d&rsquo;histoire de l&rsquo;art \u00e0 l&rsquo;Universit\u00e9 de Fribourg.1981 \u2013 2012 charg\u00e9e de cours en beaux-arts \u00e0 l&rsquo;Institut des arts de la Haute \u00e9cole p\u00e9dagogique de [&hellip;]\" \/>\n<meta property=\"og:url\" content=\"https:\/\/kunsthallemessmer.de\/fr\/artistes\/gerhard-birkhofer\/\" \/>\n<meta property=\"og:site_name\" content=\"Kunsthalle Messmer\" \/>\n<meta property=\"article:published_time\" content=\"2022-04-08T10:56:39+00:00\" \/>\n<meta property=\"article:modified_time\" content=\"2024-02-02T10:45:56+00:00\" \/>\n<meta property=\"og:image\" content=\"https:\/\/kunsthallemessmer.de\/wp-content\/uploads\/elementor\/thumbs\/Birkhofer-Website-pnwjq3tgzqspen0ixxgac4k2cobb2bllzyu8wfcqgw.jpg\" \/>\n<meta name=\"author\" content=\"Erik Lachfeld\" \/>\n<meta name=\"twitter:card\" content=\"summary_large_image\" \/>\n<meta name=\"twitter:label1\" content=\"\u00c9crit par\" \/>\n\t<meta name=\"twitter:data1\" content=\"Erik Lachfeld\" \/>\n\t<meta name=\"twitter:label2\" content=\"Dur\u00e9e de lecture estim\u00e9e\" \/>\n\t<meta name=\"twitter:data2\" content=\"1 minute\" \/>\n<script type=\"application\/ld+json\" class=\"yoast-schema-graph\">{\"@context\":\"https:\\\/\\\/schema.org\",\"@graph\":[{\"@type\":\"Article\",\"@id\":\"https:\\\/\\\/kunsthallemessmer.de\\\/fr\\\/artistes\\\/gerhard-birkhofer\\\/#article\",\"isPartOf\":{\"@id\":\"https:\\\/\\\/kunsthallemessmer.de\\\/fr\\\/artistes\\\/gerhard-birkhofer\\\/\"},\"author\":{\"name\":\"Erik Lachfeld\",\"@id\":\"https:\\\/\\\/kunsthallemessmer.de\\\/fr\\\/#\\\/schema\\\/person\\\/24f7ee6ec431a05000425936de23c890\"},\"headline\":\"Gerhard Birkhofer\",\"datePublished\":\"2022-04-08T10:56:39+00:00\",\"dateModified\":\"2024-02-02T10:45:56+00:00\",\"mainEntityOfPage\":{\"@id\":\"https:\\\/\\\/kunsthallemessmer.de\\\/fr\\\/artistes\\\/gerhard-birkhofer\\\/\"},\"wordCount\":179,\"publisher\":{\"@id\":\"https:\\\/\\\/kunsthallemessmer.de\\\/fr\\\/#organization\"},\"image\":{\"@id\":\"https:\\\/\\\/kunsthallemessmer.de\\\/fr\\\/artistes\\\/gerhard-birkhofer\\\/#primaryimage\"},\"thumbnailUrl\":\"https:\\\/\\\/kunsthallemessmer.de\\\/wp-content\\\/uploads\\\/elementor\\\/thumbs\\\/Birkhofer-Website-pnwjq3tgzqspen0ixxgac4k2cobb2bllzyu8wfcqgw.jpg\",\"articleSection\":[\"Artistes\"],\"inLanguage\":\"fr-FR\"},{\"@type\":\"WebPage\",\"@id\":\"https:\\\/\\\/kunsthallemessmer.de\\\/fr\\\/artistes\\\/gerhard-birkhofer\\\/\",\"url\":\"https:\\\/\\\/kunsthallemessmer.de\\\/fr\\\/artistes\\\/gerhard-birkhofer\\\/\",\"name\":\"Gerhard Birkhofer - Kunsthalle Messmer\",\"isPartOf\":{\"@id\":\"https:\\\/\\\/kunsthallemessmer.de\\\/fr\\\/#website\"},\"primaryImageOfPage\":{\"@id\":\"https:\\\/\\\/kunsthallemessmer.de\\\/fr\\\/artistes\\\/gerhard-birkhofer\\\/#primaryimage\"},\"image\":{\"@id\":\"https:\\\/\\\/kunsthallemessmer.de\\\/fr\\\/artistes\\\/gerhard-birkhofer\\\/#primaryimage\"},\"thumbnailUrl\":\"https:\\\/\\\/kunsthallemessmer.de\\\/wp-content\\\/uploads\\\/elementor\\\/thumbs\\\/Birkhofer-Website-pnwjq3tgzqspen0ixxgac4k2cobb2bllzyu8wfcqgw.jpg\",\"datePublished\":\"2022-04-08T10:56:39+00:00\",\"dateModified\":\"2024-02-02T10:45:56+00:00\",\"breadcrumb\":{\"@id\":\"https:\\\/\\\/kunsthallemessmer.de\\\/fr\\\/artistes\\\/gerhard-birkhofer\\\/#breadcrumb\"},\"inLanguage\":\"fr-FR\",\"potentialAction\":[{\"@type\":\"ReadAction\",\"target\":[\"https:\\\/\\\/kunsthallemessmer.de\\\/fr\\\/artistes\\\/gerhard-birkhofer\\\/\"]}]},{\"@type\":\"ImageObject\",\"inLanguage\":\"fr-FR\",\"@id\":\"https:\\\/\\\/kunsthallemessmer.de\\\/fr\\\/artistes\\\/gerhard-birkhofer\\\/#primaryimage\",\"url\":\"https:\\\/\\\/kunsthallemessmer.de\\\/wp-content\\\/uploads\\\/elementor\\\/thumbs\\\/Birkhofer-Website-pnwjq3tgzqspen0ixxgac4k2cobb2bllzyu8wfcqgw.jpg\",\"contentUrl\":\"https:\\\/\\\/kunsthallemessmer.de\\\/wp-content\\\/uploads\\\/elementor\\\/thumbs\\\/Birkhofer-Website-pnwjq3tgzqspen0ixxgac4k2cobb2bllzyu8wfcqgw.jpg\"},{\"@type\":\"BreadcrumbList\",\"@id\":\"https:\\\/\\\/kunsthallemessmer.de\\\/fr\\\/artistes\\\/gerhard-birkhofer\\\/#breadcrumb\",\"itemListElement\":[{\"@type\":\"ListItem\",\"position\":1,\"name\":\"Startseite\",\"item\":\"https:\\\/\\\/kunsthallemessmer.de\\\/fr\\\/apercu\\\/\"},{\"@type\":\"ListItem\",\"position\":2,\"name\":\"Gerhard Birkhofer\"}]},{\"@type\":\"WebSite\",\"@id\":\"https:\\\/\\\/kunsthallemessmer.de\\\/fr\\\/#website\",\"url\":\"https:\\\/\\\/kunsthallemessmer.de\\\/fr\\\/\",\"name\":\"Kunsthalle Messmer\",\"description\":\"Riegel am Kaiserstuhl\",\"publisher\":{\"@id\":\"https:\\\/\\\/kunsthallemessmer.de\\\/fr\\\/#organization\"},\"potentialAction\":[{\"@type\":\"SearchAction\",\"target\":{\"@type\":\"EntryPoint\",\"urlTemplate\":\"https:\\\/\\\/kunsthallemessmer.de\\\/fr\\\/?s={search_term_string}\"},\"query-input\":{\"@type\":\"PropertyValueSpecification\",\"valueRequired\":true,\"valueName\":\"search_term_string\"}}],\"inLanguage\":\"fr-FR\"},{\"@type\":\"Organization\",\"@id\":\"https:\\\/\\\/kunsthallemessmer.de\\\/fr\\\/#organization\",\"name\":\"Kunsthalle Messmer\",\"url\":\"https:\\\/\\\/kunsthallemessmer.de\\\/fr\\\/\",\"logo\":{\"@type\":\"ImageObject\",\"inLanguage\":\"fr-FR\",\"@id\":\"https:\\\/\\\/kunsthallemessmer.de\\\/fr\\\/#\\\/schema\\\/logo\\\/image\\\/\",\"url\":\"https:\\\/\\\/kunsthallemessmer.de\\\/wp-content\\\/uploads\\\/2022\\\/04\\\/kunsthalle_messmer_pos-2-png.png\",\"contentUrl\":\"https:\\\/\\\/kunsthallemessmer.de\\\/wp-content\\\/uploads\\\/2022\\\/04\\\/kunsthalle_messmer_pos-2-png.png\",\"width\":2412,\"height\":434,\"caption\":\"Kunsthalle Messmer\"},\"image\":{\"@id\":\"https:\\\/\\\/kunsthallemessmer.de\\\/fr\\\/#\\\/schema\\\/logo\\\/image\\\/\"}},{\"@type\":\"Person\",\"@id\":\"https:\\\/\\\/kunsthallemessmer.de\\\/fr\\\/#\\\/schema\\\/person\\\/24f7ee6ec431a05000425936de23c890\",\"name\":\"Erik Lachfeld\",\"image\":{\"@type\":\"ImageObject\",\"inLanguage\":\"fr-FR\",\"@id\":\"https:\\\/\\\/secure.gravatar.com\\\/avatar\\\/d5d42cc40010ba9998f57d7cebaf2952e1274f5c452ff570f85bbee0f9ecb43a?s=96&d=mm&r=g\",\"url\":\"https:\\\/\\\/secure.gravatar.com\\\/avatar\\\/d5d42cc40010ba9998f57d7cebaf2952e1274f5c452ff570f85bbee0f9ecb43a?s=96&d=mm&r=g\",\"contentUrl\":\"https:\\\/\\\/secure.gravatar.com\\\/avatar\\\/d5d42cc40010ba9998f57d7cebaf2952e1274f5c452ff570f85bbee0f9ecb43a?s=96&d=mm&r=g\",\"caption\":\"Erik Lachfeld\"},\"url\":\"https:\\\/\\\/kunsthallemessmer.de\\\/fr\\\/author\\\/erik-lachfeld\\\/\"}]}<\/script>\n<!-- \/ Yoast SEO plugin. -->","yoast_head_json":{"title":"Gerhard Birkhofer - Kunsthalle Messmer","robots":{"index":"index","follow":"follow","max-snippet":"max-snippet:-1","max-image-preview":"max-image-preview:large","max-video-preview":"max-video-preview:-1"},"canonical":"https:\/\/kunsthallemessmer.de\/fr\/artistes\/gerhard-birkhofer\/","og_locale":"fr_FR","og_type":"article","og_title":"Gerhard Birkhofer - Kunsthalle Messmer","og_description":"Copyright by Gerhard Birkhofer N\u00e9 en 1947 \u00e0 Ravensbourg; Vit et travaille \u00e0 Gottenheim am Tuniberg1971 \u2013 1974 a \u00e9tudi\u00e9 l&rsquo;\u00e9ducation artistique \u00e0 l&rsquo;Universit\u00e9 de l&rsquo;\u00e9ducation \u00e0 Fribourg.1982 \u2013 1989 \u00e9tudes d&rsquo;histoire de l&rsquo;art \u00e0 l&rsquo;Universit\u00e9 de Fribourg.1981 \u2013 2012 charg\u00e9e de cours en beaux-arts \u00e0 l&rsquo;Institut des arts de la Haute \u00e9cole p\u00e9dagogique de [&hellip;]","og_url":"https:\/\/kunsthallemessmer.de\/fr\/artistes\/gerhard-birkhofer\/","og_site_name":"Kunsthalle Messmer","article_published_time":"2022-04-08T10:56:39+00:00","article_modified_time":"2024-02-02T10:45:56+00:00","og_image":[{"url":"https:\/\/kunsthallemessmer.de\/wp-content\/uploads\/elementor\/thumbs\/Birkhofer-Website-pnwjq3tgzqspen0ixxgac4k2cobb2bllzyu8wfcqgw.jpg","type":"","width":"","height":""}],"author":"Erik Lachfeld","twitter_card":"summary_large_image","twitter_misc":{"\u00c9crit par":"Erik Lachfeld","Dur\u00e9e de lecture estim\u00e9e":"1 minute"},"schema":{"@context":"https:\/\/schema.org","@graph":[{"@type":"Article","@id":"https:\/\/kunsthallemessmer.de\/fr\/artistes\/gerhard-birkhofer\/#article","isPartOf":{"@id":"https:\/\/kunsthallemessmer.de\/fr\/artistes\/gerhard-birkhofer\/"},"author":{"name":"Erik Lachfeld","@id":"https:\/\/kunsthallemessmer.de\/fr\/#\/schema\/person\/24f7ee6ec431a05000425936de23c890"},"headline":"Gerhard Birkhofer","datePublished":"2022-04-08T10:56:39+00:00","dateModified":"2024-02-02T10:45:56+00:00","mainEntityOfPage":{"@id":"https:\/\/kunsthallemessmer.de\/fr\/artistes\/gerhard-birkhofer\/"},"wordCount":179,"publisher":{"@id":"https:\/\/kunsthallemessmer.de\/fr\/#organization"},"image":{"@id":"https:\/\/kunsthallemessmer.de\/fr\/artistes\/gerhard-birkhofer\/#primaryimage"},"thumbnailUrl":"https:\/\/kunsthallemessmer.de\/wp-content\/uploads\/elementor\/thumbs\/Birkhofer-Website-pnwjq3tgzqspen0ixxgac4k2cobb2bllzyu8wfcqgw.jpg","articleSection":["Artistes"],"inLanguage":"fr-FR"},{"@type":"WebPage","@id":"https:\/\/kunsthallemessmer.de\/fr\/artistes\/gerhard-birkhofer\/","url":"https:\/\/kunsthallemessmer.de\/fr\/artistes\/gerhard-birkhofer\/","name":"Gerhard Birkhofer - Kunsthalle Messmer","isPartOf":{"@id":"https:\/\/kunsthallemessmer.de\/fr\/#website"},"primaryImageOfPage":{"@id":"https:\/\/kunsthallemessmer.de\/fr\/artistes\/gerhard-birkhofer\/#primaryimage"},"image":{"@id":"https:\/\/kunsthallemessmer.de\/fr\/artistes\/gerhard-birkhofer\/#primaryimage"},"thumbnailUrl":"https:\/\/kunsthallemessmer.de\/wp-content\/uploads\/elementor\/thumbs\/Birkhofer-Website-pnwjq3tgzqspen0ixxgac4k2cobb2bllzyu8wfcqgw.jpg","datePublished":"2022-04-08T10:56:39+00:00","dateModified":"2024-02-02T10:45:56+00:00","breadcrumb":{"@id":"https:\/\/kunsthallemessmer.de\/fr\/artistes\/gerhard-birkhofer\/#breadcrumb"},"inLanguage":"fr-FR","potentialAction":[{"@type":"ReadAction","target":["https:\/\/kunsthallemessmer.de\/fr\/artistes\/gerhard-birkhofer\/"]}]},{"@type":"ImageObject","inLanguage":"fr-FR","@id":"https:\/\/kunsthallemessmer.de\/fr\/artistes\/gerhard-birkhofer\/#primaryimage","url":"https:\/\/kunsthallemessmer.de\/wp-content\/uploads\/elementor\/thumbs\/Birkhofer-Website-pnwjq3tgzqspen0ixxgac4k2cobb2bllzyu8wfcqgw.jpg","contentUrl":"https:\/\/kunsthallemessmer.de\/wp-content\/uploads\/elementor\/thumbs\/Birkhofer-Website-pnwjq3tgzqspen0ixxgac4k2cobb2bllzyu8wfcqgw.jpg"},{"@type":"BreadcrumbList","@id":"https:\/\/kunsthallemessmer.de\/fr\/artistes\/gerhard-birkhofer\/#breadcrumb","itemListElement":[{"@type":"ListItem","position":1,"name":"Startseite","item":"https:\/\/kunsthallemessmer.de\/fr\/apercu\/"},{"@type":"ListItem","position":2,"name":"Gerhard Birkhofer"}]},{"@type":"WebSite","@id":"https:\/\/kunsthallemessmer.de\/fr\/#website","url":"https:\/\/kunsthallemessmer.de\/fr\/","name":"Kunsthalle Messmer","description":"Riegel am Kaiserstuhl","publisher":{"@id":"https:\/\/kunsthallemessmer.de\/fr\/#organization"},"potentialAction":[{"@type":"SearchAction","target":{"@type":"EntryPoint","urlTemplate":"https:\/\/kunsthallemessmer.de\/fr\/?s={search_term_string}"},"query-input":{"@type":"PropertyValueSpecification","valueRequired":true,"valueName":"search_term_string"}}],"inLanguage":"fr-FR"},{"@type":"Organization","@id":"https:\/\/kunsthallemessmer.de\/fr\/#organization","name":"Kunsthalle Messmer","url":"https:\/\/kunsthallemessmer.de\/fr\/","logo":{"@type":"ImageObject","inLanguage":"fr-FR","@id":"https:\/\/kunsthallemessmer.de\/fr\/#\/schema\/logo\/image\/","url":"https:\/\/kunsthallemessmer.de\/wp-content\/uploads\/2022\/04\/kunsthalle_messmer_pos-2-png.png","contentUrl":"https:\/\/kunsthallemessmer.de\/wp-content\/uploads\/2022\/04\/kunsthalle_messmer_pos-2-png.png","width":2412,"height":434,"caption":"Kunsthalle Messmer"},"image":{"@id":"https:\/\/kunsthallemessmer.de\/fr\/#\/schema\/logo\/image\/"}},{"@type":"Person","@id":"https:\/\/kunsthallemessmer.de\/fr\/#\/schema\/person\/24f7ee6ec431a05000425936de23c890","name":"Erik Lachfeld","image":{"@type":"ImageObject","inLanguage":"fr-FR","@id":"https:\/\/secure.gravatar.com\/avatar\/d5d42cc40010ba9998f57d7cebaf2952e1274f5c452ff570f85bbee0f9ecb43a?s=96&d=mm&r=g","url":"https:\/\/secure.gravatar.com\/avatar\/d5d42cc40010ba9998f57d7cebaf2952e1274f5c452ff570f85bbee0f9ecb43a?s=96&d=mm&r=g","contentUrl":"https:\/\/secure.gravatar.com\/avatar\/d5d42cc40010ba9998f57d7cebaf2952e1274f5c452ff570f85bbee0f9ecb43a?s=96&d=mm&r=g","caption":"Erik Lachfeld"},"url":"https:\/\/kunsthallemessmer.de\/fr\/author\/erik-lachfeld\/"}]}},"_links":{"self":[{"href":"https:\/\/kunsthallemessmer.de\/fr\/wp-json\/wp\/v2\/posts\/3719","targetHints":{"allow":["GET"]}}],"collection":[{"href":"https:\/\/kunsthallemessmer.de\/fr\/wp-json\/wp\/v2\/posts"}],"about":[{"href":"https:\/\/kunsthallemessmer.de\/fr\/wp-json\/wp\/v2\/types\/post"}],"author":[{"embeddable":true,"href":"https:\/\/kunsthallemessmer.de\/fr\/wp-json\/wp\/v2\/users\/3"}],"replies":[{"embeddable":true,"href":"https:\/\/kunsthallemessmer.de\/fr\/wp-json\/wp\/v2\/comments?post=3719"}],"version-history":[{"count":2,"href":"https:\/\/kunsthallemessmer.de\/fr\/wp-json\/wp\/v2\/posts\/3719\/revisions"}],"predecessor-version":[{"id":7413,"href":"https:\/\/kunsthallemessmer.de\/fr\/wp-json\/wp\/v2\/posts\/3719\/revisions\/7413"}],"wp:attachment":[{"href":"https:\/\/kunsthallemessmer.de\/fr\/wp-json\/wp\/v2\/media?parent=3719"}],"wp:term":[{"taxonomy":"category","embeddable":true,"href":"https:\/\/kunsthallemessmer.de\/fr\/wp-json\/wp\/v2\/categories?post=3719"},{"taxonomy":"post_tag","embeddable":true,"href":"https:\/\/kunsthallemessmer.de\/fr\/wp-json\/wp\/v2\/tags?post=3719"}],"curies":[{"name":"wp","href":"https:\/\/api.w.org\/{rel}","templated":true}]}}