{"id":3832,"date":"2022-04-08T13:30:39","date_gmt":"2022-04-08T11:30:39","guid":{"rendered":"https:\/\/kunsthallemessmer.de\/non-classifiee\/gerhard-froemel\/"},"modified":"2024-02-02T11:53:35","modified_gmt":"2024-02-02T10:53:35","slug":"gerhard-froemel","status":"publish","type":"post","link":"https:\/\/kunsthallemessmer.de\/fr\/artistes\/gerhard-froemel\/","title":{"rendered":"Gerhard Fr\u00f6mel"},"content":{"rendered":"\t\t<div data-elementor-type=\"wp-post\" data-elementor-id=\"3832\" class=\"elementor elementor-3832 elementor-1897\" data-elementor-post-type=\"post\">\n\t\t\t\t\t\t<section class=\"elementor-section elementor-top-section elementor-element elementor-element-1cb612f elementor-section-boxed elementor-section-height-default elementor-section-height-default\" data-id=\"1cb612f\" data-element_type=\"section\" data-e-type=\"section\">\n\t\t\t\t\t\t<div class=\"elementor-container elementor-column-gap-default\">\n\t\t\t\t\t<div class=\"elementor-column elementor-col-100 elementor-top-column elementor-element elementor-element-a29cd48\" data-id=\"a29cd48\" data-element_type=\"column\" data-e-type=\"column\">\n\t\t\t<div class=\"elementor-widget-wrap elementor-element-populated\">\n\t\t\t\t\t\t<div class=\"elementor-element elementor-element-b10d96a elementor-widget elementor-widget-heading\" data-id=\"b10d96a\" data-element_type=\"widget\" data-e-type=\"widget\" data-widget_type=\"heading.default\">\n\t\t\t\t<div class=\"elementor-widget-container\">\n\t\t\t\t\t<h1 class=\"elementor-heading-title elementor-size-default\">Gerhard Fr\u00f6mel<\/h1>\t\t\t\t<\/div>\n\t\t\t\t<\/div>\n\t\t\t\t<div class=\"elementor-element elementor-element-9992287 elementor-widget elementor-widget-text-editor\" data-id=\"9992287\" data-element_type=\"widget\" data-e-type=\"widget\" data-widget_type=\"text-editor.default\">\n\t\t\t\t<div class=\"elementor-widget-container\">\n\t\t\t\t\t\t\t\t\t<p>Gerhard Fr\u00f6mel cr\u00e9e des objets et des installations en trois dimensions compos\u00e9s de pi\u00e8ces individuelles et positionn\u00e9s sur plusieurs niveaux. Ces structures permettent au spectateur d&rsquo;entrer en relation directe avec l&rsquo;\u0153uvre d&rsquo;art : \u00e0 travers les d\u00e9placements optiques, les s\u00e9parations et les connexions d&rsquo;\u00e9l\u00e9ments plats ou lin\u00e9aires, chaque pas ou changement de lieu du spectateur conduit \u00e0 une nouvelle vision de l&rsquo;\u0153uvre majoritairement noire et objets blancs. Une vari\u00e9t\u00e9 de formes et d&rsquo;espaces d&rsquo;illusion s&rsquo;ouvrent. L&rsquo;artiste commente son travail comme suit : \u00ab On peut vivre des exp\u00e9riences similaires en faisant consciemment l&rsquo;exp\u00e9rience d&rsquo;une ville ou d&rsquo;un paysage. Chaque pas provoque un changement optique : les b\u00e2timents individuels fusionnent et se r\u00e9duisent \u00e0 un mur (&#8230;) M\u00eame un pas minime &#8211; physique et mental &#8211; peut changer \u00e9norm\u00e9ment la vision du monde.\u00a0\u00bb Gerhard Fr\u00f6mel vit et travaille \u00e0 Wolfsegg am Hausruck et Hallein-Rehhof.<\/p>\n<p>n\u00e9 en <strong>1941<\/strong> \u00e0 Grieskirchen, Autriche<br \/><strong>1955-1959 Apprentissage comme<\/strong> peintre d&rsquo;enseignes<br \/><strong>1965-1969<\/strong> \u00e9tudie l&rsquo;art commercial avec le professeur Erich Buchegger \u00e0 l&rsquo;\u00e9cole d&rsquo;art de la ville de Linz<br \/><strong>1975-2003<\/strong> poste d&rsquo;enseignant \u00e0 l&rsquo;universit\u00e9 de design artistique et industriel et \u00e0 l&rsquo;universit\u00e9 d&rsquo;art de Linz<\/p>\n\t\t\t\t\t\t\t\t<\/div>\n\t\t\t\t<\/div>\n\t\t\t\t\t<\/div>\n\t\t<\/div>\n\t\t\t\t\t<\/div>\n\t\t<\/section>\n\t\t\t\t<\/div>\n\t\t","protected":false},"excerpt":{"rendered":"<p>Gerhard Fr\u00f6mel cr\u00e9e des objets et des installations en trois dimensions compos\u00e9s de pi\u00e8ces individuelles et positionn\u00e9s sur plusieurs niveaux. Ces structures permettent au spectateur d&rsquo;entrer en relation directe avec l&rsquo;\u0153uvre d&rsquo;art : \u00e0 travers les d\u00e9placements optiques, les s\u00e9parations et les connexions d&rsquo;\u00e9l\u00e9ments plats ou lin\u00e9aires, chaque pas ou changement de lieu du spectateur [&hellip;]<\/p>\n","protected":false},"author":3,"featured_media":0,"comment_status":"closed","ping_status":"open","sticky":false,"template":"","format":"standard","meta":{"footnotes":""},"categories":[30],"tags":[],"class_list":["post-3832","post","type-post","status-publish","format-standard","hentry","category-artistes"],"yoast_head":"<!-- This site is optimized with the Yoast SEO plugin v27.5 - https:\/\/yoast.com\/product\/yoast-seo-wordpress\/ -->\n<title>Gerhard Fr\u00f6mel - Kunsthalle Messmer<\/title>\n<meta name=\"robots\" content=\"index, follow, max-snippet:-1, max-image-preview:large, max-video-preview:-1\" \/>\n<link rel=\"canonical\" href=\"https:\/\/kunsthallemessmer.de\/fr\/artistes\/gerhard-froemel\/\" \/>\n<meta property=\"og:locale\" content=\"fr_FR\" \/>\n<meta property=\"og:type\" content=\"article\" \/>\n<meta property=\"og:title\" content=\"Gerhard Fr\u00f6mel - Kunsthalle Messmer\" \/>\n<meta property=\"og:description\" content=\"Gerhard Fr\u00f6mel cr\u00e9e des objets et des installations en trois dimensions compos\u00e9s de pi\u00e8ces individuelles et positionn\u00e9s sur plusieurs niveaux. Ces structures permettent au spectateur d&rsquo;entrer en relation directe avec l&rsquo;\u0153uvre d&rsquo;art : \u00e0 travers les d\u00e9placements optiques, les s\u00e9parations et les connexions d&rsquo;\u00e9l\u00e9ments plats ou lin\u00e9aires, chaque pas ou changement de lieu du spectateur [&hellip;]\" \/>\n<meta property=\"og:url\" content=\"https:\/\/kunsthallemessmer.de\/fr\/artistes\/gerhard-froemel\/\" \/>\n<meta property=\"og:site_name\" content=\"Kunsthalle Messmer\" \/>\n<meta property=\"article:published_time\" content=\"2022-04-08T11:30:39+00:00\" \/>\n<meta property=\"article:modified_time\" content=\"2024-02-02T10:53:35+00:00\" \/>\n<meta name=\"author\" content=\"Erik Lachfeld\" \/>\n<meta name=\"twitter:card\" content=\"summary_large_image\" \/>\n<meta name=\"twitter:label1\" content=\"\u00c9crit par\" \/>\n\t<meta name=\"twitter:data1\" content=\"Erik Lachfeld\" \/>\n\t<meta name=\"twitter:label2\" content=\"Dur\u00e9e de lecture estim\u00e9e\" \/>\n\t<meta name=\"twitter:data2\" content=\"1 minute\" \/>\n<script type=\"application\/ld+json\" class=\"yoast-schema-graph\">{\"@context\":\"https:\\\/\\\/schema.org\",\"@graph\":[{\"@type\":\"Article\",\"@id\":\"https:\\\/\\\/kunsthallemessmer.de\\\/fr\\\/artistes\\\/gerhard-froemel\\\/#article\",\"isPartOf\":{\"@id\":\"https:\\\/\\\/kunsthallemessmer.de\\\/fr\\\/artistes\\\/gerhard-froemel\\\/\"},\"author\":{\"name\":\"Erik Lachfeld\",\"@id\":\"https:\\\/\\\/kunsthallemessmer.de\\\/fr\\\/#\\\/schema\\\/person\\\/24f7ee6ec431a05000425936de23c890\"},\"headline\":\"Gerhard Fr\u00f6mel\",\"datePublished\":\"2022-04-08T11:30:39+00:00\",\"dateModified\":\"2024-02-02T10:53:35+00:00\",\"mainEntityOfPage\":{\"@id\":\"https:\\\/\\\/kunsthallemessmer.de\\\/fr\\\/artistes\\\/gerhard-froemel\\\/\"},\"wordCount\":213,\"publisher\":{\"@id\":\"https:\\\/\\\/kunsthallemessmer.de\\\/fr\\\/#organization\"},\"articleSection\":[\"Artistes\"],\"inLanguage\":\"fr-FR\"},{\"@type\":\"WebPage\",\"@id\":\"https:\\\/\\\/kunsthallemessmer.de\\\/fr\\\/artistes\\\/gerhard-froemel\\\/\",\"url\":\"https:\\\/\\\/kunsthallemessmer.de\\\/fr\\\/artistes\\\/gerhard-froemel\\\/\",\"name\":\"Gerhard Fr\u00f6mel - Kunsthalle Messmer\",\"isPartOf\":{\"@id\":\"https:\\\/\\\/kunsthallemessmer.de\\\/fr\\\/#website\"},\"datePublished\":\"2022-04-08T11:30:39+00:00\",\"dateModified\":\"2024-02-02T10:53:35+00:00\",\"breadcrumb\":{\"@id\":\"https:\\\/\\\/kunsthallemessmer.de\\\/fr\\\/artistes\\\/gerhard-froemel\\\/#breadcrumb\"},\"inLanguage\":\"fr-FR\",\"potentialAction\":[{\"@type\":\"ReadAction\",\"target\":[\"https:\\\/\\\/kunsthallemessmer.de\\\/fr\\\/artistes\\\/gerhard-froemel\\\/\"]}]},{\"@type\":\"BreadcrumbList\",\"@id\":\"https:\\\/\\\/kunsthallemessmer.de\\\/fr\\\/artistes\\\/gerhard-froemel\\\/#breadcrumb\",\"itemListElement\":[{\"@type\":\"ListItem\",\"position\":1,\"name\":\"Startseite\",\"item\":\"https:\\\/\\\/kunsthallemessmer.de\\\/fr\\\/apercu\\\/\"},{\"@type\":\"ListItem\",\"position\":2,\"name\":\"Gerhard Fr\u00f6mel\"}]},{\"@type\":\"WebSite\",\"@id\":\"https:\\\/\\\/kunsthallemessmer.de\\\/fr\\\/#website\",\"url\":\"https:\\\/\\\/kunsthallemessmer.de\\\/fr\\\/\",\"name\":\"Kunsthalle Messmer\",\"description\":\"Riegel am Kaiserstuhl\",\"publisher\":{\"@id\":\"https:\\\/\\\/kunsthallemessmer.de\\\/fr\\\/#organization\"},\"potentialAction\":[{\"@type\":\"SearchAction\",\"target\":{\"@type\":\"EntryPoint\",\"urlTemplate\":\"https:\\\/\\\/kunsthallemessmer.de\\\/fr\\\/?s={search_term_string}\"},\"query-input\":{\"@type\":\"PropertyValueSpecification\",\"valueRequired\":true,\"valueName\":\"search_term_string\"}}],\"inLanguage\":\"fr-FR\"},{\"@type\":\"Organization\",\"@id\":\"https:\\\/\\\/kunsthallemessmer.de\\\/fr\\\/#organization\",\"name\":\"Kunsthalle Messmer\",\"url\":\"https:\\\/\\\/kunsthallemessmer.de\\\/fr\\\/\",\"logo\":{\"@type\":\"ImageObject\",\"inLanguage\":\"fr-FR\",\"@id\":\"https:\\\/\\\/kunsthallemessmer.de\\\/fr\\\/#\\\/schema\\\/logo\\\/image\\\/\",\"url\":\"https:\\\/\\\/kunsthallemessmer.de\\\/wp-content\\\/uploads\\\/2022\\\/04\\\/kunsthalle_messmer_pos-2-png.png\",\"contentUrl\":\"https:\\\/\\\/kunsthallemessmer.de\\\/wp-content\\\/uploads\\\/2022\\\/04\\\/kunsthalle_messmer_pos-2-png.png\",\"width\":2412,\"height\":434,\"caption\":\"Kunsthalle Messmer\"},\"image\":{\"@id\":\"https:\\\/\\\/kunsthallemessmer.de\\\/fr\\\/#\\\/schema\\\/logo\\\/image\\\/\"}},{\"@type\":\"Person\",\"@id\":\"https:\\\/\\\/kunsthallemessmer.de\\\/fr\\\/#\\\/schema\\\/person\\\/24f7ee6ec431a05000425936de23c890\",\"name\":\"Erik Lachfeld\",\"image\":{\"@type\":\"ImageObject\",\"inLanguage\":\"fr-FR\",\"@id\":\"https:\\\/\\\/secure.gravatar.com\\\/avatar\\\/d5d42cc40010ba9998f57d7cebaf2952e1274f5c452ff570f85bbee0f9ecb43a?s=96&d=mm&r=g\",\"url\":\"https:\\\/\\\/secure.gravatar.com\\\/avatar\\\/d5d42cc40010ba9998f57d7cebaf2952e1274f5c452ff570f85bbee0f9ecb43a?s=96&d=mm&r=g\",\"contentUrl\":\"https:\\\/\\\/secure.gravatar.com\\\/avatar\\\/d5d42cc40010ba9998f57d7cebaf2952e1274f5c452ff570f85bbee0f9ecb43a?s=96&d=mm&r=g\",\"caption\":\"Erik Lachfeld\"},\"url\":\"https:\\\/\\\/kunsthallemessmer.de\\\/fr\\\/author\\\/erik-lachfeld\\\/\"}]}<\/script>\n<!-- \/ Yoast SEO plugin. -->","yoast_head_json":{"title":"Gerhard Fr\u00f6mel - Kunsthalle Messmer","robots":{"index":"index","follow":"follow","max-snippet":"max-snippet:-1","max-image-preview":"max-image-preview:large","max-video-preview":"max-video-preview:-1"},"canonical":"https:\/\/kunsthallemessmer.de\/fr\/artistes\/gerhard-froemel\/","og_locale":"fr_FR","og_type":"article","og_title":"Gerhard Fr\u00f6mel - Kunsthalle Messmer","og_description":"Gerhard Fr\u00f6mel cr\u00e9e des objets et des installations en trois dimensions compos\u00e9s de pi\u00e8ces individuelles et positionn\u00e9s sur plusieurs niveaux. Ces structures permettent au spectateur d&rsquo;entrer en relation directe avec l&rsquo;\u0153uvre d&rsquo;art : \u00e0 travers les d\u00e9placements optiques, les s\u00e9parations et les connexions d&rsquo;\u00e9l\u00e9ments plats ou lin\u00e9aires, chaque pas ou changement de lieu du spectateur [&hellip;]","og_url":"https:\/\/kunsthallemessmer.de\/fr\/artistes\/gerhard-froemel\/","og_site_name":"Kunsthalle Messmer","article_published_time":"2022-04-08T11:30:39+00:00","article_modified_time":"2024-02-02T10:53:35+00:00","author":"Erik Lachfeld","twitter_card":"summary_large_image","twitter_misc":{"\u00c9crit par":"Erik Lachfeld","Dur\u00e9e de lecture estim\u00e9e":"1 minute"},"schema":{"@context":"https:\/\/schema.org","@graph":[{"@type":"Article","@id":"https:\/\/kunsthallemessmer.de\/fr\/artistes\/gerhard-froemel\/#article","isPartOf":{"@id":"https:\/\/kunsthallemessmer.de\/fr\/artistes\/gerhard-froemel\/"},"author":{"name":"Erik Lachfeld","@id":"https:\/\/kunsthallemessmer.de\/fr\/#\/schema\/person\/24f7ee6ec431a05000425936de23c890"},"headline":"Gerhard Fr\u00f6mel","datePublished":"2022-04-08T11:30:39+00:00","dateModified":"2024-02-02T10:53:35+00:00","mainEntityOfPage":{"@id":"https:\/\/kunsthallemessmer.de\/fr\/artistes\/gerhard-froemel\/"},"wordCount":213,"publisher":{"@id":"https:\/\/kunsthallemessmer.de\/fr\/#organization"},"articleSection":["Artistes"],"inLanguage":"fr-FR"},{"@type":"WebPage","@id":"https:\/\/kunsthallemessmer.de\/fr\/artistes\/gerhard-froemel\/","url":"https:\/\/kunsthallemessmer.de\/fr\/artistes\/gerhard-froemel\/","name":"Gerhard Fr\u00f6mel - Kunsthalle Messmer","isPartOf":{"@id":"https:\/\/kunsthallemessmer.de\/fr\/#website"},"datePublished":"2022-04-08T11:30:39+00:00","dateModified":"2024-02-02T10:53:35+00:00","breadcrumb":{"@id":"https:\/\/kunsthallemessmer.de\/fr\/artistes\/gerhard-froemel\/#breadcrumb"},"inLanguage":"fr-FR","potentialAction":[{"@type":"ReadAction","target":["https:\/\/kunsthallemessmer.de\/fr\/artistes\/gerhard-froemel\/"]}]},{"@type":"BreadcrumbList","@id":"https:\/\/kunsthallemessmer.de\/fr\/artistes\/gerhard-froemel\/#breadcrumb","itemListElement":[{"@type":"ListItem","position":1,"name":"Startseite","item":"https:\/\/kunsthallemessmer.de\/fr\/apercu\/"},{"@type":"ListItem","position":2,"name":"Gerhard Fr\u00f6mel"}]},{"@type":"WebSite","@id":"https:\/\/kunsthallemessmer.de\/fr\/#website","url":"https:\/\/kunsthallemessmer.de\/fr\/","name":"Kunsthalle Messmer","description":"Riegel am Kaiserstuhl","publisher":{"@id":"https:\/\/kunsthallemessmer.de\/fr\/#organization"},"potentialAction":[{"@type":"SearchAction","target":{"@type":"EntryPoint","urlTemplate":"https:\/\/kunsthallemessmer.de\/fr\/?s={search_term_string}"},"query-input":{"@type":"PropertyValueSpecification","valueRequired":true,"valueName":"search_term_string"}}],"inLanguage":"fr-FR"},{"@type":"Organization","@id":"https:\/\/kunsthallemessmer.de\/fr\/#organization","name":"Kunsthalle Messmer","url":"https:\/\/kunsthallemessmer.de\/fr\/","logo":{"@type":"ImageObject","inLanguage":"fr-FR","@id":"https:\/\/kunsthallemessmer.de\/fr\/#\/schema\/logo\/image\/","url":"https:\/\/kunsthallemessmer.de\/wp-content\/uploads\/2022\/04\/kunsthalle_messmer_pos-2-png.png","contentUrl":"https:\/\/kunsthallemessmer.de\/wp-content\/uploads\/2022\/04\/kunsthalle_messmer_pos-2-png.png","width":2412,"height":434,"caption":"Kunsthalle Messmer"},"image":{"@id":"https:\/\/kunsthallemessmer.de\/fr\/#\/schema\/logo\/image\/"}},{"@type":"Person","@id":"https:\/\/kunsthallemessmer.de\/fr\/#\/schema\/person\/24f7ee6ec431a05000425936de23c890","name":"Erik Lachfeld","image":{"@type":"ImageObject","inLanguage":"fr-FR","@id":"https:\/\/secure.gravatar.com\/avatar\/d5d42cc40010ba9998f57d7cebaf2952e1274f5c452ff570f85bbee0f9ecb43a?s=96&d=mm&r=g","url":"https:\/\/secure.gravatar.com\/avatar\/d5d42cc40010ba9998f57d7cebaf2952e1274f5c452ff570f85bbee0f9ecb43a?s=96&d=mm&r=g","contentUrl":"https:\/\/secure.gravatar.com\/avatar\/d5d42cc40010ba9998f57d7cebaf2952e1274f5c452ff570f85bbee0f9ecb43a?s=96&d=mm&r=g","caption":"Erik Lachfeld"},"url":"https:\/\/kunsthallemessmer.de\/fr\/author\/erik-lachfeld\/"}]}},"_links":{"self":[{"href":"https:\/\/kunsthallemessmer.de\/fr\/wp-json\/wp\/v2\/posts\/3832","targetHints":{"allow":["GET"]}}],"collection":[{"href":"https:\/\/kunsthallemessmer.de\/fr\/wp-json\/wp\/v2\/posts"}],"about":[{"href":"https:\/\/kunsthallemessmer.de\/fr\/wp-json\/wp\/v2\/types\/post"}],"author":[{"embeddable":true,"href":"https:\/\/kunsthallemessmer.de\/fr\/wp-json\/wp\/v2\/users\/3"}],"replies":[{"embeddable":true,"href":"https:\/\/kunsthallemessmer.de\/fr\/wp-json\/wp\/v2\/comments?post=3832"}],"version-history":[{"count":4,"href":"https:\/\/kunsthallemessmer.de\/fr\/wp-json\/wp\/v2\/posts\/3832\/revisions"}],"predecessor-version":[{"id":7546,"href":"https:\/\/kunsthallemessmer.de\/fr\/wp-json\/wp\/v2\/posts\/3832\/revisions\/7546"}],"wp:attachment":[{"href":"https:\/\/kunsthallemessmer.de\/fr\/wp-json\/wp\/v2\/media?parent=3832"}],"wp:term":[{"taxonomy":"category","embeddable":true,"href":"https:\/\/kunsthallemessmer.de\/fr\/wp-json\/wp\/v2\/categories?post=3832"},{"taxonomy":"post_tag","embeddable":true,"href":"https:\/\/kunsthallemessmer.de\/fr\/wp-json\/wp\/v2\/tags?post=3832"}],"curies":[{"name":"wp","href":"https:\/\/api.w.org\/{rel}","templated":true}]}}