{"id":3867,"date":"2022-04-08T14:22:26","date_gmt":"2022-04-08T12:22:26","guid":{"rendered":"https:\/\/kunsthallemessmer.de\/non-classifiee\/hans-joerg-glattfelder\/"},"modified":"2024-02-02T11:54:39","modified_gmt":"2024-02-02T10:54:39","slug":"hans-joerg-glattfelder","status":"publish","type":"post","link":"https:\/\/kunsthallemessmer.de\/fr\/artistes\/hans-joerg-glattfelder\/","title":{"rendered":"Hans J\u00f6rg Glattfelder"},"content":{"rendered":"\t\t<div data-elementor-type=\"wp-post\" data-elementor-id=\"3867\" class=\"elementor elementor-3867 elementor-1932\" data-elementor-post-type=\"post\">\n\t\t\t\t\t\t<section class=\"elementor-section elementor-top-section elementor-element elementor-element-7858d42 elementor-section-boxed elementor-section-height-default elementor-section-height-default\" data-id=\"7858d42\" data-element_type=\"section\" data-e-type=\"section\">\n\t\t\t\t\t\t<div class=\"elementor-container elementor-column-gap-default\">\n\t\t\t\t\t<div class=\"elementor-column elementor-col-100 elementor-top-column elementor-element elementor-element-08d1b73\" data-id=\"08d1b73\" data-element_type=\"column\" data-e-type=\"column\">\n\t\t\t<div class=\"elementor-widget-wrap elementor-element-populated\">\n\t\t\t\t\t\t<div class=\"elementor-element elementor-element-f17d14b elementor-widget elementor-widget-heading\" data-id=\"f17d14b\" data-element_type=\"widget\" data-e-type=\"widget\" data-widget_type=\"heading.default\">\n\t\t\t\t<div class=\"elementor-widget-container\">\n\t\t\t\t\t<h1 class=\"elementor-heading-title elementor-size-default\">Hans J\u00f6rg Glattfelder<\/h1>\t\t\t\t<\/div>\n\t\t\t\t<\/div>\n\t\t\t\t<div class=\"elementor-element elementor-element-014c168 elementor-widget elementor-widget-image\" data-id=\"014c168\" data-element_type=\"widget\" data-e-type=\"widget\" data-widget_type=\"image.default\">\n\t\t\t\t<div class=\"elementor-widget-container\">\n\t\t\t\t\t\t\t\t\t\t\t\t<figure class=\"wp-caption\">\n\t\t\t\t\t\t\t\t\t\t\t<a href=\"https:\/\/kunsthallemessmer.de\/wp-content\/uploads\/2022\/04\/Hans-Joerg-Glattfelder_Foto-Steven-van-Veen_kopie.jpg\" data-elementor-open-lightbox=\"yes\" data-elementor-lightbox-title=\"Hans J\u00f6rg Glattfelder, Gr\u00fcne und violette Terminale aus schwarz und wei\u00df, 1990 Acryl auf Leinwand, 80 x 170cm \u00a9 kunsthalle messmer \/ Steven van Veen\" data-e-action-hash=\"#elementor-action%3Aaction%3Dlightbox%26settings%3DeyJpZCI6MzI4OSwidXJsIjoiaHR0cHM6XC9cL2t1bnN0aGFsbGVtZXNzbWVyLmRlXC93cC1jb250ZW50XC91cGxvYWRzXC8yMDIyXC8wNFwvSGFucy1Kb2VyZy1HbGF0dGZlbGRlcl9Gb3RvLVN0ZXZlbi12YW4tVmVlbl9rb3BpZS5qcGcifQ%3D%3D\">\n\t\t\t\t\t\t\t<img decoding=\"async\" src=\"https:\/\/kunsthallemessmer.de\/wp-content\/uploads\/elementor\/thumbs\/Hans-Joerg-Glattfelder_Foto-Steven-van-Veen_kopie-pnwjnr7zwnkwdqfenwvv3pwkvzw9tk9roc4jpiu60w.jpg\" title=\"Hans-J\u00f6rg-Glattfelder_Foto-Steven-van-Veen_kopie\" alt=\"Hans J\u00f6rg Glattfelder, Gr\u00fcne und violette Terminale aus schwarz und wei\u00df, 1990 Acryl auf Leinwand, 80 x 170cm \u00a9 kunsthalle messmer \/ Steven van Veen\" loading=\"lazy\" \/>\t\t\t\t\t\t\t\t<\/a>\n\t\t\t\t\t\t\t\t\t\t\t<figcaption class=\"widget-image-caption wp-caption-text\">Hans J\u00f6rg Glattfelder, Gr\u00fcne und violette Terminale aus schwarz und wei\u00df, 1990 Acryl auf Leinwand, 80 x 170cm \u00a9 kunsthalle messmer \/ Steven van Veen<\/figcaption>\n\t\t\t\t\t\t\t\t\t\t<\/figure>\n\t\t\t\t\t\t\t\t\t<\/div>\n\t\t\t\t<\/div>\n\t\t\t\t<div class=\"elementor-element elementor-element-4cca0cc elementor-widget elementor-widget-text-editor\" data-id=\"4cca0cc\" data-element_type=\"widget\" data-e-type=\"widget\" data-widget_type=\"text-editor.default\">\n\t\t\t\t<div class=\"elementor-widget-container\">\n\t\t\t\t\t\t\t\t\t<p>Hans J\u00f6rg Glattfelder \u00e9tait un peintre d&rsquo;art constructif dont les d\u00e9buts furent fortement influenc\u00e9s par les \u00ab\u00a0Z\u00fcricher Konkreten\u00a0\u00bb. Il a \u00e9t\u00e9 le premier artiste \u00e0 tenter de transf\u00e9rer les concepts complexes de l&rsquo;espace en physique \u00e0 l&rsquo;art constructif. Dans ses \u0153uvres, un nouveau dialogue entre la science et les beaux-arts se cr\u00e9e. Afin de distinguer ses \u0153uvres d&rsquo;art des mod\u00e8les scientifiques et math\u00e9matiques, il les d\u00e9crit comme des \u00ab\u00a0m\u00e9taphores non euclidiennes\u00a0\u00bb. Dans de nombreux articles, entretiens et contributions \u00e0 des symposiums, Glattfelder pr\u00f4ne la pr\u00e9sence d&rsquo;un art rationnellement constitu\u00e9 (\u00ab\u00a0Meta-Rationalism\u00a0\u00bb, 1983) et appelle \u00e0 une communication interdisciplinaire entre les nombreux constructivismes de la science et de l&rsquo;art (\u00ab\u00a0constructivisme m\u00e9thodique\u00a0\u00bb). .<\/p>\n<p>n\u00e9 en <strong>1939<\/strong> \u00e0 Zurich<br \/><strong>1961<\/strong> projet d&rsquo;aide au d\u00e9veloppement en Sicile, s\u00e9jour d&rsquo;\u00e9tudes \u00e0 Rome<br \/><strong>1963<\/strong> Succursale \u00e0 Florence<br \/><strong>1966<\/strong> premi\u00e8re exposition personnelle \u00e0 Milan \u00e0 la galerie Fiamma Vigo<br \/><strong>1970<\/strong> d\u00e9m\u00e9nage \u00e0 Milan<br \/>\u00c0 partir de <strong>1977, il<\/strong> cr\u00e9e la s\u00e9rie d&rsquo;\u0153uvres des \u00ab&nbsp;m\u00e9taphores non euclidiennes&nbsp;\u00bb, un examen des concepts spatiaux complexes.<br \/><strong>En 1977<\/strong> , il rencontre le philosophe HH Holz chez RP Lohse, qui lui fait remarquer la pertinence sociale de l&rsquo;art constructif.<br \/><strong>1982<\/strong> publie un texte contre le culte de l&rsquo;irrationalisme avec sa position de \u00ab\u00a0m\u00e9ta-rationaliste\u00a0\u00bb<br \/><strong>1987<\/strong> Prix Camille Graeser 1990 Studio \u00e0 New York gr\u00e2ce \u00e0 une bourse de la ville de Zurich<br \/><strong>1992<\/strong> R\u00e9trospective au Mus\u00e9e Josef Albers de Bottrop<br \/><strong>1998<\/strong> d\u00e9m\u00e9nagement \u00e0 Paris, o\u00f9 Glattfelder vit encore aujourd&rsquo;hui<\/p>\n<p><a href=\"http:\/\/www.glattfelder.eu\/\" target=\"_blank\" rel=\"noopener noreferrer\"><strong>Hans J\u00f6rg Glattfelder<\/strong><\/a><\/p>\n\t\t\t\t\t\t\t\t<\/div>\n\t\t\t\t<\/div>\n\t\t\t\t\t<\/div>\n\t\t<\/div>\n\t\t\t\t\t<\/div>\n\t\t<\/section>\n\t\t\t\t<\/div>\n\t\t","protected":false},"excerpt":{"rendered":"<p>Hans J\u00f6rg Glattfelder, Gr\u00fcne und violette Terminale aus schwarz und wei\u00df, 1990 Acryl auf Leinwand, 80 x 170cm \u00a9 kunsthalle messmer \/ Steven van Veen Hans J\u00f6rg Glattfelder \u00e9tait un peintre d&rsquo;art constructif dont les d\u00e9buts furent fortement influenc\u00e9s par les \u00ab\u00a0Z\u00fcricher Konkreten\u00a0\u00bb. Il a \u00e9t\u00e9 le premier artiste \u00e0 tenter de transf\u00e9rer les concepts [&hellip;]<\/p>\n","protected":false},"author":3,"featured_media":0,"comment_status":"closed","ping_status":"open","sticky":false,"template":"","format":"standard","meta":{"footnotes":""},"categories":[30],"tags":[],"class_list":["post-3867","post","type-post","status-publish","format-standard","hentry","category-artistes"],"yoast_head":"<!-- This site is optimized with the Yoast SEO plugin v27.4 - https:\/\/yoast.com\/product\/yoast-seo-wordpress\/ -->\n<title>Hans J\u00f6rg Glattfelder - Kunsthalle Messmer<\/title>\n<meta name=\"robots\" content=\"index, follow, max-snippet:-1, max-image-preview:large, max-video-preview:-1\" \/>\n<link rel=\"canonical\" href=\"https:\/\/kunsthallemessmer.de\/fr\/artistes\/hans-joerg-glattfelder\/\" \/>\n<meta property=\"og:locale\" content=\"fr_FR\" \/>\n<meta property=\"og:type\" content=\"article\" \/>\n<meta property=\"og:title\" content=\"Hans J\u00f6rg Glattfelder - Kunsthalle Messmer\" \/>\n<meta property=\"og:description\" content=\"Hans J\u00f6rg Glattfelder, Gr\u00fcne und violette Terminale aus schwarz und wei\u00df, 1990 Acryl auf Leinwand, 80 x 170cm \u00a9 kunsthalle messmer \/ Steven van Veen Hans J\u00f6rg Glattfelder \u00e9tait un peintre d&rsquo;art constructif dont les d\u00e9buts furent fortement influenc\u00e9s par les \u00ab\u00a0Z\u00fcricher Konkreten\u00a0\u00bb. Il a \u00e9t\u00e9 le premier artiste \u00e0 tenter de transf\u00e9rer les concepts [&hellip;]\" \/>\n<meta property=\"og:url\" content=\"https:\/\/kunsthallemessmer.de\/fr\/artistes\/hans-joerg-glattfelder\/\" \/>\n<meta property=\"og:site_name\" content=\"Kunsthalle Messmer\" \/>\n<meta property=\"article:published_time\" content=\"2022-04-08T12:22:26+00:00\" \/>\n<meta property=\"article:modified_time\" content=\"2024-02-02T10:54:39+00:00\" \/>\n<meta property=\"og:image\" content=\"https:\/\/kunsthallemessmer.de\/wp-content\/uploads\/elementor\/thumbs\/Hans-Joerg-Glattfelder_Foto-Steven-van-Veen_kopie-pnwjnr7zwnkwdqfenwvv3pwkvzw9tk9roc4jpiu60w.jpg\" \/>\n<meta name=\"author\" content=\"Erik Lachfeld\" \/>\n<meta name=\"twitter:card\" content=\"summary_large_image\" \/>\n<meta name=\"twitter:label1\" content=\"\u00c9crit par\" \/>\n\t<meta name=\"twitter:data1\" content=\"Erik Lachfeld\" \/>\n\t<meta name=\"twitter:label2\" content=\"Dur\u00e9e de lecture estim\u00e9e\" \/>\n\t<meta name=\"twitter:data2\" content=\"1 minute\" \/>\n<script type=\"application\/ld+json\" class=\"yoast-schema-graph\">{\"@context\":\"https:\\\/\\\/schema.org\",\"@graph\":[{\"@type\":\"Article\",\"@id\":\"https:\\\/\\\/kunsthallemessmer.de\\\/fr\\\/artistes\\\/hans-joerg-glattfelder\\\/#article\",\"isPartOf\":{\"@id\":\"https:\\\/\\\/kunsthallemessmer.de\\\/fr\\\/artistes\\\/hans-joerg-glattfelder\\\/\"},\"author\":{\"name\":\"Erik Lachfeld\",\"@id\":\"https:\\\/\\\/kunsthallemessmer.de\\\/fr\\\/#\\\/schema\\\/person\\\/24f7ee6ec431a05000425936de23c890\"},\"headline\":\"Hans J\u00f6rg Glattfelder\",\"datePublished\":\"2022-04-08T12:22:26+00:00\",\"dateModified\":\"2024-02-02T10:54:39+00:00\",\"mainEntityOfPage\":{\"@id\":\"https:\\\/\\\/kunsthallemessmer.de\\\/fr\\\/artistes\\\/hans-joerg-glattfelder\\\/\"},\"wordCount\":278,\"publisher\":{\"@id\":\"https:\\\/\\\/kunsthallemessmer.de\\\/fr\\\/#organization\"},\"image\":{\"@id\":\"https:\\\/\\\/kunsthallemessmer.de\\\/fr\\\/artistes\\\/hans-joerg-glattfelder\\\/#primaryimage\"},\"thumbnailUrl\":\"https:\\\/\\\/kunsthallemessmer.de\\\/wp-content\\\/uploads\\\/elementor\\\/thumbs\\\/Hans-Joerg-Glattfelder_Foto-Steven-van-Veen_kopie-pnwjnr7zwnkwdqfenwvv3pwkvzw9tk9roc4jpiu60w.jpg\",\"articleSection\":[\"Artistes\"],\"inLanguage\":\"fr-FR\"},{\"@type\":\"WebPage\",\"@id\":\"https:\\\/\\\/kunsthallemessmer.de\\\/fr\\\/artistes\\\/hans-joerg-glattfelder\\\/\",\"url\":\"https:\\\/\\\/kunsthallemessmer.de\\\/fr\\\/artistes\\\/hans-joerg-glattfelder\\\/\",\"name\":\"Hans J\u00f6rg Glattfelder - Kunsthalle Messmer\",\"isPartOf\":{\"@id\":\"https:\\\/\\\/kunsthallemessmer.de\\\/fr\\\/#website\"},\"primaryImageOfPage\":{\"@id\":\"https:\\\/\\\/kunsthallemessmer.de\\\/fr\\\/artistes\\\/hans-joerg-glattfelder\\\/#primaryimage\"},\"image\":{\"@id\":\"https:\\\/\\\/kunsthallemessmer.de\\\/fr\\\/artistes\\\/hans-joerg-glattfelder\\\/#primaryimage\"},\"thumbnailUrl\":\"https:\\\/\\\/kunsthallemessmer.de\\\/wp-content\\\/uploads\\\/elementor\\\/thumbs\\\/Hans-Joerg-Glattfelder_Foto-Steven-van-Veen_kopie-pnwjnr7zwnkwdqfenwvv3pwkvzw9tk9roc4jpiu60w.jpg\",\"datePublished\":\"2022-04-08T12:22:26+00:00\",\"dateModified\":\"2024-02-02T10:54:39+00:00\",\"breadcrumb\":{\"@id\":\"https:\\\/\\\/kunsthallemessmer.de\\\/fr\\\/artistes\\\/hans-joerg-glattfelder\\\/#breadcrumb\"},\"inLanguage\":\"fr-FR\",\"potentialAction\":[{\"@type\":\"ReadAction\",\"target\":[\"https:\\\/\\\/kunsthallemessmer.de\\\/fr\\\/artistes\\\/hans-joerg-glattfelder\\\/\"]}]},{\"@type\":\"ImageObject\",\"inLanguage\":\"fr-FR\",\"@id\":\"https:\\\/\\\/kunsthallemessmer.de\\\/fr\\\/artistes\\\/hans-joerg-glattfelder\\\/#primaryimage\",\"url\":\"https:\\\/\\\/kunsthallemessmer.de\\\/wp-content\\\/uploads\\\/elementor\\\/thumbs\\\/Hans-Joerg-Glattfelder_Foto-Steven-van-Veen_kopie-pnwjnr7zwnkwdqfenwvv3pwkvzw9tk9roc4jpiu60w.jpg\",\"contentUrl\":\"https:\\\/\\\/kunsthallemessmer.de\\\/wp-content\\\/uploads\\\/elementor\\\/thumbs\\\/Hans-Joerg-Glattfelder_Foto-Steven-van-Veen_kopie-pnwjnr7zwnkwdqfenwvv3pwkvzw9tk9roc4jpiu60w.jpg\"},{\"@type\":\"BreadcrumbList\",\"@id\":\"https:\\\/\\\/kunsthallemessmer.de\\\/fr\\\/artistes\\\/hans-joerg-glattfelder\\\/#breadcrumb\",\"itemListElement\":[{\"@type\":\"ListItem\",\"position\":1,\"name\":\"Startseite\",\"item\":\"https:\\\/\\\/kunsthallemessmer.de\\\/fr\\\/apercu\\\/\"},{\"@type\":\"ListItem\",\"position\":2,\"name\":\"Hans J\u00f6rg Glattfelder\"}]},{\"@type\":\"WebSite\",\"@id\":\"https:\\\/\\\/kunsthallemessmer.de\\\/fr\\\/#website\",\"url\":\"https:\\\/\\\/kunsthallemessmer.de\\\/fr\\\/\",\"name\":\"Kunsthalle Messmer\",\"description\":\"Riegel am Kaiserstuhl\",\"publisher\":{\"@id\":\"https:\\\/\\\/kunsthallemessmer.de\\\/fr\\\/#organization\"},\"potentialAction\":[{\"@type\":\"SearchAction\",\"target\":{\"@type\":\"EntryPoint\",\"urlTemplate\":\"https:\\\/\\\/kunsthallemessmer.de\\\/fr\\\/?s={search_term_string}\"},\"query-input\":{\"@type\":\"PropertyValueSpecification\",\"valueRequired\":true,\"valueName\":\"search_term_string\"}}],\"inLanguage\":\"fr-FR\"},{\"@type\":\"Organization\",\"@id\":\"https:\\\/\\\/kunsthallemessmer.de\\\/fr\\\/#organization\",\"name\":\"Kunsthalle Messmer\",\"url\":\"https:\\\/\\\/kunsthallemessmer.de\\\/fr\\\/\",\"logo\":{\"@type\":\"ImageObject\",\"inLanguage\":\"fr-FR\",\"@id\":\"https:\\\/\\\/kunsthallemessmer.de\\\/fr\\\/#\\\/schema\\\/logo\\\/image\\\/\",\"url\":\"https:\\\/\\\/kunsthallemessmer.de\\\/wp-content\\\/uploads\\\/2022\\\/04\\\/kunsthalle_messmer_pos-2-png.png\",\"contentUrl\":\"https:\\\/\\\/kunsthallemessmer.de\\\/wp-content\\\/uploads\\\/2022\\\/04\\\/kunsthalle_messmer_pos-2-png.png\",\"width\":2412,\"height\":434,\"caption\":\"Kunsthalle Messmer\"},\"image\":{\"@id\":\"https:\\\/\\\/kunsthallemessmer.de\\\/fr\\\/#\\\/schema\\\/logo\\\/image\\\/\"}},{\"@type\":\"Person\",\"@id\":\"https:\\\/\\\/kunsthallemessmer.de\\\/fr\\\/#\\\/schema\\\/person\\\/24f7ee6ec431a05000425936de23c890\",\"name\":\"Erik Lachfeld\",\"image\":{\"@type\":\"ImageObject\",\"inLanguage\":\"fr-FR\",\"@id\":\"https:\\\/\\\/secure.gravatar.com\\\/avatar\\\/d5d42cc40010ba9998f57d7cebaf2952e1274f5c452ff570f85bbee0f9ecb43a?s=96&d=mm&r=g\",\"url\":\"https:\\\/\\\/secure.gravatar.com\\\/avatar\\\/d5d42cc40010ba9998f57d7cebaf2952e1274f5c452ff570f85bbee0f9ecb43a?s=96&d=mm&r=g\",\"contentUrl\":\"https:\\\/\\\/secure.gravatar.com\\\/avatar\\\/d5d42cc40010ba9998f57d7cebaf2952e1274f5c452ff570f85bbee0f9ecb43a?s=96&d=mm&r=g\",\"caption\":\"Erik Lachfeld\"},\"url\":\"https:\\\/\\\/kunsthallemessmer.de\\\/fr\\\/author\\\/erik-lachfeld\\\/\"}]}<\/script>\n<!-- \/ Yoast SEO plugin. -->","yoast_head_json":{"title":"Hans J\u00f6rg Glattfelder - Kunsthalle Messmer","robots":{"index":"index","follow":"follow","max-snippet":"max-snippet:-1","max-image-preview":"max-image-preview:large","max-video-preview":"max-video-preview:-1"},"canonical":"https:\/\/kunsthallemessmer.de\/fr\/artistes\/hans-joerg-glattfelder\/","og_locale":"fr_FR","og_type":"article","og_title":"Hans J\u00f6rg Glattfelder - Kunsthalle Messmer","og_description":"Hans J\u00f6rg Glattfelder, Gr\u00fcne und violette Terminale aus schwarz und wei\u00df, 1990 Acryl auf Leinwand, 80 x 170cm \u00a9 kunsthalle messmer \/ Steven van Veen Hans J\u00f6rg Glattfelder \u00e9tait un peintre d&rsquo;art constructif dont les d\u00e9buts furent fortement influenc\u00e9s par les \u00ab\u00a0Z\u00fcricher Konkreten\u00a0\u00bb. Il a \u00e9t\u00e9 le premier artiste \u00e0 tenter de transf\u00e9rer les concepts [&hellip;]","og_url":"https:\/\/kunsthallemessmer.de\/fr\/artistes\/hans-joerg-glattfelder\/","og_site_name":"Kunsthalle Messmer","article_published_time":"2022-04-08T12:22:26+00:00","article_modified_time":"2024-02-02T10:54:39+00:00","og_image":[{"url":"https:\/\/kunsthallemessmer.de\/wp-content\/uploads\/elementor\/thumbs\/Hans-Joerg-Glattfelder_Foto-Steven-van-Veen_kopie-pnwjnr7zwnkwdqfenwvv3pwkvzw9tk9roc4jpiu60w.jpg","type":"","width":"","height":""}],"author":"Erik Lachfeld","twitter_card":"summary_large_image","twitter_misc":{"\u00c9crit par":"Erik Lachfeld","Dur\u00e9e de lecture estim\u00e9e":"1 minute"},"schema":{"@context":"https:\/\/schema.org","@graph":[{"@type":"Article","@id":"https:\/\/kunsthallemessmer.de\/fr\/artistes\/hans-joerg-glattfelder\/#article","isPartOf":{"@id":"https:\/\/kunsthallemessmer.de\/fr\/artistes\/hans-joerg-glattfelder\/"},"author":{"name":"Erik Lachfeld","@id":"https:\/\/kunsthallemessmer.de\/fr\/#\/schema\/person\/24f7ee6ec431a05000425936de23c890"},"headline":"Hans J\u00f6rg Glattfelder","datePublished":"2022-04-08T12:22:26+00:00","dateModified":"2024-02-02T10:54:39+00:00","mainEntityOfPage":{"@id":"https:\/\/kunsthallemessmer.de\/fr\/artistes\/hans-joerg-glattfelder\/"},"wordCount":278,"publisher":{"@id":"https:\/\/kunsthallemessmer.de\/fr\/#organization"},"image":{"@id":"https:\/\/kunsthallemessmer.de\/fr\/artistes\/hans-joerg-glattfelder\/#primaryimage"},"thumbnailUrl":"https:\/\/kunsthallemessmer.de\/wp-content\/uploads\/elementor\/thumbs\/Hans-Joerg-Glattfelder_Foto-Steven-van-Veen_kopie-pnwjnr7zwnkwdqfenwvv3pwkvzw9tk9roc4jpiu60w.jpg","articleSection":["Artistes"],"inLanguage":"fr-FR"},{"@type":"WebPage","@id":"https:\/\/kunsthallemessmer.de\/fr\/artistes\/hans-joerg-glattfelder\/","url":"https:\/\/kunsthallemessmer.de\/fr\/artistes\/hans-joerg-glattfelder\/","name":"Hans J\u00f6rg Glattfelder - Kunsthalle Messmer","isPartOf":{"@id":"https:\/\/kunsthallemessmer.de\/fr\/#website"},"primaryImageOfPage":{"@id":"https:\/\/kunsthallemessmer.de\/fr\/artistes\/hans-joerg-glattfelder\/#primaryimage"},"image":{"@id":"https:\/\/kunsthallemessmer.de\/fr\/artistes\/hans-joerg-glattfelder\/#primaryimage"},"thumbnailUrl":"https:\/\/kunsthallemessmer.de\/wp-content\/uploads\/elementor\/thumbs\/Hans-Joerg-Glattfelder_Foto-Steven-van-Veen_kopie-pnwjnr7zwnkwdqfenwvv3pwkvzw9tk9roc4jpiu60w.jpg","datePublished":"2022-04-08T12:22:26+00:00","dateModified":"2024-02-02T10:54:39+00:00","breadcrumb":{"@id":"https:\/\/kunsthallemessmer.de\/fr\/artistes\/hans-joerg-glattfelder\/#breadcrumb"},"inLanguage":"fr-FR","potentialAction":[{"@type":"ReadAction","target":["https:\/\/kunsthallemessmer.de\/fr\/artistes\/hans-joerg-glattfelder\/"]}]},{"@type":"ImageObject","inLanguage":"fr-FR","@id":"https:\/\/kunsthallemessmer.de\/fr\/artistes\/hans-joerg-glattfelder\/#primaryimage","url":"https:\/\/kunsthallemessmer.de\/wp-content\/uploads\/elementor\/thumbs\/Hans-Joerg-Glattfelder_Foto-Steven-van-Veen_kopie-pnwjnr7zwnkwdqfenwvv3pwkvzw9tk9roc4jpiu60w.jpg","contentUrl":"https:\/\/kunsthallemessmer.de\/wp-content\/uploads\/elementor\/thumbs\/Hans-Joerg-Glattfelder_Foto-Steven-van-Veen_kopie-pnwjnr7zwnkwdqfenwvv3pwkvzw9tk9roc4jpiu60w.jpg"},{"@type":"BreadcrumbList","@id":"https:\/\/kunsthallemessmer.de\/fr\/artistes\/hans-joerg-glattfelder\/#breadcrumb","itemListElement":[{"@type":"ListItem","position":1,"name":"Startseite","item":"https:\/\/kunsthallemessmer.de\/fr\/apercu\/"},{"@type":"ListItem","position":2,"name":"Hans J\u00f6rg Glattfelder"}]},{"@type":"WebSite","@id":"https:\/\/kunsthallemessmer.de\/fr\/#website","url":"https:\/\/kunsthallemessmer.de\/fr\/","name":"Kunsthalle Messmer","description":"Riegel am Kaiserstuhl","publisher":{"@id":"https:\/\/kunsthallemessmer.de\/fr\/#organization"},"potentialAction":[{"@type":"SearchAction","target":{"@type":"EntryPoint","urlTemplate":"https:\/\/kunsthallemessmer.de\/fr\/?s={search_term_string}"},"query-input":{"@type":"PropertyValueSpecification","valueRequired":true,"valueName":"search_term_string"}}],"inLanguage":"fr-FR"},{"@type":"Organization","@id":"https:\/\/kunsthallemessmer.de\/fr\/#organization","name":"Kunsthalle Messmer","url":"https:\/\/kunsthallemessmer.de\/fr\/","logo":{"@type":"ImageObject","inLanguage":"fr-FR","@id":"https:\/\/kunsthallemessmer.de\/fr\/#\/schema\/logo\/image\/","url":"https:\/\/kunsthallemessmer.de\/wp-content\/uploads\/2022\/04\/kunsthalle_messmer_pos-2-png.png","contentUrl":"https:\/\/kunsthallemessmer.de\/wp-content\/uploads\/2022\/04\/kunsthalle_messmer_pos-2-png.png","width":2412,"height":434,"caption":"Kunsthalle Messmer"},"image":{"@id":"https:\/\/kunsthallemessmer.de\/fr\/#\/schema\/logo\/image\/"}},{"@type":"Person","@id":"https:\/\/kunsthallemessmer.de\/fr\/#\/schema\/person\/24f7ee6ec431a05000425936de23c890","name":"Erik Lachfeld","image":{"@type":"ImageObject","inLanguage":"fr-FR","@id":"https:\/\/secure.gravatar.com\/avatar\/d5d42cc40010ba9998f57d7cebaf2952e1274f5c452ff570f85bbee0f9ecb43a?s=96&d=mm&r=g","url":"https:\/\/secure.gravatar.com\/avatar\/d5d42cc40010ba9998f57d7cebaf2952e1274f5c452ff570f85bbee0f9ecb43a?s=96&d=mm&r=g","contentUrl":"https:\/\/secure.gravatar.com\/avatar\/d5d42cc40010ba9998f57d7cebaf2952e1274f5c452ff570f85bbee0f9ecb43a?s=96&d=mm&r=g","caption":"Erik Lachfeld"},"url":"https:\/\/kunsthallemessmer.de\/fr\/author\/erik-lachfeld\/"}]}},"_links":{"self":[{"href":"https:\/\/kunsthallemessmer.de\/fr\/wp-json\/wp\/v2\/posts\/3867","targetHints":{"allow":["GET"]}}],"collection":[{"href":"https:\/\/kunsthallemessmer.de\/fr\/wp-json\/wp\/v2\/posts"}],"about":[{"href":"https:\/\/kunsthallemessmer.de\/fr\/wp-json\/wp\/v2\/types\/post"}],"author":[{"embeddable":true,"href":"https:\/\/kunsthallemessmer.de\/fr\/wp-json\/wp\/v2\/users\/3"}],"replies":[{"embeddable":true,"href":"https:\/\/kunsthallemessmer.de\/fr\/wp-json\/wp\/v2\/comments?post=3867"}],"version-history":[{"count":2,"href":"https:\/\/kunsthallemessmer.de\/fr\/wp-json\/wp\/v2\/posts\/3867\/revisions"}],"predecessor-version":[{"id":7566,"href":"https:\/\/kunsthallemessmer.de\/fr\/wp-json\/wp\/v2\/posts\/3867\/revisions\/7566"}],"wp:attachment":[{"href":"https:\/\/kunsthallemessmer.de\/fr\/wp-json\/wp\/v2\/media?parent=3867"}],"wp:term":[{"taxonomy":"category","embeddable":true,"href":"https:\/\/kunsthallemessmer.de\/fr\/wp-json\/wp\/v2\/categories?post=3867"},{"taxonomy":"post_tag","embeddable":true,"href":"https:\/\/kunsthallemessmer.de\/fr\/wp-json\/wp\/v2\/tags?post=3867"}],"curies":[{"name":"wp","href":"https:\/\/api.w.org\/{rel}","templated":true}]}}