{"id":3978,"date":"2022-04-08T14:43:59","date_gmt":"2022-04-08T12:43:59","guid":{"rendered":"https:\/\/kunsthallemessmer.de\/non-classifiee\/knut-navrot\/"},"modified":"2024-02-02T12:02:21","modified_gmt":"2024-02-02T11:02:21","slug":"knut-navrot","status":"publish","type":"post","link":"https:\/\/kunsthallemessmer.de\/fr\/artistes\/knut-navrot\/","title":{"rendered":"Knut Navrot"},"content":{"rendered":"\t\t<div data-elementor-type=\"wp-post\" data-elementor-id=\"3978\" class=\"elementor elementor-3978 elementor-2098\" data-elementor-post-type=\"post\">\n\t\t\t\t\t\t<section class=\"elementor-section elementor-top-section elementor-element elementor-element-38ff28d elementor-section-boxed elementor-section-height-default elementor-section-height-default\" data-id=\"38ff28d\" data-element_type=\"section\" data-e-type=\"section\">\n\t\t\t\t\t\t<div class=\"elementor-container elementor-column-gap-default\">\n\t\t\t\t\t<div class=\"elementor-column elementor-col-100 elementor-top-column elementor-element elementor-element-46302bd\" data-id=\"46302bd\" data-element_type=\"column\" data-e-type=\"column\">\n\t\t\t<div class=\"elementor-widget-wrap elementor-element-populated\">\n\t\t\t\t\t\t<div class=\"elementor-element elementor-element-f0724ec elementor-widget elementor-widget-heading\" data-id=\"f0724ec\" data-element_type=\"widget\" data-e-type=\"widget\" data-widget_type=\"heading.default\">\n\t\t\t\t<div class=\"elementor-widget-container\">\n\t\t\t\t\t<h1 class=\"elementor-heading-title elementor-size-default\">Knut Navrot<\/h1>\t\t\t\t<\/div>\n\t\t\t\t<\/div>\n\t\t\t\t<div class=\"elementor-element elementor-element-e24fbdc elementor-widget elementor-widget-image\" data-id=\"e24fbdc\" data-element_type=\"widget\" data-e-type=\"widget\" data-widget_type=\"image.default\">\n\t\t\t\t<div class=\"elementor-widget-container\">\n\t\t\t\t\t\t\t\t\t\t\t\t<figure class=\"wp-caption\">\n\t\t\t\t\t\t\t\t\t\t\t<a href=\"https:\/\/kunsthallemessmer.de\/wp-content\/uploads\/2022\/04\/Knut_Navrot_Limite-occ_2004-2006-bearbeitet-e1532593020570.jpg\" data-elementor-open-lightbox=\"yes\" data-elementor-lightbox-title=\"Knut Navrot, Limite 64-67.1-2-3-4, 2015, Acryl, 140 x 140 cm \u00a9 messmer foundation\" data-e-action-hash=\"#elementor-action%3Aaction%3Dlightbox%26settings%3DeyJpZCI6MzMwMywidXJsIjoiaHR0cHM6XC9cL2t1bnN0aGFsbGVtZXNzbWVyLmRlXC93cC1jb250ZW50XC91cGxvYWRzXC8yMDIyXC8wNFwvS251dF9OYXZyb3RfTGltaXRlLW9jY18yMDA0LTIwMDYtYmVhcmJlaXRldC1lMTUzMjU5MzAyMDU3MC5qcGcifQ%3D%3D\">\n\t\t\t\t\t\t\t<img decoding=\"async\" src=\"https:\/\/kunsthallemessmer.de\/wp-content\/uploads\/elementor\/thumbs\/Knut_Navrot_Limite-occ_2004-2006-bearbeitet-e1532593020570-pnwjmnqrxm2uu40r2ftj6zv7xtauu9x1iwq5jwgpa8.jpg\" title=\"Knut_Navrot_Limite-occ_2004-2006-bearbeitet-e1532593020570\" alt=\"Knut Navrot, Limite 64-67.1-2-3-4, 2015, Acryl, 140 x 140 cm \u00a9 messmer foundation\" loading=\"lazy\" \/>\t\t\t\t\t\t\t\t<\/a>\n\t\t\t\t\t\t\t\t\t\t\t<figcaption class=\"widget-image-caption wp-caption-text\">Knut Navrot, Limite 64-67.1-2-3-4, 2015, Acryl, 140 x 140 cm \u00a9 messmer foundation<\/figcaption>\n\t\t\t\t\t\t\t\t\t\t<\/figure>\n\t\t\t\t\t\t\t\t\t<\/div>\n\t\t\t\t<\/div>\n\t\t\t\t<div class=\"elementor-element elementor-element-f667400 elementor-widget elementor-widget-text-editor\" data-id=\"f667400\" data-element_type=\"widget\" data-e-type=\"widget\" data-widget_type=\"text-editor.default\">\n\t\t\t\t<div class=\"elementor-widget-container\">\n\t\t\t\t\t\t\t\t\t<p>Les peintures de Knut Navrot offrent au spectateur plus qu&rsquo;une pure abstraction g\u00e9om\u00e9trique. \u00c0 partir de 1990, Navrot d\u00e9veloppe son propre syst\u00e8me pictural, qu&rsquo;il met constamment en \u0153uvre dans son travail. Ses \u0153uvres sont r\u00e9duites aux couleurs primaires, noir et blanc. Les compositions sont al\u00e9atoires et ne pr\u00e9tendent pas v\u00e9hiculer une valeur esth\u00e9tique particuli\u00e8re. Navrot parvient \u00e0 donner \u00e0 ses \u0153uvres un caract\u00e8re qui transmet le sentiment de l&rsquo;infini, puisque les images n&rsquo;ont ni d\u00e9but ni fin dans ce sens.<\/p>\n<p>n\u00e9 en <strong>1955<\/strong> \u00e0 Paris<br \/>vit et travaille \u00e0 Paris<\/p>\n\t\t\t\t\t\t\t\t<\/div>\n\t\t\t\t<\/div>\n\t\t\t\t\t<\/div>\n\t\t<\/div>\n\t\t\t\t\t<\/div>\n\t\t<\/section>\n\t\t\t\t<\/div>\n\t\t","protected":false},"excerpt":{"rendered":"<p>Knut Navrot, Limite 64-67.1-2-3-4, 2015, Acryl, 140 x 140 cm \u00a9 messmer foundation Les peintures de Knut Navrot offrent au spectateur plus qu&rsquo;une pure abstraction g\u00e9om\u00e9trique. \u00c0 partir de 1990, Navrot d\u00e9veloppe son propre syst\u00e8me pictural, qu&rsquo;il met constamment en \u0153uvre dans son travail. Ses \u0153uvres sont r\u00e9duites aux couleurs primaires, noir et blanc. Les [&hellip;]<\/p>\n","protected":false},"author":3,"featured_media":0,"comment_status":"closed","ping_status":"open","sticky":false,"template":"","format":"standard","meta":{"footnotes":""},"categories":[30],"tags":[],"class_list":["post-3978","post","type-post","status-publish","format-standard","hentry","category-artistes"],"yoast_head":"<!-- This site is optimized with the Yoast SEO plugin v27.5 - https:\/\/yoast.com\/product\/yoast-seo-wordpress\/ -->\n<title>Knut Navrot - Kunsthalle Messmer<\/title>\n<meta name=\"robots\" content=\"index, follow, max-snippet:-1, max-image-preview:large, max-video-preview:-1\" \/>\n<link rel=\"canonical\" href=\"https:\/\/kunsthallemessmer.de\/fr\/artistes\/knut-navrot\/\" \/>\n<meta property=\"og:locale\" content=\"fr_FR\" \/>\n<meta property=\"og:type\" content=\"article\" \/>\n<meta property=\"og:title\" content=\"Knut Navrot - Kunsthalle Messmer\" \/>\n<meta property=\"og:description\" content=\"Knut Navrot, Limite 64-67.1-2-3-4, 2015, Acryl, 140 x 140 cm \u00a9 messmer foundation Les peintures de Knut Navrot offrent au spectateur plus qu&rsquo;une pure abstraction g\u00e9om\u00e9trique. \u00c0 partir de 1990, Navrot d\u00e9veloppe son propre syst\u00e8me pictural, qu&rsquo;il met constamment en \u0153uvre dans son travail. Ses \u0153uvres sont r\u00e9duites aux couleurs primaires, noir et blanc. Les [&hellip;]\" \/>\n<meta property=\"og:url\" content=\"https:\/\/kunsthallemessmer.de\/fr\/artistes\/knut-navrot\/\" \/>\n<meta property=\"og:site_name\" content=\"Kunsthalle Messmer\" \/>\n<meta property=\"article:published_time\" content=\"2022-04-08T12:43:59+00:00\" \/>\n<meta property=\"article:modified_time\" content=\"2024-02-02T11:02:21+00:00\" \/>\n<meta property=\"og:image\" content=\"https:\/\/kunsthallemessmer.de\/wp-content\/uploads\/elementor\/thumbs\/Knut_Navrot_Limite-occ_2004-2006-bearbeitet-e1532593020570-pnwjmnqrxm2uu40r2ftj6zv7xtauu9x1iwq5jwgpa8.jpg\" \/>\n<meta name=\"author\" content=\"Erik Lachfeld\" \/>\n<meta name=\"twitter:card\" content=\"summary_large_image\" \/>\n<meta name=\"twitter:label1\" content=\"\u00c9crit par\" \/>\n\t<meta name=\"twitter:data1\" content=\"Erik Lachfeld\" \/>\n\t<meta name=\"twitter:label2\" content=\"Dur\u00e9e de lecture estim\u00e9e\" \/>\n\t<meta name=\"twitter:data2\" content=\"1 minute\" \/>\n<script type=\"application\/ld+json\" class=\"yoast-schema-graph\">{\"@context\":\"https:\\\/\\\/schema.org\",\"@graph\":[{\"@type\":\"Article\",\"@id\":\"https:\\\/\\\/kunsthallemessmer.de\\\/fr\\\/artistes\\\/knut-navrot\\\/#article\",\"isPartOf\":{\"@id\":\"https:\\\/\\\/kunsthallemessmer.de\\\/fr\\\/artistes\\\/knut-navrot\\\/\"},\"author\":{\"name\":\"Erik Lachfeld\",\"@id\":\"https:\\\/\\\/kunsthallemessmer.de\\\/fr\\\/#\\\/schema\\\/person\\\/24f7ee6ec431a05000425936de23c890\"},\"headline\":\"Knut Navrot\",\"datePublished\":\"2022-04-08T12:43:59+00:00\",\"dateModified\":\"2024-02-02T11:02:21+00:00\",\"mainEntityOfPage\":{\"@id\":\"https:\\\/\\\/kunsthallemessmer.de\\\/fr\\\/artistes\\\/knut-navrot\\\/\"},\"wordCount\":112,\"publisher\":{\"@id\":\"https:\\\/\\\/kunsthallemessmer.de\\\/fr\\\/#organization\"},\"image\":{\"@id\":\"https:\\\/\\\/kunsthallemessmer.de\\\/fr\\\/artistes\\\/knut-navrot\\\/#primaryimage\"},\"thumbnailUrl\":\"https:\\\/\\\/kunsthallemessmer.de\\\/wp-content\\\/uploads\\\/elementor\\\/thumbs\\\/Knut_Navrot_Limite-occ_2004-2006-bearbeitet-e1532593020570-pnwjmnqrxm2uu40r2ftj6zv7xtauu9x1iwq5jwgpa8.jpg\",\"articleSection\":[\"Artistes\"],\"inLanguage\":\"fr-FR\"},{\"@type\":\"WebPage\",\"@id\":\"https:\\\/\\\/kunsthallemessmer.de\\\/fr\\\/artistes\\\/knut-navrot\\\/\",\"url\":\"https:\\\/\\\/kunsthallemessmer.de\\\/fr\\\/artistes\\\/knut-navrot\\\/\",\"name\":\"Knut Navrot - Kunsthalle Messmer\",\"isPartOf\":{\"@id\":\"https:\\\/\\\/kunsthallemessmer.de\\\/fr\\\/#website\"},\"primaryImageOfPage\":{\"@id\":\"https:\\\/\\\/kunsthallemessmer.de\\\/fr\\\/artistes\\\/knut-navrot\\\/#primaryimage\"},\"image\":{\"@id\":\"https:\\\/\\\/kunsthallemessmer.de\\\/fr\\\/artistes\\\/knut-navrot\\\/#primaryimage\"},\"thumbnailUrl\":\"https:\\\/\\\/kunsthallemessmer.de\\\/wp-content\\\/uploads\\\/elementor\\\/thumbs\\\/Knut_Navrot_Limite-occ_2004-2006-bearbeitet-e1532593020570-pnwjmnqrxm2uu40r2ftj6zv7xtauu9x1iwq5jwgpa8.jpg\",\"datePublished\":\"2022-04-08T12:43:59+00:00\",\"dateModified\":\"2024-02-02T11:02:21+00:00\",\"breadcrumb\":{\"@id\":\"https:\\\/\\\/kunsthallemessmer.de\\\/fr\\\/artistes\\\/knut-navrot\\\/#breadcrumb\"},\"inLanguage\":\"fr-FR\",\"potentialAction\":[{\"@type\":\"ReadAction\",\"target\":[\"https:\\\/\\\/kunsthallemessmer.de\\\/fr\\\/artistes\\\/knut-navrot\\\/\"]}]},{\"@type\":\"ImageObject\",\"inLanguage\":\"fr-FR\",\"@id\":\"https:\\\/\\\/kunsthallemessmer.de\\\/fr\\\/artistes\\\/knut-navrot\\\/#primaryimage\",\"url\":\"https:\\\/\\\/kunsthallemessmer.de\\\/wp-content\\\/uploads\\\/elementor\\\/thumbs\\\/Knut_Navrot_Limite-occ_2004-2006-bearbeitet-e1532593020570-pnwjmnqrxm2uu40r2ftj6zv7xtauu9x1iwq5jwgpa8.jpg\",\"contentUrl\":\"https:\\\/\\\/kunsthallemessmer.de\\\/wp-content\\\/uploads\\\/elementor\\\/thumbs\\\/Knut_Navrot_Limite-occ_2004-2006-bearbeitet-e1532593020570-pnwjmnqrxm2uu40r2ftj6zv7xtauu9x1iwq5jwgpa8.jpg\"},{\"@type\":\"BreadcrumbList\",\"@id\":\"https:\\\/\\\/kunsthallemessmer.de\\\/fr\\\/artistes\\\/knut-navrot\\\/#breadcrumb\",\"itemListElement\":[{\"@type\":\"ListItem\",\"position\":1,\"name\":\"Startseite\",\"item\":\"https:\\\/\\\/kunsthallemessmer.de\\\/fr\\\/apercu\\\/\"},{\"@type\":\"ListItem\",\"position\":2,\"name\":\"Knut Navrot\"}]},{\"@type\":\"WebSite\",\"@id\":\"https:\\\/\\\/kunsthallemessmer.de\\\/fr\\\/#website\",\"url\":\"https:\\\/\\\/kunsthallemessmer.de\\\/fr\\\/\",\"name\":\"Kunsthalle Messmer\",\"description\":\"Riegel am Kaiserstuhl\",\"publisher\":{\"@id\":\"https:\\\/\\\/kunsthallemessmer.de\\\/fr\\\/#organization\"},\"potentialAction\":[{\"@type\":\"SearchAction\",\"target\":{\"@type\":\"EntryPoint\",\"urlTemplate\":\"https:\\\/\\\/kunsthallemessmer.de\\\/fr\\\/?s={search_term_string}\"},\"query-input\":{\"@type\":\"PropertyValueSpecification\",\"valueRequired\":true,\"valueName\":\"search_term_string\"}}],\"inLanguage\":\"fr-FR\"},{\"@type\":\"Organization\",\"@id\":\"https:\\\/\\\/kunsthallemessmer.de\\\/fr\\\/#organization\",\"name\":\"Kunsthalle Messmer\",\"url\":\"https:\\\/\\\/kunsthallemessmer.de\\\/fr\\\/\",\"logo\":{\"@type\":\"ImageObject\",\"inLanguage\":\"fr-FR\",\"@id\":\"https:\\\/\\\/kunsthallemessmer.de\\\/fr\\\/#\\\/schema\\\/logo\\\/image\\\/\",\"url\":\"https:\\\/\\\/kunsthallemessmer.de\\\/wp-content\\\/uploads\\\/2022\\\/04\\\/kunsthalle_messmer_pos-2-png.png\",\"contentUrl\":\"https:\\\/\\\/kunsthallemessmer.de\\\/wp-content\\\/uploads\\\/2022\\\/04\\\/kunsthalle_messmer_pos-2-png.png\",\"width\":2412,\"height\":434,\"caption\":\"Kunsthalle Messmer\"},\"image\":{\"@id\":\"https:\\\/\\\/kunsthallemessmer.de\\\/fr\\\/#\\\/schema\\\/logo\\\/image\\\/\"}},{\"@type\":\"Person\",\"@id\":\"https:\\\/\\\/kunsthallemessmer.de\\\/fr\\\/#\\\/schema\\\/person\\\/24f7ee6ec431a05000425936de23c890\",\"name\":\"Erik Lachfeld\",\"image\":{\"@type\":\"ImageObject\",\"inLanguage\":\"fr-FR\",\"@id\":\"https:\\\/\\\/secure.gravatar.com\\\/avatar\\\/d5d42cc40010ba9998f57d7cebaf2952e1274f5c452ff570f85bbee0f9ecb43a?s=96&d=mm&r=g\",\"url\":\"https:\\\/\\\/secure.gravatar.com\\\/avatar\\\/d5d42cc40010ba9998f57d7cebaf2952e1274f5c452ff570f85bbee0f9ecb43a?s=96&d=mm&r=g\",\"contentUrl\":\"https:\\\/\\\/secure.gravatar.com\\\/avatar\\\/d5d42cc40010ba9998f57d7cebaf2952e1274f5c452ff570f85bbee0f9ecb43a?s=96&d=mm&r=g\",\"caption\":\"Erik Lachfeld\"},\"url\":\"https:\\\/\\\/kunsthallemessmer.de\\\/fr\\\/author\\\/erik-lachfeld\\\/\"}]}<\/script>\n<!-- \/ Yoast SEO plugin. -->","yoast_head_json":{"title":"Knut Navrot - Kunsthalle Messmer","robots":{"index":"index","follow":"follow","max-snippet":"max-snippet:-1","max-image-preview":"max-image-preview:large","max-video-preview":"max-video-preview:-1"},"canonical":"https:\/\/kunsthallemessmer.de\/fr\/artistes\/knut-navrot\/","og_locale":"fr_FR","og_type":"article","og_title":"Knut Navrot - Kunsthalle Messmer","og_description":"Knut Navrot, Limite 64-67.1-2-3-4, 2015, Acryl, 140 x 140 cm \u00a9 messmer foundation Les peintures de Knut Navrot offrent au spectateur plus qu&rsquo;une pure abstraction g\u00e9om\u00e9trique. \u00c0 partir de 1990, Navrot d\u00e9veloppe son propre syst\u00e8me pictural, qu&rsquo;il met constamment en \u0153uvre dans son travail. Ses \u0153uvres sont r\u00e9duites aux couleurs primaires, noir et blanc. Les [&hellip;]","og_url":"https:\/\/kunsthallemessmer.de\/fr\/artistes\/knut-navrot\/","og_site_name":"Kunsthalle Messmer","article_published_time":"2022-04-08T12:43:59+00:00","article_modified_time":"2024-02-02T11:02:21+00:00","og_image":[{"url":"https:\/\/kunsthallemessmer.de\/wp-content\/uploads\/elementor\/thumbs\/Knut_Navrot_Limite-occ_2004-2006-bearbeitet-e1532593020570-pnwjmnqrxm2uu40r2ftj6zv7xtauu9x1iwq5jwgpa8.jpg","type":"","width":"","height":""}],"author":"Erik Lachfeld","twitter_card":"summary_large_image","twitter_misc":{"\u00c9crit par":"Erik Lachfeld","Dur\u00e9e de lecture estim\u00e9e":"1 minute"},"schema":{"@context":"https:\/\/schema.org","@graph":[{"@type":"Article","@id":"https:\/\/kunsthallemessmer.de\/fr\/artistes\/knut-navrot\/#article","isPartOf":{"@id":"https:\/\/kunsthallemessmer.de\/fr\/artistes\/knut-navrot\/"},"author":{"name":"Erik Lachfeld","@id":"https:\/\/kunsthallemessmer.de\/fr\/#\/schema\/person\/24f7ee6ec431a05000425936de23c890"},"headline":"Knut Navrot","datePublished":"2022-04-08T12:43:59+00:00","dateModified":"2024-02-02T11:02:21+00:00","mainEntityOfPage":{"@id":"https:\/\/kunsthallemessmer.de\/fr\/artistes\/knut-navrot\/"},"wordCount":112,"publisher":{"@id":"https:\/\/kunsthallemessmer.de\/fr\/#organization"},"image":{"@id":"https:\/\/kunsthallemessmer.de\/fr\/artistes\/knut-navrot\/#primaryimage"},"thumbnailUrl":"https:\/\/kunsthallemessmer.de\/wp-content\/uploads\/elementor\/thumbs\/Knut_Navrot_Limite-occ_2004-2006-bearbeitet-e1532593020570-pnwjmnqrxm2uu40r2ftj6zv7xtauu9x1iwq5jwgpa8.jpg","articleSection":["Artistes"],"inLanguage":"fr-FR"},{"@type":"WebPage","@id":"https:\/\/kunsthallemessmer.de\/fr\/artistes\/knut-navrot\/","url":"https:\/\/kunsthallemessmer.de\/fr\/artistes\/knut-navrot\/","name":"Knut Navrot - Kunsthalle Messmer","isPartOf":{"@id":"https:\/\/kunsthallemessmer.de\/fr\/#website"},"primaryImageOfPage":{"@id":"https:\/\/kunsthallemessmer.de\/fr\/artistes\/knut-navrot\/#primaryimage"},"image":{"@id":"https:\/\/kunsthallemessmer.de\/fr\/artistes\/knut-navrot\/#primaryimage"},"thumbnailUrl":"https:\/\/kunsthallemessmer.de\/wp-content\/uploads\/elementor\/thumbs\/Knut_Navrot_Limite-occ_2004-2006-bearbeitet-e1532593020570-pnwjmnqrxm2uu40r2ftj6zv7xtauu9x1iwq5jwgpa8.jpg","datePublished":"2022-04-08T12:43:59+00:00","dateModified":"2024-02-02T11:02:21+00:00","breadcrumb":{"@id":"https:\/\/kunsthallemessmer.de\/fr\/artistes\/knut-navrot\/#breadcrumb"},"inLanguage":"fr-FR","potentialAction":[{"@type":"ReadAction","target":["https:\/\/kunsthallemessmer.de\/fr\/artistes\/knut-navrot\/"]}]},{"@type":"ImageObject","inLanguage":"fr-FR","@id":"https:\/\/kunsthallemessmer.de\/fr\/artistes\/knut-navrot\/#primaryimage","url":"https:\/\/kunsthallemessmer.de\/wp-content\/uploads\/elementor\/thumbs\/Knut_Navrot_Limite-occ_2004-2006-bearbeitet-e1532593020570-pnwjmnqrxm2uu40r2ftj6zv7xtauu9x1iwq5jwgpa8.jpg","contentUrl":"https:\/\/kunsthallemessmer.de\/wp-content\/uploads\/elementor\/thumbs\/Knut_Navrot_Limite-occ_2004-2006-bearbeitet-e1532593020570-pnwjmnqrxm2uu40r2ftj6zv7xtauu9x1iwq5jwgpa8.jpg"},{"@type":"BreadcrumbList","@id":"https:\/\/kunsthallemessmer.de\/fr\/artistes\/knut-navrot\/#breadcrumb","itemListElement":[{"@type":"ListItem","position":1,"name":"Startseite","item":"https:\/\/kunsthallemessmer.de\/fr\/apercu\/"},{"@type":"ListItem","position":2,"name":"Knut Navrot"}]},{"@type":"WebSite","@id":"https:\/\/kunsthallemessmer.de\/fr\/#website","url":"https:\/\/kunsthallemessmer.de\/fr\/","name":"Kunsthalle Messmer","description":"Riegel am Kaiserstuhl","publisher":{"@id":"https:\/\/kunsthallemessmer.de\/fr\/#organization"},"potentialAction":[{"@type":"SearchAction","target":{"@type":"EntryPoint","urlTemplate":"https:\/\/kunsthallemessmer.de\/fr\/?s={search_term_string}"},"query-input":{"@type":"PropertyValueSpecification","valueRequired":true,"valueName":"search_term_string"}}],"inLanguage":"fr-FR"},{"@type":"Organization","@id":"https:\/\/kunsthallemessmer.de\/fr\/#organization","name":"Kunsthalle Messmer","url":"https:\/\/kunsthallemessmer.de\/fr\/","logo":{"@type":"ImageObject","inLanguage":"fr-FR","@id":"https:\/\/kunsthallemessmer.de\/fr\/#\/schema\/logo\/image\/","url":"https:\/\/kunsthallemessmer.de\/wp-content\/uploads\/2022\/04\/kunsthalle_messmer_pos-2-png.png","contentUrl":"https:\/\/kunsthallemessmer.de\/wp-content\/uploads\/2022\/04\/kunsthalle_messmer_pos-2-png.png","width":2412,"height":434,"caption":"Kunsthalle Messmer"},"image":{"@id":"https:\/\/kunsthallemessmer.de\/fr\/#\/schema\/logo\/image\/"}},{"@type":"Person","@id":"https:\/\/kunsthallemessmer.de\/fr\/#\/schema\/person\/24f7ee6ec431a05000425936de23c890","name":"Erik Lachfeld","image":{"@type":"ImageObject","inLanguage":"fr-FR","@id":"https:\/\/secure.gravatar.com\/avatar\/d5d42cc40010ba9998f57d7cebaf2952e1274f5c452ff570f85bbee0f9ecb43a?s=96&d=mm&r=g","url":"https:\/\/secure.gravatar.com\/avatar\/d5d42cc40010ba9998f57d7cebaf2952e1274f5c452ff570f85bbee0f9ecb43a?s=96&d=mm&r=g","contentUrl":"https:\/\/secure.gravatar.com\/avatar\/d5d42cc40010ba9998f57d7cebaf2952e1274f5c452ff570f85bbee0f9ecb43a?s=96&d=mm&r=g","caption":"Erik Lachfeld"},"url":"https:\/\/kunsthallemessmer.de\/fr\/author\/erik-lachfeld\/"}]}},"_links":{"self":[{"href":"https:\/\/kunsthallemessmer.de\/fr\/wp-json\/wp\/v2\/posts\/3978","targetHints":{"allow":["GET"]}}],"collection":[{"href":"https:\/\/kunsthallemessmer.de\/fr\/wp-json\/wp\/v2\/posts"}],"about":[{"href":"https:\/\/kunsthallemessmer.de\/fr\/wp-json\/wp\/v2\/types\/post"}],"author":[{"embeddable":true,"href":"https:\/\/kunsthallemessmer.de\/fr\/wp-json\/wp\/v2\/users\/3"}],"replies":[{"embeddable":true,"href":"https:\/\/kunsthallemessmer.de\/fr\/wp-json\/wp\/v2\/comments?post=3978"}],"version-history":[{"count":3,"href":"https:\/\/kunsthallemessmer.de\/fr\/wp-json\/wp\/v2\/posts\/3978\/revisions"}],"predecessor-version":[{"id":7701,"href":"https:\/\/kunsthallemessmer.de\/fr\/wp-json\/wp\/v2\/posts\/3978\/revisions\/7701"}],"wp:attachment":[{"href":"https:\/\/kunsthallemessmer.de\/fr\/wp-json\/wp\/v2\/media?parent=3978"}],"wp:term":[{"taxonomy":"category","embeddable":true,"href":"https:\/\/kunsthallemessmer.de\/fr\/wp-json\/wp\/v2\/categories?post=3978"},{"taxonomy":"post_tag","embeddable":true,"href":"https:\/\/kunsthallemessmer.de\/fr\/wp-json\/wp\/v2\/tags?post=3978"}],"curies":[{"name":"wp","href":"https:\/\/api.w.org\/{rel}","templated":true}]}}