{"id":3994,"date":"2022-04-08T15:31:49","date_gmt":"2022-04-08T13:31:49","guid":{"rendered":"https:\/\/kunsthallemessmer.de\/non-classifiee\/guenther-uecker\/"},"modified":"2024-02-02T12:05:54","modified_gmt":"2024-02-02T11:05:54","slug":"guenther-uecker","status":"publish","type":"post","link":"https:\/\/kunsthallemessmer.de\/fr\/artistes\/guenther-uecker\/","title":{"rendered":"G\u00fcnther Uecker"},"content":{"rendered":"\t\t<div data-elementor-type=\"wp-post\" data-elementor-id=\"3994\" class=\"elementor elementor-3994 elementor-2215\" data-elementor-post-type=\"post\">\n\t\t\t\t\t\t<section class=\"elementor-section elementor-top-section elementor-element elementor-element-4bc94b0 elementor-section-boxed elementor-section-height-default elementor-section-height-default\" data-id=\"4bc94b0\" data-element_type=\"section\" data-e-type=\"section\">\n\t\t\t\t\t\t<div class=\"elementor-container elementor-column-gap-default\">\n\t\t\t\t\t<div class=\"elementor-column elementor-col-100 elementor-top-column elementor-element elementor-element-f7f4617\" data-id=\"f7f4617\" data-element_type=\"column\" data-e-type=\"column\">\n\t\t\t<div class=\"elementor-widget-wrap elementor-element-populated\">\n\t\t\t\t\t\t<div class=\"elementor-element elementor-element-0fcb89b elementor-widget elementor-widget-heading\" data-id=\"0fcb89b\" data-element_type=\"widget\" data-e-type=\"widget\" data-widget_type=\"heading.default\">\n\t\t\t\t<div class=\"elementor-widget-container\">\n\t\t\t\t\t<h1 class=\"elementor-heading-title elementor-size-default\">G\u00fcnther Uecker<\/h1>\t\t\t\t<\/div>\n\t\t\t\t<\/div>\n\t\t\t\t<div class=\"elementor-element elementor-element-513b309 elementor-widget elementor-widget-text-editor\" data-id=\"513b309\" data-element_type=\"widget\" data-e-type=\"widget\" data-widget_type=\"text-editor.default\">\n\t\t\t\t<div class=\"elementor-widget-container\">\n\t\t\t\t\t\t\t\t\t<p>G\u00fcnther Uecker est un artiste allemand bien connu. \u00c0 la fin des ann\u00e9es 1950, il cr\u00e9e ses premi\u00e8res images d&rsquo;ongles. En 1961, il rejoint le groupe ZERO, fond\u00e9 par Heinz Mack et Otto Piene. En 1962, avec Mack et Piene, Uecker cr\u00e9e un \u00ab Salon de lumi\u00e8re \u00bb au Stedelijk Museum d&rsquo;Amsterdam et au Palais des Beaux Arts de Paris, suivi d&rsquo;autres salons dans d&rsquo;autres villes. Les \u0153uvres lumineuses se caract\u00e9risent par l&rsquo;exploration de ph\u00e9nom\u00e8nes optiques, de s\u00e9quences structurelles et de zones de vibration. Le spectateur est activement inclus et peut influencer lui-m\u00eame le processus visuel par des interventions motoris\u00e9es ou manuelles. Apr\u00e8s la dissolution du groupe ZERO en 1966, \u00dccker se consacre de plus en plus \u00e0 ses peintures sur ongles. Il va jusqu&rsquo;\u00e0 clouer des meubles, des instruments de musique et des <em>appareils \u00e9lectrom\u00e9nagers<\/em> . Il combine \u00e9galement les ongles avec le th\u00e8me de la lumi\u00e8re, cr\u00e9ant des s\u00e9ries d&rsquo;ongles l\u00e9gers et d&rsquo;ongles cin\u00e9tiques. \u00dccker voyage beaucoup et trouve son inspiration principalement dans la culture asiatique. En fin de compte, ses \u0153uvres sont toujours politiques, par exemple, apr\u00e8s la catastrophe de Tchernobyl, la s\u00e9rie \u00ab\u00a0Aschebilder\u00a0\u00bb a \u00e9t\u00e9 cr\u00e9\u00e9e.<\/p>\n<p>n\u00e9 en <strong>1930<\/strong> \u00e0 Wendorf, Mecklembourg<br \/><strong>1949<\/strong> Etudes de peinture, Wismar<br \/>\u00c9cole d&rsquo;art \u00e0 Berlin-Weissensee<br \/><strong>En 1955<\/strong> , il \u00e9tudie \u00e0 l&rsquo;Acad\u00e9mie des beaux-arts de D\u00fcsseldorf<br \/><strong>1975-1995<\/strong> enseignant \u00e0 l&rsquo;Acad\u00e9mie des Beaux-Arts de D\u00fcsseldorf<br \/><strong>1957<\/strong> \u00e9tudiant en master avec Ernst Schumacher<br \/><strong>1957<\/strong> Premi\u00e8re exposition en tant qu&rsquo;invit\u00e9 du <em>Berlin Neue Gruppe.<\/em><br \/><strong>1979<\/strong> Participation \u00e0 la Biennale de Venise<br \/><strong>1984-1985<\/strong> s\u00e9jours au Japon, en Sib\u00e9rie, en Chine, en Islande et en Mongolie<br \/><strong>1961<\/strong> Rejoint le groupe d&rsquo;artistes ZERO<br \/><strong>1970<\/strong> L&rsquo;un des repr\u00e9sentants allemands \u00e0 la Biennale de Venise avec Thomas Lenk, Heinz Mack et Georg Karl Pfahler<br \/><strong>1971-1974<\/strong> s\u00e9jours de travail en Am\u00e9rique du Sud, Afrique et Asie<br \/><strong>1984-1985<\/strong> s\u00e9jours au Japon, en Sib\u00e9rie, en Chine, en Islande et en Mongolie<br \/>Depuis les <strong>ann\u00e9es 1980<\/strong> travaille avec des questions politiques<br \/><strong>1974-1995<\/strong> Professeur \u00e0 l&rsquo;Acad\u00e9mie des Beaux-Arts de D\u00fcsseldorf<br \/><strong>1999<\/strong> Conception de la salle de pri\u00e8re du nouveau b\u00e2timent du Reichstag \u00e0 Berlin<br \/><strong>2008<\/strong> co-fondateur de la fondation Zero<br \/>Vit et travaille \u00e0 D\u00fcsseldorf et Saint-Gall<\/p>\n\t\t\t\t\t\t\t\t<\/div>\n\t\t\t\t<\/div>\n\t\t\t\t\t<\/div>\n\t\t<\/div>\n\t\t\t\t\t<\/div>\n\t\t<\/section>\n\t\t\t\t<\/div>\n\t\t","protected":false},"excerpt":{"rendered":"<p>G\u00fcnther Uecker est un artiste allemand bien connu. \u00c0 la fin des ann\u00e9es 1950, il cr\u00e9e ses premi\u00e8res images d&rsquo;ongles. En 1961, il rejoint le groupe ZERO, fond\u00e9 par Heinz Mack et Otto Piene. En 1962, avec Mack et Piene, Uecker cr\u00e9e un \u00ab Salon de lumi\u00e8re \u00bb au Stedelijk Museum d&rsquo;Amsterdam et au Palais [&hellip;]<\/p>\n","protected":false},"author":3,"featured_media":0,"comment_status":"closed","ping_status":"closed","sticky":false,"template":"","format":"standard","meta":{"footnotes":""},"categories":[30],"tags":[],"class_list":["post-3994","post","type-post","status-publish","format-standard","hentry","category-artistes"],"yoast_head":"<!-- This site is optimized with the Yoast SEO plugin v27.5 - https:\/\/yoast.com\/product\/yoast-seo-wordpress\/ -->\n<title>G\u00fcnther Uecker - Kunsthalle Messmer<\/title>\n<meta name=\"robots\" content=\"index, follow, max-snippet:-1, max-image-preview:large, max-video-preview:-1\" \/>\n<link rel=\"canonical\" href=\"https:\/\/kunsthallemessmer.de\/fr\/artistes\/guenther-uecker\/\" \/>\n<meta property=\"og:locale\" content=\"fr_FR\" \/>\n<meta property=\"og:type\" content=\"article\" \/>\n<meta property=\"og:title\" content=\"G\u00fcnther Uecker - Kunsthalle Messmer\" \/>\n<meta property=\"og:description\" content=\"G\u00fcnther Uecker est un artiste allemand bien connu. \u00c0 la fin des ann\u00e9es 1950, il cr\u00e9e ses premi\u00e8res images d&rsquo;ongles. En 1961, il rejoint le groupe ZERO, fond\u00e9 par Heinz Mack et Otto Piene. En 1962, avec Mack et Piene, Uecker cr\u00e9e un \u00ab Salon de lumi\u00e8re \u00bb au Stedelijk Museum d&rsquo;Amsterdam et au Palais [&hellip;]\" \/>\n<meta property=\"og:url\" content=\"https:\/\/kunsthallemessmer.de\/fr\/artistes\/guenther-uecker\/\" \/>\n<meta property=\"og:site_name\" content=\"Kunsthalle Messmer\" \/>\n<meta property=\"article:published_time\" content=\"2022-04-08T13:31:49+00:00\" \/>\n<meta property=\"article:modified_time\" content=\"2024-02-02T11:05:54+00:00\" \/>\n<meta name=\"author\" content=\"Erik Lachfeld\" \/>\n<meta name=\"twitter:card\" content=\"summary_large_image\" \/>\n<meta name=\"twitter:label1\" content=\"\u00c9crit par\" \/>\n\t<meta name=\"twitter:data1\" content=\"Erik Lachfeld\" \/>\n\t<meta name=\"twitter:label2\" content=\"Dur\u00e9e de lecture estim\u00e9e\" \/>\n\t<meta name=\"twitter:data2\" content=\"2 minutes\" \/>\n<script type=\"application\/ld+json\" class=\"yoast-schema-graph\">{\"@context\":\"https:\\\/\\\/schema.org\",\"@graph\":[{\"@type\":\"Article\",\"@id\":\"https:\\\/\\\/kunsthallemessmer.de\\\/fr\\\/artistes\\\/guenther-uecker\\\/#article\",\"isPartOf\":{\"@id\":\"https:\\\/\\\/kunsthallemessmer.de\\\/fr\\\/artistes\\\/guenther-uecker\\\/\"},\"author\":{\"name\":\"Erik Lachfeld\",\"@id\":\"https:\\\/\\\/kunsthallemessmer.de\\\/fr\\\/#\\\/schema\\\/person\\\/24f7ee6ec431a05000425936de23c890\"},\"headline\":\"G\u00fcnther Uecker\",\"datePublished\":\"2022-04-08T13:31:49+00:00\",\"dateModified\":\"2024-02-02T11:05:54+00:00\",\"mainEntityOfPage\":{\"@id\":\"https:\\\/\\\/kunsthallemessmer.de\\\/fr\\\/artistes\\\/guenther-uecker\\\/\"},\"wordCount\":380,\"publisher\":{\"@id\":\"https:\\\/\\\/kunsthallemessmer.de\\\/fr\\\/#organization\"},\"articleSection\":[\"Artistes\"],\"inLanguage\":\"fr-FR\"},{\"@type\":\"WebPage\",\"@id\":\"https:\\\/\\\/kunsthallemessmer.de\\\/fr\\\/artistes\\\/guenther-uecker\\\/\",\"url\":\"https:\\\/\\\/kunsthallemessmer.de\\\/fr\\\/artistes\\\/guenther-uecker\\\/\",\"name\":\"G\u00fcnther Uecker - Kunsthalle Messmer\",\"isPartOf\":{\"@id\":\"https:\\\/\\\/kunsthallemessmer.de\\\/fr\\\/#website\"},\"datePublished\":\"2022-04-08T13:31:49+00:00\",\"dateModified\":\"2024-02-02T11:05:54+00:00\",\"breadcrumb\":{\"@id\":\"https:\\\/\\\/kunsthallemessmer.de\\\/fr\\\/artistes\\\/guenther-uecker\\\/#breadcrumb\"},\"inLanguage\":\"fr-FR\",\"potentialAction\":[{\"@type\":\"ReadAction\",\"target\":[\"https:\\\/\\\/kunsthallemessmer.de\\\/fr\\\/artistes\\\/guenther-uecker\\\/\"]}]},{\"@type\":\"BreadcrumbList\",\"@id\":\"https:\\\/\\\/kunsthallemessmer.de\\\/fr\\\/artistes\\\/guenther-uecker\\\/#breadcrumb\",\"itemListElement\":[{\"@type\":\"ListItem\",\"position\":1,\"name\":\"Startseite\",\"item\":\"https:\\\/\\\/kunsthallemessmer.de\\\/fr\\\/apercu\\\/\"},{\"@type\":\"ListItem\",\"position\":2,\"name\":\"G\u00fcnther Uecker\"}]},{\"@type\":\"WebSite\",\"@id\":\"https:\\\/\\\/kunsthallemessmer.de\\\/fr\\\/#website\",\"url\":\"https:\\\/\\\/kunsthallemessmer.de\\\/fr\\\/\",\"name\":\"Kunsthalle Messmer\",\"description\":\"Riegel am Kaiserstuhl\",\"publisher\":{\"@id\":\"https:\\\/\\\/kunsthallemessmer.de\\\/fr\\\/#organization\"},\"potentialAction\":[{\"@type\":\"SearchAction\",\"target\":{\"@type\":\"EntryPoint\",\"urlTemplate\":\"https:\\\/\\\/kunsthallemessmer.de\\\/fr\\\/?s={search_term_string}\"},\"query-input\":{\"@type\":\"PropertyValueSpecification\",\"valueRequired\":true,\"valueName\":\"search_term_string\"}}],\"inLanguage\":\"fr-FR\"},{\"@type\":\"Organization\",\"@id\":\"https:\\\/\\\/kunsthallemessmer.de\\\/fr\\\/#organization\",\"name\":\"Kunsthalle Messmer\",\"url\":\"https:\\\/\\\/kunsthallemessmer.de\\\/fr\\\/\",\"logo\":{\"@type\":\"ImageObject\",\"inLanguage\":\"fr-FR\",\"@id\":\"https:\\\/\\\/kunsthallemessmer.de\\\/fr\\\/#\\\/schema\\\/logo\\\/image\\\/\",\"url\":\"https:\\\/\\\/kunsthallemessmer.de\\\/wp-content\\\/uploads\\\/2022\\\/04\\\/kunsthalle_messmer_pos-2-png.png\",\"contentUrl\":\"https:\\\/\\\/kunsthallemessmer.de\\\/wp-content\\\/uploads\\\/2022\\\/04\\\/kunsthalle_messmer_pos-2-png.png\",\"width\":2412,\"height\":434,\"caption\":\"Kunsthalle Messmer\"},\"image\":{\"@id\":\"https:\\\/\\\/kunsthallemessmer.de\\\/fr\\\/#\\\/schema\\\/logo\\\/image\\\/\"}},{\"@type\":\"Person\",\"@id\":\"https:\\\/\\\/kunsthallemessmer.de\\\/fr\\\/#\\\/schema\\\/person\\\/24f7ee6ec431a05000425936de23c890\",\"name\":\"Erik Lachfeld\",\"image\":{\"@type\":\"ImageObject\",\"inLanguage\":\"fr-FR\",\"@id\":\"https:\\\/\\\/secure.gravatar.com\\\/avatar\\\/d5d42cc40010ba9998f57d7cebaf2952e1274f5c452ff570f85bbee0f9ecb43a?s=96&d=mm&r=g\",\"url\":\"https:\\\/\\\/secure.gravatar.com\\\/avatar\\\/d5d42cc40010ba9998f57d7cebaf2952e1274f5c452ff570f85bbee0f9ecb43a?s=96&d=mm&r=g\",\"contentUrl\":\"https:\\\/\\\/secure.gravatar.com\\\/avatar\\\/d5d42cc40010ba9998f57d7cebaf2952e1274f5c452ff570f85bbee0f9ecb43a?s=96&d=mm&r=g\",\"caption\":\"Erik Lachfeld\"},\"url\":\"https:\\\/\\\/kunsthallemessmer.de\\\/fr\\\/author\\\/erik-lachfeld\\\/\"}]}<\/script>\n<!-- \/ Yoast SEO plugin. -->","yoast_head_json":{"title":"G\u00fcnther Uecker - Kunsthalle Messmer","robots":{"index":"index","follow":"follow","max-snippet":"max-snippet:-1","max-image-preview":"max-image-preview:large","max-video-preview":"max-video-preview:-1"},"canonical":"https:\/\/kunsthallemessmer.de\/fr\/artistes\/guenther-uecker\/","og_locale":"fr_FR","og_type":"article","og_title":"G\u00fcnther Uecker - Kunsthalle Messmer","og_description":"G\u00fcnther Uecker est un artiste allemand bien connu. \u00c0 la fin des ann\u00e9es 1950, il cr\u00e9e ses premi\u00e8res images d&rsquo;ongles. En 1961, il rejoint le groupe ZERO, fond\u00e9 par Heinz Mack et Otto Piene. En 1962, avec Mack et Piene, Uecker cr\u00e9e un \u00ab Salon de lumi\u00e8re \u00bb au Stedelijk Museum d&rsquo;Amsterdam et au Palais [&hellip;]","og_url":"https:\/\/kunsthallemessmer.de\/fr\/artistes\/guenther-uecker\/","og_site_name":"Kunsthalle Messmer","article_published_time":"2022-04-08T13:31:49+00:00","article_modified_time":"2024-02-02T11:05:54+00:00","author":"Erik Lachfeld","twitter_card":"summary_large_image","twitter_misc":{"\u00c9crit par":"Erik Lachfeld","Dur\u00e9e de lecture estim\u00e9e":"2 minutes"},"schema":{"@context":"https:\/\/schema.org","@graph":[{"@type":"Article","@id":"https:\/\/kunsthallemessmer.de\/fr\/artistes\/guenther-uecker\/#article","isPartOf":{"@id":"https:\/\/kunsthallemessmer.de\/fr\/artistes\/guenther-uecker\/"},"author":{"name":"Erik Lachfeld","@id":"https:\/\/kunsthallemessmer.de\/fr\/#\/schema\/person\/24f7ee6ec431a05000425936de23c890"},"headline":"G\u00fcnther Uecker","datePublished":"2022-04-08T13:31:49+00:00","dateModified":"2024-02-02T11:05:54+00:00","mainEntityOfPage":{"@id":"https:\/\/kunsthallemessmer.de\/fr\/artistes\/guenther-uecker\/"},"wordCount":380,"publisher":{"@id":"https:\/\/kunsthallemessmer.de\/fr\/#organization"},"articleSection":["Artistes"],"inLanguage":"fr-FR"},{"@type":"WebPage","@id":"https:\/\/kunsthallemessmer.de\/fr\/artistes\/guenther-uecker\/","url":"https:\/\/kunsthallemessmer.de\/fr\/artistes\/guenther-uecker\/","name":"G\u00fcnther Uecker - Kunsthalle Messmer","isPartOf":{"@id":"https:\/\/kunsthallemessmer.de\/fr\/#website"},"datePublished":"2022-04-08T13:31:49+00:00","dateModified":"2024-02-02T11:05:54+00:00","breadcrumb":{"@id":"https:\/\/kunsthallemessmer.de\/fr\/artistes\/guenther-uecker\/#breadcrumb"},"inLanguage":"fr-FR","potentialAction":[{"@type":"ReadAction","target":["https:\/\/kunsthallemessmer.de\/fr\/artistes\/guenther-uecker\/"]}]},{"@type":"BreadcrumbList","@id":"https:\/\/kunsthallemessmer.de\/fr\/artistes\/guenther-uecker\/#breadcrumb","itemListElement":[{"@type":"ListItem","position":1,"name":"Startseite","item":"https:\/\/kunsthallemessmer.de\/fr\/apercu\/"},{"@type":"ListItem","position":2,"name":"G\u00fcnther Uecker"}]},{"@type":"WebSite","@id":"https:\/\/kunsthallemessmer.de\/fr\/#website","url":"https:\/\/kunsthallemessmer.de\/fr\/","name":"Kunsthalle Messmer","description":"Riegel am Kaiserstuhl","publisher":{"@id":"https:\/\/kunsthallemessmer.de\/fr\/#organization"},"potentialAction":[{"@type":"SearchAction","target":{"@type":"EntryPoint","urlTemplate":"https:\/\/kunsthallemessmer.de\/fr\/?s={search_term_string}"},"query-input":{"@type":"PropertyValueSpecification","valueRequired":true,"valueName":"search_term_string"}}],"inLanguage":"fr-FR"},{"@type":"Organization","@id":"https:\/\/kunsthallemessmer.de\/fr\/#organization","name":"Kunsthalle Messmer","url":"https:\/\/kunsthallemessmer.de\/fr\/","logo":{"@type":"ImageObject","inLanguage":"fr-FR","@id":"https:\/\/kunsthallemessmer.de\/fr\/#\/schema\/logo\/image\/","url":"https:\/\/kunsthallemessmer.de\/wp-content\/uploads\/2022\/04\/kunsthalle_messmer_pos-2-png.png","contentUrl":"https:\/\/kunsthallemessmer.de\/wp-content\/uploads\/2022\/04\/kunsthalle_messmer_pos-2-png.png","width":2412,"height":434,"caption":"Kunsthalle Messmer"},"image":{"@id":"https:\/\/kunsthallemessmer.de\/fr\/#\/schema\/logo\/image\/"}},{"@type":"Person","@id":"https:\/\/kunsthallemessmer.de\/fr\/#\/schema\/person\/24f7ee6ec431a05000425936de23c890","name":"Erik Lachfeld","image":{"@type":"ImageObject","inLanguage":"fr-FR","@id":"https:\/\/secure.gravatar.com\/avatar\/d5d42cc40010ba9998f57d7cebaf2952e1274f5c452ff570f85bbee0f9ecb43a?s=96&d=mm&r=g","url":"https:\/\/secure.gravatar.com\/avatar\/d5d42cc40010ba9998f57d7cebaf2952e1274f5c452ff570f85bbee0f9ecb43a?s=96&d=mm&r=g","contentUrl":"https:\/\/secure.gravatar.com\/avatar\/d5d42cc40010ba9998f57d7cebaf2952e1274f5c452ff570f85bbee0f9ecb43a?s=96&d=mm&r=g","caption":"Erik Lachfeld"},"url":"https:\/\/kunsthallemessmer.de\/fr\/author\/erik-lachfeld\/"}]}},"_links":{"self":[{"href":"https:\/\/kunsthallemessmer.de\/fr\/wp-json\/wp\/v2\/posts\/3994","targetHints":{"allow":["GET"]}}],"collection":[{"href":"https:\/\/kunsthallemessmer.de\/fr\/wp-json\/wp\/v2\/posts"}],"about":[{"href":"https:\/\/kunsthallemessmer.de\/fr\/wp-json\/wp\/v2\/types\/post"}],"author":[{"embeddable":true,"href":"https:\/\/kunsthallemessmer.de\/fr\/wp-json\/wp\/v2\/users\/3"}],"replies":[{"embeddable":true,"href":"https:\/\/kunsthallemessmer.de\/fr\/wp-json\/wp\/v2\/comments?post=3994"}],"version-history":[{"count":2,"href":"https:\/\/kunsthallemessmer.de\/fr\/wp-json\/wp\/v2\/posts\/3994\/revisions"}],"predecessor-version":[{"id":6642,"href":"https:\/\/kunsthallemessmer.de\/fr\/wp-json\/wp\/v2\/posts\/3994\/revisions\/6642"}],"wp:attachment":[{"href":"https:\/\/kunsthallemessmer.de\/fr\/wp-json\/wp\/v2\/media?parent=3994"}],"wp:term":[{"taxonomy":"category","embeddable":true,"href":"https:\/\/kunsthallemessmer.de\/fr\/wp-json\/wp\/v2\/categories?post=3994"},{"taxonomy":"post_tag","embeddable":true,"href":"https:\/\/kunsthallemessmer.de\/fr\/wp-json\/wp\/v2\/tags?post=3994"}],"curies":[{"name":"wp","href":"https:\/\/api.w.org\/{rel}","templated":true}]}}