{"id":4047,"date":"2022-04-08T15:30:40","date_gmt":"2022-04-08T13:30:40","guid":{"rendered":"https:\/\/kunsthallemessmer.de\/non-classifiee\/pierre-staechlin\/"},"modified":"2024-12-10T09:34:13","modified_gmt":"2024-12-10T08:34:13","slug":"pierre-staechlin","status":"publish","type":"post","link":"https:\/\/kunsthallemessmer.de\/fr\/artistes\/pierre-staechlin\/","title":{"rendered":"Peter Staechelin"},"content":{"rendered":"\t\t<div data-elementor-type=\"wp-post\" data-elementor-id=\"4047\" class=\"elementor elementor-4047 elementor-2209\" data-elementor-post-type=\"post\">\n\t\t\t\t\t\t<section class=\"elementor-section elementor-top-section elementor-element elementor-element-b48997f elementor-section-boxed elementor-section-height-default elementor-section-height-default\" data-id=\"b48997f\" data-element_type=\"section\" data-e-type=\"section\">\n\t\t\t\t\t\t<div class=\"elementor-container elementor-column-gap-default\">\n\t\t\t\t\t<div class=\"elementor-column elementor-col-100 elementor-top-column elementor-element elementor-element-51a9bf5\" data-id=\"51a9bf5\" data-element_type=\"column\" data-e-type=\"column\">\n\t\t\t<div class=\"elementor-widget-wrap elementor-element-populated\">\n\t\t\t\t\t\t<div class=\"elementor-element elementor-element-1b3948c elementor-widget elementor-widget-heading\" data-id=\"1b3948c\" data-element_type=\"widget\" data-e-type=\"widget\" data-widget_type=\"heading.default\">\n\t\t\t\t<div class=\"elementor-widget-container\">\n\t\t\t\t\t<h1 class=\"elementor-heading-title elementor-size-default\">Peter Staechelin<\/h1>\t\t\t\t<\/div>\n\t\t\t\t<\/div>\n\t\t\t\t<div class=\"elementor-element elementor-element-fabd3b0 elementor-widget elementor-widget-image\" data-id=\"fabd3b0\" data-element_type=\"widget\" data-e-type=\"widget\" data-widget_type=\"image.default\">\n\t\t\t\t<div class=\"elementor-widget-container\">\n\t\t\t\t\t\t\t\t\t\t\t\t<figure class=\"wp-caption\">\n\t\t\t\t\t\t\t\t\t\t\t<a href=\"https:\/\/kunsthallemessmer.de\/wp-content\/uploads\/2022\/04\/Peter-Staechlin-o.T.-1984-Acryl-auf-Leinwand-100-x-100-cm.jpg\" data-elementor-open-lightbox=\"yes\" data-elementor-lightbox-title=\"Peter Staechlin, o.T., 1984, Acryl auf Leinwand, 100 x 100 cm \u00a9 messmer foundation \/ Steven Van Veen\" data-e-action-hash=\"#elementor-action%3Aaction%3Dlightbox%26settings%3DeyJpZCI6MzMxMywidXJsIjoiaHR0cHM6XC9cL2t1bnN0aGFsbGVtZXNzbWVyLmRlXC93cC1jb250ZW50XC91cGxvYWRzXC8yMDIyXC8wNFwvUGV0ZXItU3RhZWNobGluLW8uVC4tMTk4NC1BY3J5bC1hdWYtTGVpbndhbmQtMTAwLXgtMTAwLWNtLmpwZyJ9\">\n\t\t\t\t\t\t\t<img fetchpriority=\"high\" decoding=\"async\" width=\"338\" height=\"336\" src=\"https:\/\/kunsthallemessmer.de\/wp-content\/uploads\/2022\/04\/Peter-Staechlin-o.T.-1984-Acryl-auf-Leinwand-100-x-100-cm.jpg\" class=\"attachment-full size-full wp-image-3313\" alt=\"\" srcset=\"https:\/\/kunsthallemessmer.de\/wp-content\/uploads\/2022\/04\/Peter-Staechlin-o.T.-1984-Acryl-auf-Leinwand-100-x-100-cm.jpg 338w, https:\/\/kunsthallemessmer.de\/wp-content\/uploads\/2022\/04\/Peter-Staechlin-o.T.-1984-Acryl-auf-Leinwand-100-x-100-cm-300x298.jpg 300w, https:\/\/kunsthallemessmer.de\/wp-content\/uploads\/2022\/04\/Peter-Staechlin-o.T.-1984-Acryl-auf-Leinwand-100-x-100-cm-150x150.jpg 150w\" sizes=\"(max-width: 338px) 100vw, 338px\" \/>\t\t\t\t\t\t\t\t<\/a>\n\t\t\t\t\t\t\t\t\t\t\t<figcaption class=\"widget-image-caption wp-caption-text\">Peter Staechlin, o.T., 1984, Acryl auf Leinwand, 100 x 100 cm \u00a9 messmer foundation \/ Steven Van Veen<\/figcaption>\n\t\t\t\t\t\t\t\t\t\t<\/figure>\n\t\t\t\t\t\t\t\t\t<\/div>\n\t\t\t\t<\/div>\n\t\t\t\t<div class=\"elementor-element elementor-element-fb69015 elementor-widget elementor-widget-text-editor\" data-id=\"fb69015\" data-element_type=\"widget\" data-e-type=\"widget\" data-widget_type=\"text-editor.default\">\n\t\t\t\t<div class=\"elementor-widget-container\">\n\t\t\t\t\t\t\t\t\t<p>Peter Staechelin est un peintre d&rsquo;art concret. Il peut \u00eatre d\u00e9crit comme l&rsquo;inventeur de la triade des couleurs dans les surfaces. Une t\u00e2che difficile dans le cas de l&rsquo;art concret et constructif, car il faut trouver une solution d&rsquo;image coh\u00e9rente. Ses \u0153uvres oscillent toujours entre dynamique et immobilit\u00e9 afin d&rsquo;obtenir un effet harmonieux. Il a connu du succ\u00e8s et est pr\u00e9sent dans toute l&rsquo;Europe, il a donc eu un total de 50 expositions individuelles dans 15 pays europ\u00e9ens \u00e0 partir de 1958. Il a \u00e9t\u00e9 repr\u00e9sent\u00e9 300 fois dans des expositions collectives. En plus de son propre travail artistique r\u00e9ussi, il a \u00e9galement travaill\u00e9 comme professeur \u00e0 l&rsquo;Universit\u00e9 de l&rsquo;\u00e9ducation de Fribourg.<\/p>\n<p>n\u00e9 <strong>en 1931<\/strong> \u00e0 L\u00f6rrach ; d\u00e9c\u00e9d\u00e9 <strong>en 2004<\/strong> \u00e0 Fribourg<br \/><strong>1951-1958<\/strong> \u00c9tudes \u00e0 l&rsquo;\u00c9cole des arts appliqu\u00e9s de B\u00e2le<br \/>et \u00e0 l&rsquo;Acad\u00e9mie des beaux-arts de Stuttgart<br \/><strong>1970-1995<\/strong> Professeur d&rsquo;art \u00e0 la Haute \u00e9cole p\u00e9dagogique de Fribourg<br \/><strong>1997<\/strong> Prix Reinhold Schneider de la ville de Fribourg<\/p>\n\t\t\t\t\t\t\t\t<\/div>\n\t\t\t\t<\/div>\n\t\t\t\t\t<\/div>\n\t\t<\/div>\n\t\t\t\t\t<\/div>\n\t\t<\/section>\n\t\t\t\t<\/div>\n\t\t","protected":false},"excerpt":{"rendered":"<p>Peter Staechelin, o.T., 1984, Acryl auf Leinwand, 100 x 100 cm \u00a9 messmer foundation \/ Steven Van Veen Peter Staechelin est un peintre d&rsquo;art concret. Il peut \u00eatre d\u00e9crit comme l&rsquo;inventeur de la triade des couleurs dans les surfaces. Une t\u00e2che difficile dans le cas de l&rsquo;art concret et constructif, car il faut trouver une [&hellip;]<\/p>\n","protected":false},"author":3,"featured_media":0,"comment_status":"closed","ping_status":"open","sticky":false,"template":"","format":"standard","meta":{"footnotes":""},"categories":[30],"tags":[],"class_list":["post-4047","post","type-post","status-publish","format-standard","hentry","category-artistes"],"yoast_head":"<!-- This site is optimized with the Yoast SEO plugin v27.5 - https:\/\/yoast.com\/product\/yoast-seo-wordpress\/ -->\n<title>Peter Staechelin - Kunsthalle Messmer<\/title>\n<meta name=\"robots\" content=\"index, follow, max-snippet:-1, max-image-preview:large, max-video-preview:-1\" \/>\n<link rel=\"canonical\" href=\"https:\/\/kunsthallemessmer.de\/fr\/artistes\/pierre-staechlin\/\" \/>\n<meta property=\"og:locale\" content=\"fr_FR\" \/>\n<meta property=\"og:type\" content=\"article\" \/>\n<meta property=\"og:title\" content=\"Peter Staechelin - Kunsthalle Messmer\" \/>\n<meta property=\"og:description\" content=\"Peter Staechelin, o.T., 1984, Acryl auf Leinwand, 100 x 100 cm \u00a9 messmer foundation \/ Steven Van Veen Peter Staechelin est un peintre d&rsquo;art concret. Il peut \u00eatre d\u00e9crit comme l&rsquo;inventeur de la triade des couleurs dans les surfaces. Une t\u00e2che difficile dans le cas de l&rsquo;art concret et constructif, car il faut trouver une [&hellip;]\" \/>\n<meta property=\"og:url\" content=\"https:\/\/kunsthallemessmer.de\/fr\/artistes\/pierre-staechlin\/\" \/>\n<meta property=\"og:site_name\" content=\"Kunsthalle Messmer\" \/>\n<meta property=\"article:published_time\" content=\"2022-04-08T13:30:40+00:00\" \/>\n<meta property=\"article:modified_time\" content=\"2024-12-10T08:34:13+00:00\" \/>\n<meta property=\"og:image\" content=\"https:\/\/kunsthallemessmer.de\/wp-content\/uploads\/2022\/04\/Peter-Staechlin-o.T.-1984-Acryl-auf-Leinwand-100-x-100-cm.jpg\" \/>\n\t<meta property=\"og:image:width\" content=\"338\" \/>\n\t<meta property=\"og:image:height\" content=\"336\" \/>\n\t<meta property=\"og:image:type\" content=\"image\/jpeg\" \/>\n<meta name=\"author\" content=\"Erik Lachfeld\" \/>\n<meta name=\"twitter:card\" content=\"summary_large_image\" \/>\n<meta name=\"twitter:label1\" content=\"\u00c9crit par\" \/>\n\t<meta name=\"twitter:data1\" content=\"Erik Lachfeld\" \/>\n\t<meta name=\"twitter:label2\" content=\"Dur\u00e9e de lecture estim\u00e9e\" \/>\n\t<meta name=\"twitter:data2\" content=\"1 minute\" \/>\n<script type=\"application\/ld+json\" class=\"yoast-schema-graph\">{\"@context\":\"https:\\\/\\\/schema.org\",\"@graph\":[{\"@type\":\"Article\",\"@id\":\"https:\\\/\\\/kunsthallemessmer.de\\\/fr\\\/artistes\\\/pierre-staechlin\\\/#article\",\"isPartOf\":{\"@id\":\"https:\\\/\\\/kunsthallemessmer.de\\\/fr\\\/artistes\\\/pierre-staechlin\\\/\"},\"author\":{\"name\":\"Erik Lachfeld\",\"@id\":\"https:\\\/\\\/kunsthallemessmer.de\\\/fr\\\/#\\\/schema\\\/person\\\/24f7ee6ec431a05000425936de23c890\"},\"headline\":\"Peter Staechelin\",\"datePublished\":\"2022-04-08T13:30:40+00:00\",\"dateModified\":\"2024-12-10T08:34:13+00:00\",\"mainEntityOfPage\":{\"@id\":\"https:\\\/\\\/kunsthallemessmer.de\\\/fr\\\/artistes\\\/pierre-staechlin\\\/\"},\"wordCount\":184,\"publisher\":{\"@id\":\"https:\\\/\\\/kunsthallemessmer.de\\\/fr\\\/#organization\"},\"image\":{\"@id\":\"https:\\\/\\\/kunsthallemessmer.de\\\/fr\\\/artistes\\\/pierre-staechlin\\\/#primaryimage\"},\"thumbnailUrl\":\"https:\\\/\\\/kunsthallemessmer.de\\\/wp-content\\\/uploads\\\/2022\\\/04\\\/Peter-Staechlin-o.T.-1984-Acryl-auf-Leinwand-100-x-100-cm.jpg\",\"articleSection\":[\"Artistes\"],\"inLanguage\":\"fr-FR\"},{\"@type\":\"WebPage\",\"@id\":\"https:\\\/\\\/kunsthallemessmer.de\\\/fr\\\/artistes\\\/pierre-staechlin\\\/\",\"url\":\"https:\\\/\\\/kunsthallemessmer.de\\\/fr\\\/artistes\\\/pierre-staechlin\\\/\",\"name\":\"Peter Staechelin - Kunsthalle Messmer\",\"isPartOf\":{\"@id\":\"https:\\\/\\\/kunsthallemessmer.de\\\/fr\\\/#website\"},\"primaryImageOfPage\":{\"@id\":\"https:\\\/\\\/kunsthallemessmer.de\\\/fr\\\/artistes\\\/pierre-staechlin\\\/#primaryimage\"},\"image\":{\"@id\":\"https:\\\/\\\/kunsthallemessmer.de\\\/fr\\\/artistes\\\/pierre-staechlin\\\/#primaryimage\"},\"thumbnailUrl\":\"https:\\\/\\\/kunsthallemessmer.de\\\/wp-content\\\/uploads\\\/2022\\\/04\\\/Peter-Staechlin-o.T.-1984-Acryl-auf-Leinwand-100-x-100-cm.jpg\",\"datePublished\":\"2022-04-08T13:30:40+00:00\",\"dateModified\":\"2024-12-10T08:34:13+00:00\",\"breadcrumb\":{\"@id\":\"https:\\\/\\\/kunsthallemessmer.de\\\/fr\\\/artistes\\\/pierre-staechlin\\\/#breadcrumb\"},\"inLanguage\":\"fr-FR\",\"potentialAction\":[{\"@type\":\"ReadAction\",\"target\":[\"https:\\\/\\\/kunsthallemessmer.de\\\/fr\\\/artistes\\\/pierre-staechlin\\\/\"]}]},{\"@type\":\"ImageObject\",\"inLanguage\":\"fr-FR\",\"@id\":\"https:\\\/\\\/kunsthallemessmer.de\\\/fr\\\/artistes\\\/pierre-staechlin\\\/#primaryimage\",\"url\":\"https:\\\/\\\/kunsthallemessmer.de\\\/wp-content\\\/uploads\\\/2022\\\/04\\\/Peter-Staechlin-o.T.-1984-Acryl-auf-Leinwand-100-x-100-cm.jpg\",\"contentUrl\":\"https:\\\/\\\/kunsthallemessmer.de\\\/wp-content\\\/uploads\\\/2022\\\/04\\\/Peter-Staechlin-o.T.-1984-Acryl-auf-Leinwand-100-x-100-cm.jpg\"},{\"@type\":\"BreadcrumbList\",\"@id\":\"https:\\\/\\\/kunsthallemessmer.de\\\/fr\\\/artistes\\\/pierre-staechlin\\\/#breadcrumb\",\"itemListElement\":[{\"@type\":\"ListItem\",\"position\":1,\"name\":\"Startseite\",\"item\":\"https:\\\/\\\/kunsthallemessmer.de\\\/fr\\\/apercu\\\/\"},{\"@type\":\"ListItem\",\"position\":2,\"name\":\"Peter Staechelin\"}]},{\"@type\":\"WebSite\",\"@id\":\"https:\\\/\\\/kunsthallemessmer.de\\\/fr\\\/#website\",\"url\":\"https:\\\/\\\/kunsthallemessmer.de\\\/fr\\\/\",\"name\":\"Kunsthalle Messmer\",\"description\":\"Riegel am Kaiserstuhl\",\"publisher\":{\"@id\":\"https:\\\/\\\/kunsthallemessmer.de\\\/fr\\\/#organization\"},\"potentialAction\":[{\"@type\":\"SearchAction\",\"target\":{\"@type\":\"EntryPoint\",\"urlTemplate\":\"https:\\\/\\\/kunsthallemessmer.de\\\/fr\\\/?s={search_term_string}\"},\"query-input\":{\"@type\":\"PropertyValueSpecification\",\"valueRequired\":true,\"valueName\":\"search_term_string\"}}],\"inLanguage\":\"fr-FR\"},{\"@type\":\"Organization\",\"@id\":\"https:\\\/\\\/kunsthallemessmer.de\\\/fr\\\/#organization\",\"name\":\"Kunsthalle Messmer\",\"url\":\"https:\\\/\\\/kunsthallemessmer.de\\\/fr\\\/\",\"logo\":{\"@type\":\"ImageObject\",\"inLanguage\":\"fr-FR\",\"@id\":\"https:\\\/\\\/kunsthallemessmer.de\\\/fr\\\/#\\\/schema\\\/logo\\\/image\\\/\",\"url\":\"https:\\\/\\\/kunsthallemessmer.de\\\/wp-content\\\/uploads\\\/2022\\\/04\\\/kunsthalle_messmer_pos-2-png.png\",\"contentUrl\":\"https:\\\/\\\/kunsthallemessmer.de\\\/wp-content\\\/uploads\\\/2022\\\/04\\\/kunsthalle_messmer_pos-2-png.png\",\"width\":2412,\"height\":434,\"caption\":\"Kunsthalle Messmer\"},\"image\":{\"@id\":\"https:\\\/\\\/kunsthallemessmer.de\\\/fr\\\/#\\\/schema\\\/logo\\\/image\\\/\"}},{\"@type\":\"Person\",\"@id\":\"https:\\\/\\\/kunsthallemessmer.de\\\/fr\\\/#\\\/schema\\\/person\\\/24f7ee6ec431a05000425936de23c890\",\"name\":\"Erik Lachfeld\",\"image\":{\"@type\":\"ImageObject\",\"inLanguage\":\"fr-FR\",\"@id\":\"https:\\\/\\\/secure.gravatar.com\\\/avatar\\\/d5d42cc40010ba9998f57d7cebaf2952e1274f5c452ff570f85bbee0f9ecb43a?s=96&d=mm&r=g\",\"url\":\"https:\\\/\\\/secure.gravatar.com\\\/avatar\\\/d5d42cc40010ba9998f57d7cebaf2952e1274f5c452ff570f85bbee0f9ecb43a?s=96&d=mm&r=g\",\"contentUrl\":\"https:\\\/\\\/secure.gravatar.com\\\/avatar\\\/d5d42cc40010ba9998f57d7cebaf2952e1274f5c452ff570f85bbee0f9ecb43a?s=96&d=mm&r=g\",\"caption\":\"Erik Lachfeld\"},\"url\":\"https:\\\/\\\/kunsthallemessmer.de\\\/fr\\\/author\\\/erik-lachfeld\\\/\"}]}<\/script>\n<!-- \/ Yoast SEO plugin. -->","yoast_head_json":{"title":"Peter Staechelin - Kunsthalle Messmer","robots":{"index":"index","follow":"follow","max-snippet":"max-snippet:-1","max-image-preview":"max-image-preview:large","max-video-preview":"max-video-preview:-1"},"canonical":"https:\/\/kunsthallemessmer.de\/fr\/artistes\/pierre-staechlin\/","og_locale":"fr_FR","og_type":"article","og_title":"Peter Staechelin - Kunsthalle Messmer","og_description":"Peter Staechelin, o.T., 1984, Acryl auf Leinwand, 100 x 100 cm \u00a9 messmer foundation \/ Steven Van Veen Peter Staechelin est un peintre d&rsquo;art concret. Il peut \u00eatre d\u00e9crit comme l&rsquo;inventeur de la triade des couleurs dans les surfaces. Une t\u00e2che difficile dans le cas de l&rsquo;art concret et constructif, car il faut trouver une [&hellip;]","og_url":"https:\/\/kunsthallemessmer.de\/fr\/artistes\/pierre-staechlin\/","og_site_name":"Kunsthalle Messmer","article_published_time":"2022-04-08T13:30:40+00:00","article_modified_time":"2024-12-10T08:34:13+00:00","og_image":[{"width":338,"height":336,"url":"https:\/\/kunsthallemessmer.de\/wp-content\/uploads\/2022\/04\/Peter-Staechlin-o.T.-1984-Acryl-auf-Leinwand-100-x-100-cm.jpg","type":"image\/jpeg"}],"author":"Erik Lachfeld","twitter_card":"summary_large_image","twitter_misc":{"\u00c9crit par":"Erik Lachfeld","Dur\u00e9e de lecture estim\u00e9e":"1 minute"},"schema":{"@context":"https:\/\/schema.org","@graph":[{"@type":"Article","@id":"https:\/\/kunsthallemessmer.de\/fr\/artistes\/pierre-staechlin\/#article","isPartOf":{"@id":"https:\/\/kunsthallemessmer.de\/fr\/artistes\/pierre-staechlin\/"},"author":{"name":"Erik Lachfeld","@id":"https:\/\/kunsthallemessmer.de\/fr\/#\/schema\/person\/24f7ee6ec431a05000425936de23c890"},"headline":"Peter Staechelin","datePublished":"2022-04-08T13:30:40+00:00","dateModified":"2024-12-10T08:34:13+00:00","mainEntityOfPage":{"@id":"https:\/\/kunsthallemessmer.de\/fr\/artistes\/pierre-staechlin\/"},"wordCount":184,"publisher":{"@id":"https:\/\/kunsthallemessmer.de\/fr\/#organization"},"image":{"@id":"https:\/\/kunsthallemessmer.de\/fr\/artistes\/pierre-staechlin\/#primaryimage"},"thumbnailUrl":"https:\/\/kunsthallemessmer.de\/wp-content\/uploads\/2022\/04\/Peter-Staechlin-o.T.-1984-Acryl-auf-Leinwand-100-x-100-cm.jpg","articleSection":["Artistes"],"inLanguage":"fr-FR"},{"@type":"WebPage","@id":"https:\/\/kunsthallemessmer.de\/fr\/artistes\/pierre-staechlin\/","url":"https:\/\/kunsthallemessmer.de\/fr\/artistes\/pierre-staechlin\/","name":"Peter Staechelin - Kunsthalle Messmer","isPartOf":{"@id":"https:\/\/kunsthallemessmer.de\/fr\/#website"},"primaryImageOfPage":{"@id":"https:\/\/kunsthallemessmer.de\/fr\/artistes\/pierre-staechlin\/#primaryimage"},"image":{"@id":"https:\/\/kunsthallemessmer.de\/fr\/artistes\/pierre-staechlin\/#primaryimage"},"thumbnailUrl":"https:\/\/kunsthallemessmer.de\/wp-content\/uploads\/2022\/04\/Peter-Staechlin-o.T.-1984-Acryl-auf-Leinwand-100-x-100-cm.jpg","datePublished":"2022-04-08T13:30:40+00:00","dateModified":"2024-12-10T08:34:13+00:00","breadcrumb":{"@id":"https:\/\/kunsthallemessmer.de\/fr\/artistes\/pierre-staechlin\/#breadcrumb"},"inLanguage":"fr-FR","potentialAction":[{"@type":"ReadAction","target":["https:\/\/kunsthallemessmer.de\/fr\/artistes\/pierre-staechlin\/"]}]},{"@type":"ImageObject","inLanguage":"fr-FR","@id":"https:\/\/kunsthallemessmer.de\/fr\/artistes\/pierre-staechlin\/#primaryimage","url":"https:\/\/kunsthallemessmer.de\/wp-content\/uploads\/2022\/04\/Peter-Staechlin-o.T.-1984-Acryl-auf-Leinwand-100-x-100-cm.jpg","contentUrl":"https:\/\/kunsthallemessmer.de\/wp-content\/uploads\/2022\/04\/Peter-Staechlin-o.T.-1984-Acryl-auf-Leinwand-100-x-100-cm.jpg"},{"@type":"BreadcrumbList","@id":"https:\/\/kunsthallemessmer.de\/fr\/artistes\/pierre-staechlin\/#breadcrumb","itemListElement":[{"@type":"ListItem","position":1,"name":"Startseite","item":"https:\/\/kunsthallemessmer.de\/fr\/apercu\/"},{"@type":"ListItem","position":2,"name":"Peter Staechelin"}]},{"@type":"WebSite","@id":"https:\/\/kunsthallemessmer.de\/fr\/#website","url":"https:\/\/kunsthallemessmer.de\/fr\/","name":"Kunsthalle Messmer","description":"Riegel am Kaiserstuhl","publisher":{"@id":"https:\/\/kunsthallemessmer.de\/fr\/#organization"},"potentialAction":[{"@type":"SearchAction","target":{"@type":"EntryPoint","urlTemplate":"https:\/\/kunsthallemessmer.de\/fr\/?s={search_term_string}"},"query-input":{"@type":"PropertyValueSpecification","valueRequired":true,"valueName":"search_term_string"}}],"inLanguage":"fr-FR"},{"@type":"Organization","@id":"https:\/\/kunsthallemessmer.de\/fr\/#organization","name":"Kunsthalle Messmer","url":"https:\/\/kunsthallemessmer.de\/fr\/","logo":{"@type":"ImageObject","inLanguage":"fr-FR","@id":"https:\/\/kunsthallemessmer.de\/fr\/#\/schema\/logo\/image\/","url":"https:\/\/kunsthallemessmer.de\/wp-content\/uploads\/2022\/04\/kunsthalle_messmer_pos-2-png.png","contentUrl":"https:\/\/kunsthallemessmer.de\/wp-content\/uploads\/2022\/04\/kunsthalle_messmer_pos-2-png.png","width":2412,"height":434,"caption":"Kunsthalle Messmer"},"image":{"@id":"https:\/\/kunsthallemessmer.de\/fr\/#\/schema\/logo\/image\/"}},{"@type":"Person","@id":"https:\/\/kunsthallemessmer.de\/fr\/#\/schema\/person\/24f7ee6ec431a05000425936de23c890","name":"Erik Lachfeld","image":{"@type":"ImageObject","inLanguage":"fr-FR","@id":"https:\/\/secure.gravatar.com\/avatar\/d5d42cc40010ba9998f57d7cebaf2952e1274f5c452ff570f85bbee0f9ecb43a?s=96&d=mm&r=g","url":"https:\/\/secure.gravatar.com\/avatar\/d5d42cc40010ba9998f57d7cebaf2952e1274f5c452ff570f85bbee0f9ecb43a?s=96&d=mm&r=g","contentUrl":"https:\/\/secure.gravatar.com\/avatar\/d5d42cc40010ba9998f57d7cebaf2952e1274f5c452ff570f85bbee0f9ecb43a?s=96&d=mm&r=g","caption":"Erik Lachfeld"},"url":"https:\/\/kunsthallemessmer.de\/fr\/author\/erik-lachfeld\/"}]}},"_links":{"self":[{"href":"https:\/\/kunsthallemessmer.de\/fr\/wp-json\/wp\/v2\/posts\/4047","targetHints":{"allow":["GET"]}}],"collection":[{"href":"https:\/\/kunsthallemessmer.de\/fr\/wp-json\/wp\/v2\/posts"}],"about":[{"href":"https:\/\/kunsthallemessmer.de\/fr\/wp-json\/wp\/v2\/types\/post"}],"author":[{"embeddable":true,"href":"https:\/\/kunsthallemessmer.de\/fr\/wp-json\/wp\/v2\/users\/3"}],"replies":[{"embeddable":true,"href":"https:\/\/kunsthallemessmer.de\/fr\/wp-json\/wp\/v2\/comments?post=4047"}],"version-history":[{"count":5,"href":"https:\/\/kunsthallemessmer.de\/fr\/wp-json\/wp\/v2\/posts\/4047\/revisions"}],"predecessor-version":[{"id":8748,"href":"https:\/\/kunsthallemessmer.de\/fr\/wp-json\/wp\/v2\/posts\/4047\/revisions\/8748"}],"wp:attachment":[{"href":"https:\/\/kunsthallemessmer.de\/fr\/wp-json\/wp\/v2\/media?parent=4047"}],"wp:term":[{"taxonomy":"category","embeddable":true,"href":"https:\/\/kunsthallemessmer.de\/fr\/wp-json\/wp\/v2\/categories?post=4047"},{"taxonomy":"post_tag","embeddable":true,"href":"https:\/\/kunsthallemessmer.de\/fr\/wp-json\/wp\/v2\/tags?post=4047"}],"curies":[{"name":"wp","href":"https:\/\/api.w.org\/{rel}","templated":true}]}}