{"id":4801,"date":"2022-03-29T11:15:00","date_gmt":"2022-03-29T09:15:00","guid":{"rendered":"https:\/\/kunsthallemessmer.de\/exposition\/les-grands-artistes-de-disney\/"},"modified":"2025-08-24T08:30:24","modified_gmt":"2025-08-24T06:30:24","slug":"les-grands-artistes-de-disney","status":"publish","type":"post","link":"https:\/\/kunsthallemessmer.de\/fr\/exposition\/les-grands-artistes-de-disney\/","title":{"rendered":"Les grands artistes de Disney"},"content":{"rendered":"\t\t<div data-elementor-type=\"wp-post\" data-elementor-id=\"4801\" class=\"elementor elementor-4801 elementor-4793\" data-elementor-post-type=\"post\">\n\t\t\t\t\t\t<section class=\"elementor-section elementor-top-section elementor-element elementor-element-6252c4f elementor-section-boxed elementor-section-height-default elementor-section-height-default\" data-id=\"6252c4f\" data-element_type=\"section\" data-e-type=\"section\">\n\t\t\t\t\t\t<div class=\"elementor-container elementor-column-gap-default\">\n\t\t\t\t\t<div class=\"elementor-column elementor-col-100 elementor-top-column elementor-element elementor-element-60c6adc\" data-id=\"60c6adc\" data-element_type=\"column\" data-e-type=\"column\">\n\t\t\t<div class=\"elementor-widget-wrap elementor-element-populated\">\n\t\t\t\t\t\t<div class=\"elementor-element elementor-element-4649f3c elementor-widget elementor-widget-heading\" data-id=\"4649f3c\" data-element_type=\"widget\" data-e-type=\"widget\" data-widget_type=\"heading.default\">\n\t\t\t\t<div class=\"elementor-widget-container\">\n\t\t\t\t\t<h1 class=\"elementor-heading-title elementor-size-default\">Les grands artistes de Disney<\/h1>\t\t\t\t<\/div>\n\t\t\t\t<\/div>\n\t\t\t\t<div class=\"elementor-element elementor-element-b06ada8 elementor-widget elementor-widget-heading\" data-id=\"b06ada8\" data-element_type=\"widget\" data-e-type=\"widget\" data-widget_type=\"heading.default\">\n\t\t\t\t<div class=\"elementor-widget-container\">\n\t\t\t\t\t<h4 class=\"elementor-heading-title elementor-size-default\">Barks, Taliaferro et Gottfredson<br>05 mars 2022 - 26 juin 2022<\/h4>\t\t\t\t<\/div>\n\t\t\t\t<\/div>\n\t\t\t\t<div class=\"elementor-element elementor-element-4a4c6e6 elementor-widget elementor-widget-text-editor\" data-id=\"4a4c6e6\" data-element_type=\"widget\" data-e-type=\"widget\" data-widget_type=\"text-editor.default\">\n\t\t\t\t<div class=\"elementor-widget-container\">\n\t\t\t\t\t\t\t\t\t<p>Du <strong>05.03.2022 au 26.06.2022<\/strong>, <strong>Mickey, Donald et leurs amis<\/strong> s&rsquo;\u00e9battent dans la kunsthalle messmer. L&rsquo;exposition <strong>\u00ab\u00a0Disney&rsquo;s Great Draftsmen\u00a0\u00bb<\/strong> pr\u00e9sente les \u0153uvres des dessinateurs innovants de Walt Disney &#8211; <strong>Carl Barks, Al Taliaferro et Floyd Gottfredson<\/strong> &#8211; et aborde ainsi le th\u00e8me de l&rsquo;art pictural s\u00e9quentiel du XXe si\u00e8cle. \u00c0 partir de <strong>croquis et de storyboards<\/strong> originaux des ann\u00e9es 1933 \u00e0 1995, la r\u00e9f\u00e9rence aux dessins anim\u00e9s comme les premi\u00e8res <strong>Silly Symphonies<\/strong> est pr\u00e9sent\u00e9e et l&rsquo;interface interm\u00e9dia entre <strong>bande dessin\u00e9e et film d&rsquo;animation<\/strong> est ainsi abord\u00e9e.  <\/p>\t\t\t\t\t\t\t\t<\/div>\n\t\t\t\t<\/div>\n\t\t\t\t<section class=\"elementor-section elementor-inner-section elementor-element elementor-element-097cd3e elementor-section-boxed elementor-section-height-default elementor-section-height-default\" data-id=\"097cd3e\" data-element_type=\"section\" data-e-type=\"section\">\n\t\t\t\t\t\t<div class=\"elementor-container elementor-column-gap-no\">\n\t\t\t\t\t<div class=\"elementor-column elementor-col-33 elementor-inner-column elementor-element elementor-element-7853eab\" data-id=\"7853eab\" data-element_type=\"column\" data-e-type=\"column\">\n\t\t\t<div class=\"elementor-widget-wrap elementor-element-populated\">\n\t\t\t\t\t\t<div class=\"elementor-element elementor-element-a11b492 elementor-widget elementor-widget-image\" data-id=\"a11b492\" data-element_type=\"widget\" data-e-type=\"widget\" data-widget_type=\"image.default\">\n\t\t\t\t<div class=\"elementor-widget-container\">\n\t\t\t\t\t\t\t\t\t\t\t\t<figure class=\"wp-caption\">\n\t\t\t\t\t\t\t\t\t\t<img fetchpriority=\"high\" decoding=\"async\" width=\"306\" height=\"384\" src=\"https:\/\/kunsthallemessmer.de\/wp-content\/uploads\/2022\/04\/walt_disney-Kopieklein.jpg\" class=\"attachment-large size-large wp-image-2803\" alt=\"\" srcset=\"https:\/\/kunsthallemessmer.de\/wp-content\/uploads\/2022\/04\/walt_disney-Kopieklein.jpg 306w, https:\/\/kunsthallemessmer.de\/wp-content\/uploads\/2022\/04\/walt_disney-Kopieklein-239x300.jpg 239w\" sizes=\"(max-width: 306px) 100vw, 306px\" \/>\t\t\t\t\t\t\t\t\t\t\t<figcaption class=\"widget-image-caption wp-caption-text\">Walt Disney \u00a9 Walt Disney Company 2022 \/ Courtesy Collection Reichelt et Brockmann<\/figcaption>\n\t\t\t\t\t\t\t\t\t\t<\/figure>\n\t\t\t\t\t\t\t\t\t<\/div>\n\t\t\t\t<\/div>\n\t\t\t\t\t<\/div>\n\t\t<\/div>\n\t\t\t\t<div class=\"elementor-column elementor-col-66 elementor-inner-column elementor-element elementor-element-8da1916\" data-id=\"8da1916\" data-element_type=\"column\" data-e-type=\"column\">\n\t\t\t<div class=\"elementor-widget-wrap elementor-element-populated\">\n\t\t\t\t\t\t<div class=\"elementor-element elementor-element-52350c6 elementor-widget elementor-widget-text-editor\" data-id=\"52350c6\" data-element_type=\"widget\" data-e-type=\"widget\" data-widget_type=\"text-editor.default\">\n\t\t\t\t<div class=\"elementor-widget-container\">\n\t\t\t\t\t\t\t\t\t<p>L&rsquo;exposition montre le chemin <strong>de l&rsquo;esquisse \u00e0 la bande dessin\u00e9e finie<\/strong> et plonge dans les coulisses en montrant <strong>les m\u00e9thodes de travail<\/strong> des <strong>cr\u00e9ateurs des personnages mondialement connus<\/strong> . Les ma\u00eetres anciens sont \u00e9galement juxtapos\u00e9s aux <strong>dessinateurs contemporains<\/strong> , ce qui permet de comprendre le long <strong>d\u00e9veloppement des personnages de bande dessin\u00e9e populaires<\/strong> des d\u00e9buts \u00e0 nos jours. Attendez-vous \u00e0 <strong>des expositions extraordinaires<\/strong> avec une valeur de raret\u00e9&nbsp;!  <\/p>\t\t\t\t\t\t\t\t<\/div>\n\t\t\t\t<\/div>\n\t\t\t\t\t<\/div>\n\t\t<\/div>\n\t\t\t\t\t<\/div>\n\t\t<\/section>\n\t\t\t\t<div class=\"elementor-element elementor-element-f224174 elementor-widget elementor-widget-text-editor\" data-id=\"f224174\" data-element_type=\"widget\" data-e-type=\"widget\" data-widget_type=\"text-editor.default\">\n\t\t\t\t<div class=\"elementor-widget-container\">\n\t\t\t\t\t\t\t\t\t<p>Le dessinateur le plus connu de Disney <strong>, Carl Barks <\/strong>(1901 &#8211; 2000), n&rsquo;a rejoint les studios Disney que dans la trentaine et a d&rsquo;abord travaill\u00e9 pour le <strong>d\u00e9partement des dessins anim\u00e9s<\/strong>. Avec le court-m\u00e9trage <strong>Mickey Mouse<\/strong> <strong><em>Thru the Mirror<\/em><\/strong> de 1936, il fait ses d\u00e9buts en tant que dessinateur. <\/p>\t\t\t\t\t\t\t\t<\/div>\n\t\t\t\t<\/div>\n\t\t\t\t<section class=\"elementor-section elementor-inner-section elementor-element elementor-element-7c542e1 elementor-section-boxed elementor-section-height-default elementor-section-height-default\" data-id=\"7c542e1\" data-element_type=\"section\" data-e-type=\"section\">\n\t\t\t\t\t\t<div class=\"elementor-container elementor-column-gap-no\">\n\t\t\t\t\t<div class=\"elementor-column elementor-col-33 elementor-inner-column elementor-element elementor-element-4bf97a8\" data-id=\"4bf97a8\" data-element_type=\"column\" data-e-type=\"column\">\n\t\t\t<div class=\"elementor-widget-wrap elementor-element-populated\">\n\t\t\t\t\t\t<div class=\"elementor-element elementor-element-bb26e2e elementor-widget elementor-widget-image\" data-id=\"bb26e2e\" data-element_type=\"widget\" data-e-type=\"widget\" data-widget_type=\"image.default\">\n\t\t\t\t<div class=\"elementor-widget-container\">\n\t\t\t\t\t\t\t\t\t\t\t\t<figure class=\"wp-caption\">\n\t\t\t\t\t\t\t\t\t\t<img decoding=\"async\" width=\"366\" height=\"335\" src=\"https:\/\/kunsthallemessmer.de\/wp-content\/uploads\/2022\/04\/Barks-1960er-Jahre-klein.jpg\" class=\"attachment-large size-large wp-image-2805\" alt=\"\" srcset=\"https:\/\/kunsthallemessmer.de\/wp-content\/uploads\/2022\/04\/Barks-1960er-Jahre-klein.jpg 366w, https:\/\/kunsthallemessmer.de\/wp-content\/uploads\/2022\/04\/Barks-1960er-Jahre-klein-300x275.jpg 300w\" sizes=\"(max-width: 366px) 100vw, 366px\" \/>\t\t\t\t\t\t\t\t\t\t\t<figcaption class=\"widget-image-caption wp-caption-text\">Carl Barks \u00a9 Walt Disney Company 2022 \/ Avec l'aimable autorisation de la collection Reichelt et Brockmann<\/figcaption>\n\t\t\t\t\t\t\t\t\t\t<\/figure>\n\t\t\t\t\t\t\t\t\t<\/div>\n\t\t\t\t<\/div>\n\t\t\t\t\t<\/div>\n\t\t<\/div>\n\t\t\t\t<div class=\"elementor-column elementor-col-66 elementor-inner-column elementor-element elementor-element-b496a38\" data-id=\"b496a38\" data-element_type=\"column\" data-e-type=\"column\">\n\t\t\t<div class=\"elementor-widget-wrap elementor-element-populated\">\n\t\t\t\t\t\t<div class=\"elementor-element elementor-element-7398a96 elementor-widget elementor-widget-text-editor\" data-id=\"7398a96\" data-element_type=\"widget\" data-e-type=\"widget\" data-widget_type=\"text-editor.default\">\n\t\t\t\t<div class=\"elementor-widget-container\">\n\t\t\t\t\t\t\t\t\t<p>De nombreux personnages encore populaires aujourd&rsquo;hui ont \u00e9t\u00e9 \u00e9crits par <strong>Carl Barks<\/strong> , tels que <strong>Scrooge McDuck<\/strong> , <strong>Gyro Gearloose<\/strong> et <strong>Gustav Gans<\/strong> . Barks a \u00e9galement repr\u00e9sent\u00e9 les habitants de <strong>Duckburg<\/strong> sous des formes d&rsquo;art autres que la bande dessin\u00e9e. Entre autres choses, <strong>certains graphiques imprim\u00e9s<\/strong> seront \u00e9galement expos\u00e9s.  <\/p><p>Le canard <strong>Donald Duck<\/strong>, cr\u00e9\u00e9 par le dessinateur <strong>Al Taliaferro <\/strong>(1905 &#8211; 1969), fait sa premi\u00e8re apparition en 1934 dans le court m\u00e9trage <em>The Wise Little Hen<\/em>. Par la suite, Donald est connu par les <strong><em>Silly Symphonies<\/em><\/strong> dans les ann\u00e9es 1930. Donald Duck en tant que bande dessin\u00e9e n&rsquo;\u00e9tait pas pr\u00e9vu \u00e0 l&rsquo;origine et <strong>ce n&rsquo;est qu&rsquo;en 1938<\/strong>, apr\u00e8s un long travail de persuasion de la part d&rsquo;Al Taliaferro, qu&rsquo;il a pu \u00eatre r\u00e9alis\u00e9 sous forme de daily (strip quotidien \/ daily strip) dans le Pasadena Star News. Plus tard, Al Taliaferro \u00e9largit le r\u00e9pertoire des canards en y ajoutant, entre autres, la fianc\u00e9e de Donald <strong>, Daisy Duck<\/strong>, et ses neveux <strong>Tick, Trick et Track<\/strong>.   <\/p>\t\t\t\t\t\t\t\t<\/div>\n\t\t\t\t<\/div>\n\t\t\t\t\t<\/div>\n\t\t<\/div>\n\t\t\t\t\t<\/div>\n\t\t<\/section>\n\t\t\t\t<div class=\"elementor-element elementor-element-e720933 elementor-widget elementor-widget-text-editor\" data-id=\"e720933\" data-element_type=\"widget\" data-e-type=\"widget\" data-widget_type=\"text-editor.default\">\n\t\t\t\t<div class=\"elementor-widget-container\">\n\t\t\t\t\t\t\t\t\t<p><strong>Floyd Gottfredson<\/strong> (1905-1986), le grand Mouse Man, a d&rsquo;abord dessin\u00e9 pour la s\u00e9rie de films <strong><em>Silly Symphonies<\/em><\/strong> et donne vie aux histoires de Mickey Mouse depuis les ann\u00e9es 1930.<\/p>\t\t\t\t\t\t\t\t<\/div>\n\t\t\t\t<\/div>\n\t\t\t\t<section class=\"elementor-section elementor-inner-section elementor-element elementor-element-6b7e19f elementor-section-boxed elementor-section-height-default elementor-section-height-default\" data-id=\"6b7e19f\" data-element_type=\"section\" data-e-type=\"section\">\n\t\t\t\t\t\t<div class=\"elementor-container elementor-column-gap-no\">\n\t\t\t\t\t<div class=\"elementor-column elementor-col-33 elementor-inner-column elementor-element elementor-element-1aeb278\" data-id=\"1aeb278\" data-element_type=\"column\" data-e-type=\"column\">\n\t\t\t<div class=\"elementor-widget-wrap elementor-element-populated\">\n\t\t\t\t\t\t<div class=\"elementor-element elementor-element-abb6e78 elementor-widget elementor-widget-image\" data-id=\"abb6e78\" data-element_type=\"widget\" data-e-type=\"widget\" data-widget_type=\"image.default\">\n\t\t\t\t<div class=\"elementor-widget-container\">\n\t\t\t\t\t\t\t\t\t\t\t\t<figure class=\"wp-caption\">\n\t\t\t\t\t\t\t\t\t\t<img decoding=\"async\" width=\"355\" height=\"276\" src=\"https:\/\/kunsthallemessmer.de\/wp-content\/uploads\/2022\/04\/gottfredson_portraet_1980er-Kopie_klein.jpg\" class=\"attachment-large size-large wp-image-2807\" alt=\"\" srcset=\"https:\/\/kunsthallemessmer.de\/wp-content\/uploads\/2022\/04\/gottfredson_portraet_1980er-Kopie_klein.jpg 355w, https:\/\/kunsthallemessmer.de\/wp-content\/uploads\/2022\/04\/gottfredson_portraet_1980er-Kopie_klein-300x233.jpg 300w\" sizes=\"(max-width: 355px) 100vw, 355px\" \/>\t\t\t\t\t\t\t\t\t\t\t<figcaption class=\"widget-image-caption wp-caption-text\">Floyd Gottfredson \u00a9 Walt Disney Company 2022 \/ Courtesy Reichelt and Brockmann Collection<\/figcaption>\n\t\t\t\t\t\t\t\t\t\t<\/figure>\n\t\t\t\t\t\t\t\t\t<\/div>\n\t\t\t\t<\/div>\n\t\t\t\t\t<\/div>\n\t\t<\/div>\n\t\t\t\t<div class=\"elementor-column elementor-col-66 elementor-inner-column elementor-element elementor-element-cf81a6d\" data-id=\"cf81a6d\" data-element_type=\"column\" data-e-type=\"column\">\n\t\t\t<div class=\"elementor-widget-wrap elementor-element-populated\">\n\t\t\t\t\t\t<div class=\"elementor-element elementor-element-e06a94e elementor-widget elementor-widget-text-editor\" data-id=\"e06a94e\" data-element_type=\"widget\" data-e-type=\"widget\" data-widget_type=\"text-editor.default\">\n\t\t\t\t<div class=\"elementor-widget-container\">\n\t\t\t\t\t\t\t\t\t<p>Au d\u00e9but, il a dessin\u00e9 les soi-disant <strong>bandes quotidiennes<\/strong> en noir et blanc, mais <strong>\u00e0 partir de 1932, il a<\/strong> \u00e9galement \u00e9t\u00e9 charg\u00e9 de concevoir <strong>des pages du dimanche en couleur<\/strong> sur Mickey Mouse. Jusqu&rsquo;\u00e0 ce que Bill Walsh soit embauch\u00e9 par Disney, Gottfredson \u00e9tait seul responsable des intrigues des histoires de Mickey. Depuis qu&rsquo;il a m\u00eame \u00e9dit\u00e9 le <strong>dialogue<\/strong> des paroliers, l&rsquo;\u00e9volution de <strong>l&rsquo;histoire et des personnages<\/strong> est <strong>coh\u00e9rente<\/strong> au fil des ans.  <\/p><p>Jan Gulbransson (*1949) est le petit-fils du c\u00e9l\u00e8bre <strong>peintre<\/strong> et <strong>graphiste<\/strong> Olaf Gulbransson. En termes de <strong>personnages<\/strong> et de <strong>style narratif<\/strong> , il suit ses <strong>pr\u00e9d\u00e9cesseurs<\/strong> et son mod\u00e8le Carl Barks, tandis que ses th\u00e8mes se font plus <strong>contemporains<\/strong> . <\/p>\t\t\t\t\t\t\t\t<\/div>\n\t\t\t\t<\/div>\n\t\t\t\t\t<\/div>\n\t\t<\/div>\n\t\t\t\t\t<\/div>\n\t\t<\/section>\n\t\t\t\t<div class=\"elementor-element elementor-element-b7a2a43 elementor-widget elementor-widget-text-editor\" data-id=\"b7a2a43\" data-element_type=\"widget\" data-e-type=\"widget\" data-widget_type=\"text-editor.default\">\n\t\t\t\t<div class=\"elementor-widget-container\">\n\t\t\t\t\t\t\t\t\t<p><strong>Ulrich Schr\u00f6der<\/strong> (*1964) est l&rsquo;un des <strong>graphistes et dessinateurs de bandes dessin\u00e9es allemands les plus c\u00e9l\u00e8bres et<\/strong> s&rsquo;est fait conna\u00eetre en tant que directeur artistique et illustrateur de bandes dessin\u00e9es Disney. Il a con\u00e7u les illustrations et le mat\u00e9riel promotionnel de Disney pendant 17 ans. En 2006, Schr\u00f6der quitte Disney Europe et fonde le <strong>studio Duckworks<\/strong> . Entre autres, il s&rsquo;est fait conna\u00eetre pour ses <strong>dessins grand format de Donald Duck<\/strong> et ses couvertures pour les livrets europ\u00e9ens de Disney.   <\/p>\t\t\t\t\t\t\t\t<\/div>\n\t\t\t\t<\/div>\n\t\t\t\t\t<\/div>\n\t\t<\/div>\n\t\t\t\t\t<\/div>\n\t\t<\/section>\n\t\t\t\t<\/div>\n\t\t","protected":false},"excerpt":{"rendered":"<p>05.03.2022 &#8211; 26.06.2022<\/p>\n","protected":false},"author":3,"featured_media":0,"comment_status":"closed","ping_status":"open","sticky":false,"template":"","format":"standard","meta":{"footnotes":""},"categories":[17],"tags":[],"class_list":["post-4801","post","type-post","status-publish","format-standard","hentry","category-exposition"],"yoast_head":"<!-- This site is optimized with the Yoast SEO plugin v27.4 - https:\/\/yoast.com\/product\/yoast-seo-wordpress\/ -->\n<title>Les grands artistes de Disney - Kunsthalle Messmer<\/title>\n<meta name=\"robots\" content=\"index, follow, max-snippet:-1, max-image-preview:large, max-video-preview:-1\" \/>\n<link rel=\"canonical\" href=\"https:\/\/kunsthallemessmer.de\/fr\/exposition\/les-grands-artistes-de-disney\/\" \/>\n<meta property=\"og:locale\" content=\"fr_FR\" \/>\n<meta property=\"og:type\" content=\"article\" \/>\n<meta property=\"og:title\" content=\"Les grands artistes de Disney - Kunsthalle Messmer\" \/>\n<meta property=\"og:description\" content=\"05.03.2022 - 26.06.2022\" \/>\n<meta property=\"og:url\" content=\"https:\/\/kunsthallemessmer.de\/fr\/exposition\/les-grands-artistes-de-disney\/\" \/>\n<meta property=\"og:site_name\" content=\"Kunsthalle Messmer\" \/>\n<meta property=\"article:published_time\" content=\"2022-03-29T09:15:00+00:00\" \/>\n<meta property=\"article:modified_time\" content=\"2025-08-24T06:30:24+00:00\" \/>\n<meta property=\"og:image\" content=\"https:\/\/kunsthallemessmer.de\/wp-content\/uploads\/2022\/04\/walt_disney-Kopieklein.jpg\" \/>\n\t<meta property=\"og:image:width\" content=\"306\" \/>\n\t<meta property=\"og:image:height\" content=\"384\" \/>\n\t<meta property=\"og:image:type\" content=\"image\/jpeg\" \/>\n<meta name=\"author\" content=\"Erik Lachfeld\" \/>\n<meta name=\"twitter:card\" content=\"summary_large_image\" \/>\n<meta name=\"twitter:label1\" content=\"\u00c9crit par\" \/>\n\t<meta name=\"twitter:data1\" content=\"Erik Lachfeld\" \/>\n\t<meta name=\"twitter:label2\" content=\"Dur\u00e9e de lecture estim\u00e9e\" \/>\n\t<meta name=\"twitter:data2\" content=\"3 minutes\" \/>\n<script type=\"application\/ld+json\" class=\"yoast-schema-graph\">{\"@context\":\"https:\\\/\\\/schema.org\",\"@graph\":[{\"@type\":\"Article\",\"@id\":\"https:\\\/\\\/kunsthallemessmer.de\\\/fr\\\/exposition\\\/les-grands-artistes-de-disney\\\/#article\",\"isPartOf\":{\"@id\":\"https:\\\/\\\/kunsthallemessmer.de\\\/fr\\\/exposition\\\/les-grands-artistes-de-disney\\\/\"},\"author\":{\"name\":\"Erik Lachfeld\",\"@id\":\"https:\\\/\\\/kunsthallemessmer.de\\\/fr\\\/#\\\/schema\\\/person\\\/24f7ee6ec431a05000425936de23c890\"},\"headline\":\"Les grands artistes de Disney\",\"datePublished\":\"2022-03-29T09:15:00+00:00\",\"dateModified\":\"2025-08-24T06:30:24+00:00\",\"mainEntityOfPage\":{\"@id\":\"https:\\\/\\\/kunsthallemessmer.de\\\/fr\\\/exposition\\\/les-grands-artistes-de-disney\\\/\"},\"wordCount\":690,\"publisher\":{\"@id\":\"https:\\\/\\\/kunsthallemessmer.de\\\/fr\\\/#organization\"},\"image\":{\"@id\":\"https:\\\/\\\/kunsthallemessmer.de\\\/fr\\\/exposition\\\/les-grands-artistes-de-disney\\\/#primaryimage\"},\"thumbnailUrl\":\"https:\\\/\\\/kunsthallemessmer.de\\\/wp-content\\\/uploads\\\/2022\\\/04\\\/walt_disney-Kopieklein.jpg\",\"articleSection\":[\"exposition\"],\"inLanguage\":\"fr-FR\"},{\"@type\":\"WebPage\",\"@id\":\"https:\\\/\\\/kunsthallemessmer.de\\\/fr\\\/exposition\\\/les-grands-artistes-de-disney\\\/\",\"url\":\"https:\\\/\\\/kunsthallemessmer.de\\\/fr\\\/exposition\\\/les-grands-artistes-de-disney\\\/\",\"name\":\"Les grands artistes de Disney - Kunsthalle Messmer\",\"isPartOf\":{\"@id\":\"https:\\\/\\\/kunsthallemessmer.de\\\/fr\\\/#website\"},\"primaryImageOfPage\":{\"@id\":\"https:\\\/\\\/kunsthallemessmer.de\\\/fr\\\/exposition\\\/les-grands-artistes-de-disney\\\/#primaryimage\"},\"image\":{\"@id\":\"https:\\\/\\\/kunsthallemessmer.de\\\/fr\\\/exposition\\\/les-grands-artistes-de-disney\\\/#primaryimage\"},\"thumbnailUrl\":\"https:\\\/\\\/kunsthallemessmer.de\\\/wp-content\\\/uploads\\\/2022\\\/04\\\/walt_disney-Kopieklein.jpg\",\"datePublished\":\"2022-03-29T09:15:00+00:00\",\"dateModified\":\"2025-08-24T06:30:24+00:00\",\"breadcrumb\":{\"@id\":\"https:\\\/\\\/kunsthallemessmer.de\\\/fr\\\/exposition\\\/les-grands-artistes-de-disney\\\/#breadcrumb\"},\"inLanguage\":\"fr-FR\",\"potentialAction\":[{\"@type\":\"ReadAction\",\"target\":[\"https:\\\/\\\/kunsthallemessmer.de\\\/fr\\\/exposition\\\/les-grands-artistes-de-disney\\\/\"]}]},{\"@type\":\"ImageObject\",\"inLanguage\":\"fr-FR\",\"@id\":\"https:\\\/\\\/kunsthallemessmer.de\\\/fr\\\/exposition\\\/les-grands-artistes-de-disney\\\/#primaryimage\",\"url\":\"https:\\\/\\\/kunsthallemessmer.de\\\/wp-content\\\/uploads\\\/2022\\\/04\\\/walt_disney-Kopieklein.jpg\",\"contentUrl\":\"https:\\\/\\\/kunsthallemessmer.de\\\/wp-content\\\/uploads\\\/2022\\\/04\\\/walt_disney-Kopieklein.jpg\"},{\"@type\":\"BreadcrumbList\",\"@id\":\"https:\\\/\\\/kunsthallemessmer.de\\\/fr\\\/exposition\\\/les-grands-artistes-de-disney\\\/#breadcrumb\",\"itemListElement\":[{\"@type\":\"ListItem\",\"position\":1,\"name\":\"Startseite\",\"item\":\"https:\\\/\\\/kunsthallemessmer.de\\\/fr\\\/apercu\\\/\"},{\"@type\":\"ListItem\",\"position\":2,\"name\":\"Les grands artistes de Disney\"}]},{\"@type\":\"WebSite\",\"@id\":\"https:\\\/\\\/kunsthallemessmer.de\\\/fr\\\/#website\",\"url\":\"https:\\\/\\\/kunsthallemessmer.de\\\/fr\\\/\",\"name\":\"Kunsthalle Messmer\",\"description\":\"Riegel am Kaiserstuhl\",\"publisher\":{\"@id\":\"https:\\\/\\\/kunsthallemessmer.de\\\/fr\\\/#organization\"},\"potentialAction\":[{\"@type\":\"SearchAction\",\"target\":{\"@type\":\"EntryPoint\",\"urlTemplate\":\"https:\\\/\\\/kunsthallemessmer.de\\\/fr\\\/?s={search_term_string}\"},\"query-input\":{\"@type\":\"PropertyValueSpecification\",\"valueRequired\":true,\"valueName\":\"search_term_string\"}}],\"inLanguage\":\"fr-FR\"},{\"@type\":\"Organization\",\"@id\":\"https:\\\/\\\/kunsthallemessmer.de\\\/fr\\\/#organization\",\"name\":\"Kunsthalle Messmer\",\"url\":\"https:\\\/\\\/kunsthallemessmer.de\\\/fr\\\/\",\"logo\":{\"@type\":\"ImageObject\",\"inLanguage\":\"fr-FR\",\"@id\":\"https:\\\/\\\/kunsthallemessmer.de\\\/fr\\\/#\\\/schema\\\/logo\\\/image\\\/\",\"url\":\"https:\\\/\\\/kunsthallemessmer.de\\\/wp-content\\\/uploads\\\/2022\\\/04\\\/kunsthalle_messmer_pos-2-png.png\",\"contentUrl\":\"https:\\\/\\\/kunsthallemessmer.de\\\/wp-content\\\/uploads\\\/2022\\\/04\\\/kunsthalle_messmer_pos-2-png.png\",\"width\":2412,\"height\":434,\"caption\":\"Kunsthalle Messmer\"},\"image\":{\"@id\":\"https:\\\/\\\/kunsthallemessmer.de\\\/fr\\\/#\\\/schema\\\/logo\\\/image\\\/\"}},{\"@type\":\"Person\",\"@id\":\"https:\\\/\\\/kunsthallemessmer.de\\\/fr\\\/#\\\/schema\\\/person\\\/24f7ee6ec431a05000425936de23c890\",\"name\":\"Erik Lachfeld\",\"image\":{\"@type\":\"ImageObject\",\"inLanguage\":\"fr-FR\",\"@id\":\"https:\\\/\\\/secure.gravatar.com\\\/avatar\\\/d5d42cc40010ba9998f57d7cebaf2952e1274f5c452ff570f85bbee0f9ecb43a?s=96&d=mm&r=g\",\"url\":\"https:\\\/\\\/secure.gravatar.com\\\/avatar\\\/d5d42cc40010ba9998f57d7cebaf2952e1274f5c452ff570f85bbee0f9ecb43a?s=96&d=mm&r=g\",\"contentUrl\":\"https:\\\/\\\/secure.gravatar.com\\\/avatar\\\/d5d42cc40010ba9998f57d7cebaf2952e1274f5c452ff570f85bbee0f9ecb43a?s=96&d=mm&r=g\",\"caption\":\"Erik Lachfeld\"},\"url\":\"https:\\\/\\\/kunsthallemessmer.de\\\/fr\\\/author\\\/erik-lachfeld\\\/\"}]}<\/script>\n<!-- \/ Yoast SEO plugin. -->","yoast_head_json":{"title":"Les grands artistes de Disney - Kunsthalle Messmer","robots":{"index":"index","follow":"follow","max-snippet":"max-snippet:-1","max-image-preview":"max-image-preview:large","max-video-preview":"max-video-preview:-1"},"canonical":"https:\/\/kunsthallemessmer.de\/fr\/exposition\/les-grands-artistes-de-disney\/","og_locale":"fr_FR","og_type":"article","og_title":"Les grands artistes de Disney - Kunsthalle Messmer","og_description":"05.03.2022 - 26.06.2022","og_url":"https:\/\/kunsthallemessmer.de\/fr\/exposition\/les-grands-artistes-de-disney\/","og_site_name":"Kunsthalle Messmer","article_published_time":"2022-03-29T09:15:00+00:00","article_modified_time":"2025-08-24T06:30:24+00:00","og_image":[{"width":306,"height":384,"url":"https:\/\/kunsthallemessmer.de\/wp-content\/uploads\/2022\/04\/walt_disney-Kopieklein.jpg","type":"image\/jpeg"}],"author":"Erik Lachfeld","twitter_card":"summary_large_image","twitter_misc":{"\u00c9crit par":"Erik Lachfeld","Dur\u00e9e de lecture estim\u00e9e":"3 minutes"},"schema":{"@context":"https:\/\/schema.org","@graph":[{"@type":"Article","@id":"https:\/\/kunsthallemessmer.de\/fr\/exposition\/les-grands-artistes-de-disney\/#article","isPartOf":{"@id":"https:\/\/kunsthallemessmer.de\/fr\/exposition\/les-grands-artistes-de-disney\/"},"author":{"name":"Erik Lachfeld","@id":"https:\/\/kunsthallemessmer.de\/fr\/#\/schema\/person\/24f7ee6ec431a05000425936de23c890"},"headline":"Les grands artistes de Disney","datePublished":"2022-03-29T09:15:00+00:00","dateModified":"2025-08-24T06:30:24+00:00","mainEntityOfPage":{"@id":"https:\/\/kunsthallemessmer.de\/fr\/exposition\/les-grands-artistes-de-disney\/"},"wordCount":690,"publisher":{"@id":"https:\/\/kunsthallemessmer.de\/fr\/#organization"},"image":{"@id":"https:\/\/kunsthallemessmer.de\/fr\/exposition\/les-grands-artistes-de-disney\/#primaryimage"},"thumbnailUrl":"https:\/\/kunsthallemessmer.de\/wp-content\/uploads\/2022\/04\/walt_disney-Kopieklein.jpg","articleSection":["exposition"],"inLanguage":"fr-FR"},{"@type":"WebPage","@id":"https:\/\/kunsthallemessmer.de\/fr\/exposition\/les-grands-artistes-de-disney\/","url":"https:\/\/kunsthallemessmer.de\/fr\/exposition\/les-grands-artistes-de-disney\/","name":"Les grands artistes de Disney - Kunsthalle Messmer","isPartOf":{"@id":"https:\/\/kunsthallemessmer.de\/fr\/#website"},"primaryImageOfPage":{"@id":"https:\/\/kunsthallemessmer.de\/fr\/exposition\/les-grands-artistes-de-disney\/#primaryimage"},"image":{"@id":"https:\/\/kunsthallemessmer.de\/fr\/exposition\/les-grands-artistes-de-disney\/#primaryimage"},"thumbnailUrl":"https:\/\/kunsthallemessmer.de\/wp-content\/uploads\/2022\/04\/walt_disney-Kopieklein.jpg","datePublished":"2022-03-29T09:15:00+00:00","dateModified":"2025-08-24T06:30:24+00:00","breadcrumb":{"@id":"https:\/\/kunsthallemessmer.de\/fr\/exposition\/les-grands-artistes-de-disney\/#breadcrumb"},"inLanguage":"fr-FR","potentialAction":[{"@type":"ReadAction","target":["https:\/\/kunsthallemessmer.de\/fr\/exposition\/les-grands-artistes-de-disney\/"]}]},{"@type":"ImageObject","inLanguage":"fr-FR","@id":"https:\/\/kunsthallemessmer.de\/fr\/exposition\/les-grands-artistes-de-disney\/#primaryimage","url":"https:\/\/kunsthallemessmer.de\/wp-content\/uploads\/2022\/04\/walt_disney-Kopieklein.jpg","contentUrl":"https:\/\/kunsthallemessmer.de\/wp-content\/uploads\/2022\/04\/walt_disney-Kopieklein.jpg"},{"@type":"BreadcrumbList","@id":"https:\/\/kunsthallemessmer.de\/fr\/exposition\/les-grands-artistes-de-disney\/#breadcrumb","itemListElement":[{"@type":"ListItem","position":1,"name":"Startseite","item":"https:\/\/kunsthallemessmer.de\/fr\/apercu\/"},{"@type":"ListItem","position":2,"name":"Les grands artistes de Disney"}]},{"@type":"WebSite","@id":"https:\/\/kunsthallemessmer.de\/fr\/#website","url":"https:\/\/kunsthallemessmer.de\/fr\/","name":"Kunsthalle Messmer","description":"Riegel am Kaiserstuhl","publisher":{"@id":"https:\/\/kunsthallemessmer.de\/fr\/#organization"},"potentialAction":[{"@type":"SearchAction","target":{"@type":"EntryPoint","urlTemplate":"https:\/\/kunsthallemessmer.de\/fr\/?s={search_term_string}"},"query-input":{"@type":"PropertyValueSpecification","valueRequired":true,"valueName":"search_term_string"}}],"inLanguage":"fr-FR"},{"@type":"Organization","@id":"https:\/\/kunsthallemessmer.de\/fr\/#organization","name":"Kunsthalle Messmer","url":"https:\/\/kunsthallemessmer.de\/fr\/","logo":{"@type":"ImageObject","inLanguage":"fr-FR","@id":"https:\/\/kunsthallemessmer.de\/fr\/#\/schema\/logo\/image\/","url":"https:\/\/kunsthallemessmer.de\/wp-content\/uploads\/2022\/04\/kunsthalle_messmer_pos-2-png.png","contentUrl":"https:\/\/kunsthallemessmer.de\/wp-content\/uploads\/2022\/04\/kunsthalle_messmer_pos-2-png.png","width":2412,"height":434,"caption":"Kunsthalle Messmer"},"image":{"@id":"https:\/\/kunsthallemessmer.de\/fr\/#\/schema\/logo\/image\/"}},{"@type":"Person","@id":"https:\/\/kunsthallemessmer.de\/fr\/#\/schema\/person\/24f7ee6ec431a05000425936de23c890","name":"Erik Lachfeld","image":{"@type":"ImageObject","inLanguage":"fr-FR","@id":"https:\/\/secure.gravatar.com\/avatar\/d5d42cc40010ba9998f57d7cebaf2952e1274f5c452ff570f85bbee0f9ecb43a?s=96&d=mm&r=g","url":"https:\/\/secure.gravatar.com\/avatar\/d5d42cc40010ba9998f57d7cebaf2952e1274f5c452ff570f85bbee0f9ecb43a?s=96&d=mm&r=g","contentUrl":"https:\/\/secure.gravatar.com\/avatar\/d5d42cc40010ba9998f57d7cebaf2952e1274f5c452ff570f85bbee0f9ecb43a?s=96&d=mm&r=g","caption":"Erik Lachfeld"},"url":"https:\/\/kunsthallemessmer.de\/fr\/author\/erik-lachfeld\/"}]}},"_links":{"self":[{"href":"https:\/\/kunsthallemessmer.de\/fr\/wp-json\/wp\/v2\/posts\/4801","targetHints":{"allow":["GET"]}}],"collection":[{"href":"https:\/\/kunsthallemessmer.de\/fr\/wp-json\/wp\/v2\/posts"}],"about":[{"href":"https:\/\/kunsthallemessmer.de\/fr\/wp-json\/wp\/v2\/types\/post"}],"author":[{"embeddable":true,"href":"https:\/\/kunsthallemessmer.de\/fr\/wp-json\/wp\/v2\/users\/3"}],"replies":[{"embeddable":true,"href":"https:\/\/kunsthallemessmer.de\/fr\/wp-json\/wp\/v2\/comments?post=4801"}],"version-history":[{"count":9,"href":"https:\/\/kunsthallemessmer.de\/fr\/wp-json\/wp\/v2\/posts\/4801\/revisions"}],"predecessor-version":[{"id":10381,"href":"https:\/\/kunsthallemessmer.de\/fr\/wp-json\/wp\/v2\/posts\/4801\/revisions\/10381"}],"wp:attachment":[{"href":"https:\/\/kunsthallemessmer.de\/fr\/wp-json\/wp\/v2\/media?parent=4801"}],"wp:term":[{"taxonomy":"category","embeddable":true,"href":"https:\/\/kunsthallemessmer.de\/fr\/wp-json\/wp\/v2\/categories?post=4801"},{"taxonomy":"post_tag","embeddable":true,"href":"https:\/\/kunsthallemessmer.de\/fr\/wp-json\/wp\/v2\/tags?post=4801"}],"curies":[{"name":"wp","href":"https:\/\/api.w.org\/{rel}","templated":true}]}}