{"id":6108,"date":"2023-03-17T12:47:28","date_gmt":"2023-03-17T11:47:28","guid":{"rendered":"https:\/\/kunsthallemessmer.de\/exposition\/art-de-la-lumiere\/"},"modified":"2023-03-17T12:50:46","modified_gmt":"2023-03-17T11:50:46","slug":"art-de-la-lumiere","status":"publish","type":"post","link":"https:\/\/kunsthallemessmer.de\/fr\/exposition\/art-de-la-lumiere\/","title":{"rendered":"Art de la lumi\u00e8re"},"content":{"rendered":"\t\t<div data-elementor-type=\"wp-post\" data-elementor-id=\"6108\" class=\"elementor elementor-6108 elementor-6101\" data-elementor-post-type=\"post\">\n\t\t\t\t\t\t<section class=\"elementor-section elementor-top-section elementor-element elementor-element-6156b02 elementor-section-boxed elementor-section-height-default elementor-section-height-default\" data-id=\"6156b02\" data-element_type=\"section\" data-e-type=\"section\">\n\t\t\t\t\t\t<div class=\"elementor-container elementor-column-gap-default\">\n\t\t\t\t\t<div class=\"elementor-column elementor-col-100 elementor-top-column elementor-element elementor-element-42e76dc\" data-id=\"42e76dc\" data-element_type=\"column\" data-e-type=\"column\">\n\t\t\t<div class=\"elementor-widget-wrap elementor-element-populated\">\n\t\t\t\t\t\t<div class=\"elementor-element elementor-element-0e8515d elementor-widget elementor-widget-heading\" data-id=\"0e8515d\" data-element_type=\"widget\" data-e-type=\"widget\" data-widget_type=\"heading.default\">\n\t\t\t\t<div class=\"elementor-widget-container\">\n\t\t\t\t\t<h2 class=\"elementor-heading-title elementor-size-default\">Art de la lumi\u00e8re<\/h2>\t\t\t\t<\/div>\n\t\t\t\t<\/div>\n\t\t\t\t<div class=\"elementor-element elementor-element-1736c11 elementor-widget elementor-widget-text-editor\" data-id=\"1736c11\" data-element_type=\"widget\" data-e-type=\"widget\" data-widget_type=\"text-editor.default\">\n\t\t\t\t<div class=\"elementor-widget-container\">\n\t\t\t\t\t\t\t\t\t<p>Au d\u00e9but, il y a la lumi\u00e8re : avec \u00ab\u00a0Que la lumi\u00e8re soit\u00a0\u00bb commence la divine  <br \/>histoire de la cr\u00e9ation, \u00e0 la fin de laquelle les \u00eatres humains voient \u00e9galement la lumi\u00e8re du monde.  <br \/>Dans son all\u00e9gorie de la caverne, Platon incitait d\u00e9j\u00e0 \u00e0 quitter le monde des ombres  <br \/>et de d\u00e9couvrir celle des couleurs&#8230; Le feu et le soleil comme source de chaleur sont pour le  <br \/>La lumi\u00e8re est indispensable \u00e0 l&rsquo;\u00eatre humain et la vision et la reconnaissance ne sont possibles que gr\u00e2ce \u00e0 la lumi\u00e8re.  <br \/>Depuis ses d\u00e9buts, l&rsquo;art s&rsquo;int\u00e9resse lui aussi \u00e0 la lumi\u00e8re : du th\u00e9\u00e2tre d&rsquo;ombres \u00e0 la musique, en passant par la danse et la musique classique.  <br \/>en passant par la conception de vitraux jusqu&rsquo;\u00e0 la repr\u00e9sentation de la lumi\u00e8re naturelle dans la  <br \/>\u00e0 l&rsquo;\u00e9poque baroque, par exemple dans la peinture en clair-obscur et dans les c\u00e9l\u00e8bres  <br \/>Pi\u00e8ces de nuit de Rembrandt, Caravaggio et autres.<br \/>Avec l&rsquo;invention de la lumi\u00e8re artificielle au 19e si\u00e8cle et la d\u00e9couverte d&rsquo;Einstein que la lumi\u00e8re  <br \/>\u00e0 la fois onde et particule, le triomphe de la lumi\u00e8re artificielle suit son cours : dans notre  <br \/>Dans la vie moderne, la lumi\u00e8re artificielle est omnipr\u00e9sente et il est difficile de s&rsquo;en passer.<br \/>Les artistes du 20e et 21e si\u00e8cle se penchent sur les nombreuses facettes  <br \/>de la lumi\u00e8re et d\u00e9couvrir la lumi\u00e8re artificielle elle-m\u00eame comme moyen d&rsquo;expression artistique : c&rsquo;est  <br \/>la naissance de l&rsquo;art lumineux. Picasso avait d\u00e9j\u00e0 d\u00e9couvert la peinture lumineuse : dans le  <br \/>Dans l&rsquo;obscurit\u00e9, il a \u00ab\u00a0peint\u00a0\u00bb en l&rsquo;air avec une lampe de poche, sur la photo, ces  <br \/>Traces de lumi\u00e8re visibles gr\u00e2ce \u00e0 un temps d&rsquo;exposition long.<br \/>L&rsquo;exposition LICHTKUNST r\u00e9unit d\u00e9sormais 18 artistes* majeurs de la sc\u00e8ne artistique contemporaine.  <br \/>sc\u00e8ne internationale de l&rsquo;art lumineux avec diff\u00e9rentes \u0153uvres et montrent le  <br \/>de ce mouvement artistique vivant : laissez-vous s\u00e9duire par la richesse des id\u00e9es  <br \/>enchant\u00e9s par la magie de la lumi\u00e8re !<br \/>Artistes participants :  <br \/>Werner Bauer, Antje Blumenstein, Hellmut Bruch, Walter Giers, Daniel Hausig, Hans Kotter,<br \/>Brigitte Kowanz, Margaret Marquardt, Yoshiyuki Miura, Fran\u00e7ois Morellet, Mitsouko Mori,<br \/>Miriam Prantl, Betty Rieckmann, Rosalie, Kilian Saueressig, Rainer Schmelzeisen, Hans  <br \/>Schork, Regine Schumann<\/p>\n\t\t\t\t\t\t\t\t<\/div>\n\t\t\t\t<\/div>\n\t\t\t\t<div class=\"elementor-element elementor-element-4ddd210 elementor-widget elementor-widget-gallery\" data-id=\"4ddd210\" data-element_type=\"widget\" data-e-type=\"widget\" data-settings=\"{&quot;gallery_layout&quot;:&quot;masonry&quot;,&quot;columns&quot;:3,&quot;lazyload&quot;:&quot;yes&quot;,&quot;columns_tablet&quot;:2,&quot;columns_mobile&quot;:1,&quot;gap&quot;:{&quot;unit&quot;:&quot;px&quot;,&quot;size&quot;:10,&quot;sizes&quot;:[]},&quot;gap_tablet&quot;:{&quot;unit&quot;:&quot;px&quot;,&quot;size&quot;:10,&quot;sizes&quot;:[]},&quot;gap_mobile&quot;:{&quot;unit&quot;:&quot;px&quot;,&quot;size&quot;:10,&quot;sizes&quot;:[]},&quot;link_to&quot;:&quot;file&quot;,&quot;overlay_background&quot;:&quot;yes&quot;,&quot;content_hover_animation&quot;:&quot;fade-in&quot;}\" data-widget_type=\"gallery.default\">\n\t\t\t\t<div class=\"elementor-widget-container\">\n\t\t\t\t\t\t\t<div class=\"elementor-gallery__container\">\n\t\t\t\t\t\t\t<a class=\"e-gallery-item elementor-gallery-item elementor-animated-content\" href=\"https:\/\/kunsthallemessmer.de\/wp-content\/uploads\/2022\/11\/Marquardt_Boundless-Space_2021_Pressemotiv-e1667746206803.jpg\" data-elementor-open-lightbox=\"yes\" data-elementor-lightbox-slideshow=\"4ddd210\" data-elementor-lightbox-title=\"Marquardt - Boundless Space 2021\" data-e-action-hash=\"#elementor-action%3Aaction%3Dlightbox%26settings%3DeyJpZCI6NTM4OSwidXJsIjoiaHR0cHM6XC9cL2t1bnN0aGFsbGVtZXNzbWVyLmRlXC93cC1jb250ZW50XC91cGxvYWRzXC8yMDIyXC8xMVwvTWFycXVhcmR0X0JvdW5kbGVzcy1TcGFjZV8yMDIxX1ByZXNzZW1vdGl2LWUxNjY3NzQ2MjA2ODAzLmpwZyIsInNsaWRlc2hvdyI6IjRkZGQyMTAifQ%3D%3D\">\n\t\t\t\t\t<div class=\"e-gallery-image elementor-gallery-item__image\" data-thumbnail=\"https:\/\/kunsthallemessmer.de\/wp-content\/uploads\/2022\/11\/Marquardt_Boundless-Space_2021_Pressemotiv-e1667746206803-768x737.jpg\" data-width=\"768\" data-height=\"737\" aria-label=\"\" role=\"img\" ><\/div>\n\t\t\t\t\t\t\t\t\t\t\t<div class=\"elementor-gallery-item__overlay\"><\/div>\n\t\t\t\t\t\t\t\t\t\t\t\t\t\t<\/a>\n\t\t\t\t\t\t\t<a class=\"e-gallery-item elementor-gallery-item elementor-animated-content\" href=\"https:\/\/kunsthallemessmer.de\/wp-content\/uploads\/2022\/11\/Daniel-Hausig_Wetterleuchten_5_2022.jpg\" data-elementor-open-lightbox=\"yes\" data-elementor-lightbox-slideshow=\"4ddd210\" data-elementor-lightbox-title=\"Daniel Hausig - Wetterleuchten 2022&lt;br&gt;\u00a9 Foto: Daniel Hausig, Rechte: VG Bildkunst Bonn 2022\" data-e-action-hash=\"#elementor-action%3Aaction%3Dlightbox%26settings%3DeyJpZCI6NTM5MiwidXJsIjoiaHR0cHM6XC9cL2t1bnN0aGFsbGVtZXNzbWVyLmRlXC93cC1jb250ZW50XC91cGxvYWRzXC8yMDIyXC8xMVwvRGFuaWVsLUhhdXNpZ19XZXR0ZXJsZXVjaHRlbl81XzIwMjIuanBnIiwic2xpZGVzaG93IjoiNGRkZDIxMCJ9\">\n\t\t\t\t\t<div class=\"e-gallery-image elementor-gallery-item__image\" data-thumbnail=\"https:\/\/kunsthallemessmer.de\/wp-content\/uploads\/2022\/11\/Daniel-Hausig_Wetterleuchten_5_2022-768x658.jpg\" data-width=\"768\" data-height=\"658\" aria-label=\"\" role=\"img\" ><\/div>\n\t\t\t\t\t\t\t\t\t\t\t<div class=\"elementor-gallery-item__overlay\"><\/div>\n\t\t\t\t\t\t\t\t\t\t\t\t\t\t<\/a>\n\t\t\t\t\t\t\t<a class=\"e-gallery-item elementor-gallery-item elementor-animated-content\" href=\"https:\/\/kunsthallemessmer.de\/wp-content\/uploads\/2022\/11\/2022-10-28_4469-Schille-e1667748028539.jpg\" data-elementor-open-lightbox=\"yes\" data-elementor-lightbox-slideshow=\"4ddd210\" data-e-action-hash=\"#elementor-action%3Aaction%3Dlightbox%26settings%3DeyJpZCI6NTM3NywidXJsIjoiaHR0cHM6XC9cL2t1bnN0aGFsbGVtZXNzbWVyLmRlXC93cC1jb250ZW50XC91cGxvYWRzXC8yMDIyXC8xMVwvMjAyMi0xMC0yOF80NDY5LVNjaGlsbGUtZTE2Njc3NDgwMjg1MzkuanBnIiwic2xpZGVzaG93IjoiNGRkZDIxMCJ9\">\n\t\t\t\t\t<div class=\"e-gallery-image elementor-gallery-item__image\" data-thumbnail=\"https:\/\/kunsthallemessmer.de\/wp-content\/uploads\/2022\/11\/2022-10-28_4469-Schille-e1667748028539-768x812.jpg\" data-width=\"768\" data-height=\"812\" aria-label=\"\" role=\"img\" ><\/div>\n\t\t\t\t\t\t\t\t\t\t\t<div class=\"elementor-gallery-item__overlay\"><\/div>\n\t\t\t\t\t\t\t\t\t\t\t\t\t\t<\/a>\n\t\t\t\t\t\t\t<a class=\"e-gallery-item elementor-gallery-item elementor-animated-content\" href=\"https:\/\/kunsthallemessmer.de\/wp-content\/uploads\/2022\/11\/20221101_120115-scaled-e1667737251610.jpg\" data-elementor-open-lightbox=\"yes\" data-elementor-lightbox-slideshow=\"4ddd210\" data-elementor-lightbox-title=\"Antje Blumenstein - Two colours\" data-e-action-hash=\"#elementor-action%3Aaction%3Dlightbox%26settings%3DeyJpZCI6NTM3NCwidXJsIjoiaHR0cHM6XC9cL2t1bnN0aGFsbGVtZXNzbWVyLmRlXC93cC1jb250ZW50XC91cGxvYWRzXC8yMDIyXC8xMVwvMjAyMjExMDFfMTIwMTE1LXNjYWxlZC1lMTY2NzczNzI1MTYxMC5qcGciLCJzbGlkZXNob3ciOiI0ZGRkMjEwIn0%3D\">\n\t\t\t\t\t<div class=\"e-gallery-image elementor-gallery-item__image\" data-thumbnail=\"https:\/\/kunsthallemessmer.de\/wp-content\/uploads\/2022\/11\/20221101_120115-scaled-e1667737251610-768x800.jpg\" data-width=\"768\" data-height=\"800\" aria-label=\"\" role=\"img\" ><\/div>\n\t\t\t\t\t\t\t\t\t\t\t<div class=\"elementor-gallery-item__overlay\"><\/div>\n\t\t\t\t\t\t\t\t\t\t\t\t\t\t<\/a>\n\t\t\t\t\t\t\t<a class=\"e-gallery-item elementor-gallery-item elementor-animated-content\" href=\"https:\/\/kunsthallemessmer.de\/wp-content\/uploads\/2022\/11\/2022-10-28_4319-Schille-e1667748128147.jpg\" data-elementor-open-lightbox=\"yes\" data-elementor-lightbox-slideshow=\"4ddd210\" data-elementor-lightbox-title=\"Besucherin vor Hans Kotter\" data-e-action-hash=\"#elementor-action%3Aaction%3Dlightbox%26settings%3DeyJpZCI6NTM3MSwidXJsIjoiaHR0cHM6XC9cL2t1bnN0aGFsbGVtZXNzbWVyLmRlXC93cC1jb250ZW50XC91cGxvYWRzXC8yMDIyXC8xMVwvMjAyMi0xMC0yOF80MzE5LVNjaGlsbGUtZTE2Njc3NDgxMjgxNDcuanBnIiwic2xpZGVzaG93IjoiNGRkZDIxMCJ9\">\n\t\t\t\t\t<div class=\"e-gallery-image elementor-gallery-item__image\" data-thumbnail=\"https:\/\/kunsthallemessmer.de\/wp-content\/uploads\/2022\/11\/2022-10-28_4319-Schille-e1667748128147-768x478.jpg\" data-width=\"768\" data-height=\"478\" aria-label=\"\" role=\"img\" ><\/div>\n\t\t\t\t\t\t\t\t\t\t\t<div class=\"elementor-gallery-item__overlay\"><\/div>\n\t\t\t\t\t\t\t\t\t\t\t\t\t\t<\/a>\n\t\t\t\t\t\t\t<a class=\"e-gallery-item elementor-gallery-item elementor-animated-content\" href=\"https:\/\/kunsthallemessmer.de\/wp-content\/uploads\/2022\/11\/2022-10-28_4301-Schille.jpg\" data-elementor-open-lightbox=\"yes\" data-elementor-lightbox-slideshow=\"4ddd210\" data-e-action-hash=\"#elementor-action%3Aaction%3Dlightbox%26settings%3DeyJpZCI6NTM2OCwidXJsIjoiaHR0cHM6XC9cL2t1bnN0aGFsbGVtZXNzbWVyLmRlXC93cC1jb250ZW50XC91cGxvYWRzXC8yMDIyXC8xMVwvMjAyMi0xMC0yOF80MzAxLVNjaGlsbGUuanBnIiwic2xpZGVzaG93IjoiNGRkZDIxMCJ9\">\n\t\t\t\t\t<div class=\"e-gallery-image elementor-gallery-item__image\" data-thumbnail=\"https:\/\/kunsthallemessmer.de\/wp-content\/uploads\/2022\/11\/2022-10-28_4301-Schille-768x1089.jpg\" data-width=\"768\" data-height=\"1089\" aria-label=\"\" role=\"img\" ><\/div>\n\t\t\t\t\t\t\t\t\t\t\t<div class=\"elementor-gallery-item__overlay\"><\/div>\n\t\t\t\t\t\t\t\t\t\t\t\t\t\t<\/a>\n\t\t\t\t\t\t\t<a class=\"e-gallery-item elementor-gallery-item elementor-animated-content\" href=\"https:\/\/kunsthallemessmer.de\/wp-content\/uploads\/2022\/10\/Marquardt_Newsletter.jpg\" data-elementor-open-lightbox=\"yes\" data-elementor-lightbox-slideshow=\"4ddd210\" data-elementor-lightbox-title=\"Margaret Marquardt, Boundless Space, 2021\" data-elementor-lightbox-description=\"Margaret Marquardt, Boundless Space, 2021\" data-e-action-hash=\"#elementor-action%3Aaction%3Dlightbox%26settings%3DeyJpZCI6NTI0MCwidXJsIjoiaHR0cHM6XC9cL2t1bnN0aGFsbGVtZXNzbWVyLmRlXC93cC1jb250ZW50XC91cGxvYWRzXC8yMDIyXC8xMFwvTWFycXVhcmR0X05ld3NsZXR0ZXIuanBnIiwic2xpZGVzaG93IjoiNGRkZDIxMCJ9\">\n\t\t\t\t\t<div class=\"e-gallery-image elementor-gallery-item__image\" data-thumbnail=\"https:\/\/kunsthallemessmer.de\/wp-content\/uploads\/2022\/10\/Marquardt_Newsletter.jpg\" data-width=\"589\" data-height=\"338\" aria-label=\"\" role=\"img\" ><\/div>\n\t\t\t\t\t\t\t\t\t\t\t<div class=\"elementor-gallery-item__overlay\"><\/div>\n\t\t\t\t\t\t\t\t\t\t\t\t\t\t<\/a>\n\t\t\t\t\t<\/div>\n\t\t\t\t\t<\/div>\n\t\t\t\t<\/div>\n\t\t\t\t\t<\/div>\n\t\t<\/div>\n\t\t\t\t\t<\/div>\n\t\t<\/section>\n\t\t\t\t<\/div>\n\t\t","protected":false},"excerpt":{"rendered":"<p>29.10.2022-26.02.2023<\/p>\n","protected":false},"author":3,"featured_media":0,"comment_status":"closed","ping_status":"closed","sticky":false,"template":"","format":"standard","meta":{"footnotes":""},"categories":[17],"tags":[],"class_list":["post-6108","post","type-post","status-publish","format-standard","hentry","category-exposition"],"yoast_head":"<!-- This site is optimized with the Yoast SEO plugin v27.4 - https:\/\/yoast.com\/product\/yoast-seo-wordpress\/ -->\n<title>Art de la lumi\u00e8re - Kunsthalle Messmer<\/title>\n<meta name=\"robots\" content=\"index, follow, max-snippet:-1, max-image-preview:large, max-video-preview:-1\" \/>\n<link rel=\"canonical\" href=\"https:\/\/kunsthallemessmer.de\/fr\/exposition\/art-de-la-lumiere\/\" \/>\n<meta property=\"og:locale\" content=\"fr_FR\" \/>\n<meta property=\"og:type\" content=\"article\" \/>\n<meta property=\"og:title\" content=\"Art de la lumi\u00e8re - Kunsthalle Messmer\" \/>\n<meta property=\"og:description\" content=\"29.10.2022-26.02.2023\" \/>\n<meta property=\"og:url\" content=\"https:\/\/kunsthallemessmer.de\/fr\/exposition\/art-de-la-lumiere\/\" \/>\n<meta property=\"og:site_name\" content=\"Kunsthalle Messmer\" \/>\n<meta property=\"article:published_time\" content=\"2023-03-17T11:47:28+00:00\" \/>\n<meta property=\"article:modified_time\" content=\"2023-03-17T11:50:46+00:00\" \/>\n<meta name=\"author\" content=\"Erik Lachfeld\" \/>\n<meta name=\"twitter:card\" content=\"summary_large_image\" \/>\n<meta name=\"twitter:label1\" content=\"\u00c9crit par\" \/>\n\t<meta name=\"twitter:data1\" content=\"Erik Lachfeld\" \/>\n\t<meta name=\"twitter:label2\" content=\"Dur\u00e9e de lecture estim\u00e9e\" \/>\n\t<meta name=\"twitter:data2\" content=\"2 minutes\" \/>\n<script type=\"application\/ld+json\" class=\"yoast-schema-graph\">{\"@context\":\"https:\\\/\\\/schema.org\",\"@graph\":[{\"@type\":\"Article\",\"@id\":\"https:\\\/\\\/kunsthallemessmer.de\\\/fr\\\/exposition\\\/art-de-la-lumiere\\\/#article\",\"isPartOf\":{\"@id\":\"https:\\\/\\\/kunsthallemessmer.de\\\/fr\\\/exposition\\\/art-de-la-lumiere\\\/\"},\"author\":{\"name\":\"Erik Lachfeld\",\"@id\":\"https:\\\/\\\/kunsthallemessmer.de\\\/fr\\\/#\\\/schema\\\/person\\\/24f7ee6ec431a05000425936de23c890\"},\"headline\":\"Art de la lumi\u00e8re\",\"datePublished\":\"2023-03-17T11:47:28+00:00\",\"dateModified\":\"2023-03-17T11:50:46+00:00\",\"mainEntityOfPage\":{\"@id\":\"https:\\\/\\\/kunsthallemessmer.de\\\/fr\\\/exposition\\\/art-de-la-lumiere\\\/\"},\"wordCount\":402,\"publisher\":{\"@id\":\"https:\\\/\\\/kunsthallemessmer.de\\\/fr\\\/#organization\"},\"articleSection\":[\"exposition\"],\"inLanguage\":\"fr-FR\"},{\"@type\":\"WebPage\",\"@id\":\"https:\\\/\\\/kunsthallemessmer.de\\\/fr\\\/exposition\\\/art-de-la-lumiere\\\/\",\"url\":\"https:\\\/\\\/kunsthallemessmer.de\\\/fr\\\/exposition\\\/art-de-la-lumiere\\\/\",\"name\":\"Art de la lumi\u00e8re - Kunsthalle Messmer\",\"isPartOf\":{\"@id\":\"https:\\\/\\\/kunsthallemessmer.de\\\/fr\\\/#website\"},\"datePublished\":\"2023-03-17T11:47:28+00:00\",\"dateModified\":\"2023-03-17T11:50:46+00:00\",\"breadcrumb\":{\"@id\":\"https:\\\/\\\/kunsthallemessmer.de\\\/fr\\\/exposition\\\/art-de-la-lumiere\\\/#breadcrumb\"},\"inLanguage\":\"fr-FR\",\"potentialAction\":[{\"@type\":\"ReadAction\",\"target\":[\"https:\\\/\\\/kunsthallemessmer.de\\\/fr\\\/exposition\\\/art-de-la-lumiere\\\/\"]}]},{\"@type\":\"BreadcrumbList\",\"@id\":\"https:\\\/\\\/kunsthallemessmer.de\\\/fr\\\/exposition\\\/art-de-la-lumiere\\\/#breadcrumb\",\"itemListElement\":[{\"@type\":\"ListItem\",\"position\":1,\"name\":\"Startseite\",\"item\":\"https:\\\/\\\/kunsthallemessmer.de\\\/fr\\\/apercu\\\/\"},{\"@type\":\"ListItem\",\"position\":2,\"name\":\"Art de la lumi\u00e8re\"}]},{\"@type\":\"WebSite\",\"@id\":\"https:\\\/\\\/kunsthallemessmer.de\\\/fr\\\/#website\",\"url\":\"https:\\\/\\\/kunsthallemessmer.de\\\/fr\\\/\",\"name\":\"Kunsthalle Messmer\",\"description\":\"Riegel am Kaiserstuhl\",\"publisher\":{\"@id\":\"https:\\\/\\\/kunsthallemessmer.de\\\/fr\\\/#organization\"},\"potentialAction\":[{\"@type\":\"SearchAction\",\"target\":{\"@type\":\"EntryPoint\",\"urlTemplate\":\"https:\\\/\\\/kunsthallemessmer.de\\\/fr\\\/?s={search_term_string}\"},\"query-input\":{\"@type\":\"PropertyValueSpecification\",\"valueRequired\":true,\"valueName\":\"search_term_string\"}}],\"inLanguage\":\"fr-FR\"},{\"@type\":\"Organization\",\"@id\":\"https:\\\/\\\/kunsthallemessmer.de\\\/fr\\\/#organization\",\"name\":\"Kunsthalle Messmer\",\"url\":\"https:\\\/\\\/kunsthallemessmer.de\\\/fr\\\/\",\"logo\":{\"@type\":\"ImageObject\",\"inLanguage\":\"fr-FR\",\"@id\":\"https:\\\/\\\/kunsthallemessmer.de\\\/fr\\\/#\\\/schema\\\/logo\\\/image\\\/\",\"url\":\"https:\\\/\\\/kunsthallemessmer.de\\\/wp-content\\\/uploads\\\/2022\\\/04\\\/kunsthalle_messmer_pos-2-png.png\",\"contentUrl\":\"https:\\\/\\\/kunsthallemessmer.de\\\/wp-content\\\/uploads\\\/2022\\\/04\\\/kunsthalle_messmer_pos-2-png.png\",\"width\":2412,\"height\":434,\"caption\":\"Kunsthalle Messmer\"},\"image\":{\"@id\":\"https:\\\/\\\/kunsthallemessmer.de\\\/fr\\\/#\\\/schema\\\/logo\\\/image\\\/\"}},{\"@type\":\"Person\",\"@id\":\"https:\\\/\\\/kunsthallemessmer.de\\\/fr\\\/#\\\/schema\\\/person\\\/24f7ee6ec431a05000425936de23c890\",\"name\":\"Erik Lachfeld\",\"image\":{\"@type\":\"ImageObject\",\"inLanguage\":\"fr-FR\",\"@id\":\"https:\\\/\\\/secure.gravatar.com\\\/avatar\\\/d5d42cc40010ba9998f57d7cebaf2952e1274f5c452ff570f85bbee0f9ecb43a?s=96&d=mm&r=g\",\"url\":\"https:\\\/\\\/secure.gravatar.com\\\/avatar\\\/d5d42cc40010ba9998f57d7cebaf2952e1274f5c452ff570f85bbee0f9ecb43a?s=96&d=mm&r=g\",\"contentUrl\":\"https:\\\/\\\/secure.gravatar.com\\\/avatar\\\/d5d42cc40010ba9998f57d7cebaf2952e1274f5c452ff570f85bbee0f9ecb43a?s=96&d=mm&r=g\",\"caption\":\"Erik Lachfeld\"},\"url\":\"https:\\\/\\\/kunsthallemessmer.de\\\/fr\\\/author\\\/erik-lachfeld\\\/\"}]}<\/script>\n<!-- \/ Yoast SEO plugin. -->","yoast_head_json":{"title":"Art de la lumi\u00e8re - Kunsthalle Messmer","robots":{"index":"index","follow":"follow","max-snippet":"max-snippet:-1","max-image-preview":"max-image-preview:large","max-video-preview":"max-video-preview:-1"},"canonical":"https:\/\/kunsthallemessmer.de\/fr\/exposition\/art-de-la-lumiere\/","og_locale":"fr_FR","og_type":"article","og_title":"Art de la lumi\u00e8re - Kunsthalle Messmer","og_description":"29.10.2022-26.02.2023","og_url":"https:\/\/kunsthallemessmer.de\/fr\/exposition\/art-de-la-lumiere\/","og_site_name":"Kunsthalle Messmer","article_published_time":"2023-03-17T11:47:28+00:00","article_modified_time":"2023-03-17T11:50:46+00:00","author":"Erik Lachfeld","twitter_card":"summary_large_image","twitter_misc":{"\u00c9crit par":"Erik Lachfeld","Dur\u00e9e de lecture estim\u00e9e":"2 minutes"},"schema":{"@context":"https:\/\/schema.org","@graph":[{"@type":"Article","@id":"https:\/\/kunsthallemessmer.de\/fr\/exposition\/art-de-la-lumiere\/#article","isPartOf":{"@id":"https:\/\/kunsthallemessmer.de\/fr\/exposition\/art-de-la-lumiere\/"},"author":{"name":"Erik Lachfeld","@id":"https:\/\/kunsthallemessmer.de\/fr\/#\/schema\/person\/24f7ee6ec431a05000425936de23c890"},"headline":"Art de la lumi\u00e8re","datePublished":"2023-03-17T11:47:28+00:00","dateModified":"2023-03-17T11:50:46+00:00","mainEntityOfPage":{"@id":"https:\/\/kunsthallemessmer.de\/fr\/exposition\/art-de-la-lumiere\/"},"wordCount":402,"publisher":{"@id":"https:\/\/kunsthallemessmer.de\/fr\/#organization"},"articleSection":["exposition"],"inLanguage":"fr-FR"},{"@type":"WebPage","@id":"https:\/\/kunsthallemessmer.de\/fr\/exposition\/art-de-la-lumiere\/","url":"https:\/\/kunsthallemessmer.de\/fr\/exposition\/art-de-la-lumiere\/","name":"Art de la lumi\u00e8re - Kunsthalle Messmer","isPartOf":{"@id":"https:\/\/kunsthallemessmer.de\/fr\/#website"},"datePublished":"2023-03-17T11:47:28+00:00","dateModified":"2023-03-17T11:50:46+00:00","breadcrumb":{"@id":"https:\/\/kunsthallemessmer.de\/fr\/exposition\/art-de-la-lumiere\/#breadcrumb"},"inLanguage":"fr-FR","potentialAction":[{"@type":"ReadAction","target":["https:\/\/kunsthallemessmer.de\/fr\/exposition\/art-de-la-lumiere\/"]}]},{"@type":"BreadcrumbList","@id":"https:\/\/kunsthallemessmer.de\/fr\/exposition\/art-de-la-lumiere\/#breadcrumb","itemListElement":[{"@type":"ListItem","position":1,"name":"Startseite","item":"https:\/\/kunsthallemessmer.de\/fr\/apercu\/"},{"@type":"ListItem","position":2,"name":"Art de la lumi\u00e8re"}]},{"@type":"WebSite","@id":"https:\/\/kunsthallemessmer.de\/fr\/#website","url":"https:\/\/kunsthallemessmer.de\/fr\/","name":"Kunsthalle Messmer","description":"Riegel am Kaiserstuhl","publisher":{"@id":"https:\/\/kunsthallemessmer.de\/fr\/#organization"},"potentialAction":[{"@type":"SearchAction","target":{"@type":"EntryPoint","urlTemplate":"https:\/\/kunsthallemessmer.de\/fr\/?s={search_term_string}"},"query-input":{"@type":"PropertyValueSpecification","valueRequired":true,"valueName":"search_term_string"}}],"inLanguage":"fr-FR"},{"@type":"Organization","@id":"https:\/\/kunsthallemessmer.de\/fr\/#organization","name":"Kunsthalle Messmer","url":"https:\/\/kunsthallemessmer.de\/fr\/","logo":{"@type":"ImageObject","inLanguage":"fr-FR","@id":"https:\/\/kunsthallemessmer.de\/fr\/#\/schema\/logo\/image\/","url":"https:\/\/kunsthallemessmer.de\/wp-content\/uploads\/2022\/04\/kunsthalle_messmer_pos-2-png.png","contentUrl":"https:\/\/kunsthallemessmer.de\/wp-content\/uploads\/2022\/04\/kunsthalle_messmer_pos-2-png.png","width":2412,"height":434,"caption":"Kunsthalle Messmer"},"image":{"@id":"https:\/\/kunsthallemessmer.de\/fr\/#\/schema\/logo\/image\/"}},{"@type":"Person","@id":"https:\/\/kunsthallemessmer.de\/fr\/#\/schema\/person\/24f7ee6ec431a05000425936de23c890","name":"Erik Lachfeld","image":{"@type":"ImageObject","inLanguage":"fr-FR","@id":"https:\/\/secure.gravatar.com\/avatar\/d5d42cc40010ba9998f57d7cebaf2952e1274f5c452ff570f85bbee0f9ecb43a?s=96&d=mm&r=g","url":"https:\/\/secure.gravatar.com\/avatar\/d5d42cc40010ba9998f57d7cebaf2952e1274f5c452ff570f85bbee0f9ecb43a?s=96&d=mm&r=g","contentUrl":"https:\/\/secure.gravatar.com\/avatar\/d5d42cc40010ba9998f57d7cebaf2952e1274f5c452ff570f85bbee0f9ecb43a?s=96&d=mm&r=g","caption":"Erik Lachfeld"},"url":"https:\/\/kunsthallemessmer.de\/fr\/author\/erik-lachfeld\/"}]}},"_links":{"self":[{"href":"https:\/\/kunsthallemessmer.de\/fr\/wp-json\/wp\/v2\/posts\/6108","targetHints":{"allow":["GET"]}}],"collection":[{"href":"https:\/\/kunsthallemessmer.de\/fr\/wp-json\/wp\/v2\/posts"}],"about":[{"href":"https:\/\/kunsthallemessmer.de\/fr\/wp-json\/wp\/v2\/types\/post"}],"author":[{"embeddable":true,"href":"https:\/\/kunsthallemessmer.de\/fr\/wp-json\/wp\/v2\/users\/3"}],"replies":[{"embeddable":true,"href":"https:\/\/kunsthallemessmer.de\/fr\/wp-json\/wp\/v2\/comments?post=6108"}],"version-history":[{"count":2,"href":"https:\/\/kunsthallemessmer.de\/fr\/wp-json\/wp\/v2\/posts\/6108\/revisions"}],"predecessor-version":[{"id":6111,"href":"https:\/\/kunsthallemessmer.de\/fr\/wp-json\/wp\/v2\/posts\/6108\/revisions\/6111"}],"wp:attachment":[{"href":"https:\/\/kunsthallemessmer.de\/fr\/wp-json\/wp\/v2\/media?parent=6108"}],"wp:term":[{"taxonomy":"category","embeddable":true,"href":"https:\/\/kunsthallemessmer.de\/fr\/wp-json\/wp\/v2\/categories?post=6108"},{"taxonomy":"post_tag","embeddable":true,"href":"https:\/\/kunsthallemessmer.de\/fr\/wp-json\/wp\/v2\/tags?post=6108"}],"curies":[{"name":"wp","href":"https:\/\/api.w.org\/{rel}","templated":true}]}}