{"id":9226,"date":"2021-03-03T17:49:00","date_gmt":"2021-03-03T16:49:00","guid":{"rendered":"https:\/\/kunsthallemessmer.de\/exposition\/7e-prix-international-andre-evard-2\/"},"modified":"2025-03-06T14:47:49","modified_gmt":"2025-03-06T13:47:49","slug":"7e-prix-international-andre-evard-2","status":"publish","type":"post","link":"https:\/\/kunsthallemessmer.de\/fr\/exposition\/7e-prix-international-andre-evard-2\/","title":{"rendered":"7e Prix international andr\u00e9-evard"},"content":{"rendered":"\t\t<div data-elementor-type=\"wp-post\" data-elementor-id=\"9226\" class=\"elementor elementor-9226 elementor-9218\" data-elementor-post-type=\"post\">\n\t\t\t\t\t\t<section class=\"elementor-section elementor-top-section elementor-element elementor-element-69770eb elementor-section-boxed elementor-section-height-default elementor-section-height-default\" data-id=\"69770eb\" data-element_type=\"section\" data-e-type=\"section\">\n\t\t\t\t\t\t<div class=\"elementor-container elementor-column-gap-default\">\n\t\t\t\t\t<div class=\"elementor-column elementor-col-100 elementor-top-column elementor-element elementor-element-5745b8a\" data-id=\"5745b8a\" data-element_type=\"column\" data-e-type=\"column\">\n\t\t\t<div class=\"elementor-widget-wrap elementor-element-populated\">\n\t\t\t\t\t\t<div class=\"elementor-element elementor-element-b44f586 elementor-widget elementor-widget-heading\" data-id=\"b44f586\" data-element_type=\"widget\" data-e-type=\"widget\" data-widget_type=\"heading.default\">\n\t\t\t\t<div class=\"elementor-widget-container\">\n\t\t\t\t\t<h2 class=\"elementor-heading-title elementor-size-large\">7e Prix international andr\u00e9-evard<\/h2>\t\t\t\t<\/div>\n\t\t\t\t<\/div>\n\t\t\t\t<div class=\"elementor-element elementor-element-d7d15e6 elementor-widget elementor-widget-heading\" data-id=\"d7d15e6\" data-element_type=\"widget\" data-e-type=\"widget\" data-widget_type=\"heading.default\">\n\t\t\t\t<div class=\"elementor-widget-container\">\n\t\t\t\t\t<h2 class=\"elementor-heading-title elementor-size-default\"><span style=\"color: var( --e-global-color-primary );font-family: Poppins, sans-serif;letter-spacing: 0.51px;background-color: var( --e-global-color-e7297c6 )\">30\/11\/2024 au 01\/03\/2025<\/span><\/h2>\t\t\t\t<\/div>\n\t\t\t\t<\/div>\n\t\t\t\t<div class=\"elementor-element elementor-element-ccfe678 elementor-widget elementor-widget-text-editor\" data-id=\"ccfe678\" data-element_type=\"widget\" data-e-type=\"widget\" data-widget_type=\"text-editor.default\">\n\t\t\t\t<div class=\"elementor-widget-container\">\n\t\t\t\t\t\t\t\t\t<p class=\"MsoNormal\" style=\"margin-bottom: 21pt; line-height: 150%; background-image: initial; background-position: initial; background-size: initial; background-repeat: initial; background-attachment: initial; background-origin: initial; background-clip: initial;\"><span style=\"color: black;\">Le jeudi 13 f\u00e9vrier 2025, les gagnants ont \u00e9t\u00e9 annonc\u00e9s lors d&rsquo;une c\u00e9r\u00e9monie :<br \/> 1\u00e8re<strong>place <\/strong><strong>: Yoshiyuki Miura<\/strong><br \/><strong>2\u00e8<\/strong><strong>me place : Werner Dorsch<\/strong><br \/><strong>3<\/strong>\u00e8me place :<strong>Werner Dorsch 3\u00e8 <\/strong>m<strong>e place : Yoshiyuki Miura <\/strong><strong> 2\u00e8me place : Violetta Elisa Seliger<\/strong><\/span><\/p>\n<p><strong>Prix du public : Antonio Marra<\/strong><\/p>\n\t\t\t\t\t\t\t\t<\/div>\n\t\t\t\t<\/div>\n\t\t\t\t<section class=\"elementor-section elementor-inner-section elementor-element elementor-element-c2c25c9 elementor-section-boxed elementor-section-height-default elementor-section-height-default\" data-id=\"c2c25c9\" data-element_type=\"section\" data-e-type=\"section\">\n\t\t\t\t\t\t<div class=\"elementor-container elementor-column-gap-default\">\n\t\t\t\t\t<div class=\"elementor-column elementor-col-50 elementor-inner-column elementor-element elementor-element-5809cd7\" data-id=\"5809cd7\" data-element_type=\"column\" data-e-type=\"column\">\n\t\t\t<div class=\"elementor-widget-wrap elementor-element-populated\">\n\t\t\t\t\t\t<div class=\"elementor-element elementor-element-d9128c8 elementor-widget__width-initial elementor-widget elementor-widget-image\" data-id=\"d9128c8\" data-element_type=\"widget\" data-e-type=\"widget\" data-widget_type=\"image.default\">\n\t\t\t\t<div class=\"elementor-widget-container\">\n\t\t\t\t\t\t\t\t\t\t\t\t<figure class=\"wp-caption\">\n\t\t\t\t\t\t\t\t\t\t<img fetchpriority=\"high\" decoding=\"async\" width=\"800\" height=\"974\" src=\"https:\/\/kunsthallemessmer.de\/wp-content\/uploads\/2024\/09\/Blaue-Rosen-abstrahiert-1924-841x1024.jpg\" class=\"attachment-large size-large wp-image-8660\" alt=\"\" srcset=\"https:\/\/kunsthallemessmer.de\/wp-content\/uploads\/2024\/09\/Blaue-Rosen-abstrahiert-1924-841x1024.jpg 841w, https:\/\/kunsthallemessmer.de\/wp-content\/uploads\/2024\/09\/Blaue-Rosen-abstrahiert-1924-246x300.jpg 246w, https:\/\/kunsthallemessmer.de\/wp-content\/uploads\/2024\/09\/Blaue-Rosen-abstrahiert-1924-768x936.jpg 768w, https:\/\/kunsthallemessmer.de\/wp-content\/uploads\/2024\/09\/Blaue-Rosen-abstrahiert-1924-1261x1536.jpg 1261w, https:\/\/kunsthallemessmer.de\/wp-content\/uploads\/2024\/09\/Blaue-Rosen-abstrahiert-1924-1681x2048.jpg 1681w, https:\/\/kunsthallemessmer.de\/wp-content\/uploads\/2024\/09\/Blaue-Rosen-abstrahiert-1924-scaled.jpg 1080w\" sizes=\"(max-width: 800px) 100vw, 800px\" \/>\t\t\t\t\t\t\t\t\t\t\t<figcaption class=\"widget-image-caption wp-caption-text\">Andr\u00e9 Evard, Roses bleues,1924, \u00a9 messmer foundation<\/figcaption>\n\t\t\t\t\t\t\t\t\t\t<\/figure>\n\t\t\t\t\t\t\t\t\t<\/div>\n\t\t\t\t<\/div>\n\t\t\t\t\t<\/div>\n\t\t<\/div>\n\t\t\t\t<div class=\"elementor-column elementor-col-50 elementor-inner-column elementor-element elementor-element-f267cca\" data-id=\"f267cca\" data-element_type=\"column\" data-e-type=\"column\">\n\t\t\t<div class=\"elementor-widget-wrap elementor-element-populated\">\n\t\t\t\t\t\t<div class=\"elementor-element elementor-element-e30c416 elementor-widget elementor-widget-text-editor\" data-id=\"e30c416\" data-element_type=\"widget\" data-e-type=\"widget\" data-widget_type=\"text-editor.default\">\n\t\t\t\t<div class=\"elementor-widget-container\">\n\t\t\t\t\t\t\t\t\t<p class=\"MsoNormal\" style=\"margin-bottom: 21pt; line-height: 150%; background-image: initial; background-position: initial; background-size: initial; background-repeat: initial; background-attachment: initial; background-origin: initial; background-clip: initial;\"><span style=\"color: black;\">Pour la septi\u00e8me fois, la kunsthalle messmer organise le prix andr\u00e9 evard pour l&rsquo;art concret et constructif. Parmi plus de 500 candidats*, 101 artistes* ont \u00e9t\u00e9 s\u00e9lectionn\u00e9s pour l&rsquo;exposition,<\/span> <span style=\"color: black; background-image: initial; background-position: initial; background-size: initial; background-repeat: initial; background-attachment: initial; background-origin: initial; background-clip: initial;\"> qui se sentent concern\u00e9s par l&rsquo;art concret et constructif et qui souhaitent lui donner une nouvelle expression gr\u00e2ce \u00e0 des impulsions innovantes<b> <\/b>.<br \/><\/span><span style=\"color: black;\">D\u00e9di\u00e9 \u00e0 <\/span> <span style=\"color: black;\">ce prix \u00e0 l&rsquo;artiste suisse Andr\u00e9 Evard (1876-1972) et \u00e0 son travail dans l&rsquo;art concret. Il est ainsi l&rsquo;un des premiers artistes europ\u00e9ens \u00e0 ne pas travailler de mani\u00e8re figurative et compte parmi les pr\u00e9curseurs de la peinture constructivo-g\u00e9om\u00e9trique suisse.<\/span><\/p>\n\t\t\t\t\t\t\t\t<\/div>\n\t\t\t\t<\/div>\n\t\t\t\t\t<\/div>\n\t\t<\/div>\n\t\t\t\t\t<\/div>\n\t\t<\/section>\n\t\t\t\t<section class=\"elementor-section elementor-inner-section elementor-element elementor-element-c615d53 elementor-section-boxed elementor-section-height-default elementor-section-height-default\" data-id=\"c615d53\" data-element_type=\"section\" data-e-type=\"section\">\n\t\t\t\t\t\t<div class=\"elementor-container elementor-column-gap-default\">\n\t\t\t\t\t<div class=\"elementor-column elementor-col-50 elementor-inner-column elementor-element elementor-element-0cb7c00\" data-id=\"0cb7c00\" data-element_type=\"column\" data-e-type=\"column\">\n\t\t\t<div class=\"elementor-widget-wrap elementor-element-populated\">\n\t\t\t\t\t\t<div class=\"elementor-element elementor-element-a2ff67b elementor-widget elementor-widget-text-editor\" data-id=\"a2ff67b\" data-element_type=\"widget\" data-e-type=\"widget\" data-widget_type=\"text-editor.default\">\n\t\t\t\t<div class=\"elementor-widget-container\">\n\t\t\t\t\t\t\t\t\t<p><strong>Peinture &amp; objets muraux :<\/strong><\/p>\n<p>ABERER, ILSE<br>ALTMANN, FRANK<br>ANDRESZ, NELLY<br>BACKMERHOFF, ULRICH<br>BAECKER, HAGEN<br>BARTHOLDT, REGINE<br>BELIC, MILIJA<br>BENEDEK, BARNA<br>BEYENS, KARIN<br>BOHN, ANGELA<br>BUGAUD, MICHEL<br>CALAND, NATACHA<br>CAMPONOVO, FRANCESCO<br>DAUM, GERHARD<br>DIEHL, EDGAR<br>DIMITROV, NIKOLA<br>DIZLEK, SELCUK<br>DORSCH, WERNER<br>D\u00d2ZSA-FARKAS, KRISZTINA<br>DUFTER, ROBERT<br>EDER, CHRISTIAN<br>FALK, FRIEDER<br>FRANCO, CARLOS ROBERTO<br>FUNDER, DETLEF<br>GANTNER, UELI<br>G\u00d6HRINGER, JONAS<br>HABERMACHER, REN\u00c9<br>HAMANN, VOLKER<br>HARPER, PAUL<br>HAUFE, THOMAS<br>HEYERS, MICHAEL<br>HOFFMANN, KATHRIN<br>HOMMEL, DIANA<br>HOTTER, GERHARD<br>HUG, BEATRICE<br>HUMAIR, ROLAND<br>ISSA, GEORGE ET<br>PRZEMYSLAW, MARTYNA<br>JAKOBSEN, INGE<br>JANSEN HEIJTMAJER, RITY<br>KAESLER, MARKUS<br>K\u00c4PPELI &#8211; VON B\u00dcLOW, KARIN<br>KAL\u00c1B, JAN<br>K\u00d6NGETER, UTE<br>K\u00d6R\u00d6SI, VIKT\u00d3RIA<br>KOSTOVA, ANA<br>KRAMMER, RENATE<br>LEE, YEONGBIN<br>LEIBK\u00dcCHLER, MERAV<br>LEVRIER-MUSSAT, ALAIN-JACQUES<br>L\u00d6W, CHRISTINE<br>LUO, LU<br>LUTZ, DAGMAR<\/p>\t\t\t\t\t\t\t\t<\/div>\n\t\t\t\t<\/div>\n\t\t\t\t\t<\/div>\n\t\t<\/div>\n\t\t\t\t<div class=\"elementor-column elementor-col-50 elementor-inner-column elementor-element elementor-element-9587c85\" data-id=\"9587c85\" data-element_type=\"column\" data-e-type=\"column\">\n\t\t\t<div class=\"elementor-widget-wrap elementor-element-populated\">\n\t\t\t\t\t\t<div class=\"elementor-element elementor-element-d754700 elementor-widget elementor-widget-text-editor\" data-id=\"d754700\" data-element_type=\"widget\" data-e-type=\"widget\" data-widget_type=\"text-editor.default\">\n\t\t\t\t<div class=\"elementor-widget-container\">\n\t\t\t\t\t\t\t\t\t<\/p>\n<p>MAKRA, MANFRED<br \/>MARRA, ANTONIO<br \/>MEIER, IVO<br \/>MILLOTTE, PIERRE<br \/>MITTERER, GABI<br \/>MIURA, YOSHIYUKI<br \/>MORI, MITSUKO<br \/>\u00c9TERNUEMENT, BARBARA<br \/>NIEVERGELT, PAUL<br \/>NOWACK, PETER<br \/>OP TEN NOORT, JOCHEM<br \/>OTTO, LASZLO<br \/>PALZER, NORBERT<br \/>PARAGI, EVA<br \/>PLETSCHEN, GISELA<br \/>PREISLER, R\u00dcDIGER<br \/>RAST, PETER PAUL<br \/>REITSPERGER, OTTO<br \/>ROHLFING, RITA<br \/>RUDIGIER, ROBERT<br \/>SCHAREIN<br \/>SCHELLHORN, SABINE<br \/>SCHMIDT, GEROLD<br \/>\u00c9CRIVAIN, MARIKE<br \/>SELIGER, VIOLETTA ELISA<br \/>SIEBER, REN\u00c9<br \/>STRADA, GIOVANNA<br \/>TINTI, VOLKER<br \/>T\u00d6DTER, PETRA<br \/>VAN DER BERG, HEI<br \/>VIOT, JEAN-PIERRE<br \/>DE JAN, INA<br \/>WEBER, PETER<br \/>WERDIN, SUSANNE<br \/>ZALAV\u00c1RI, J\u00d3ZSEF<br \/><b style=\"color: var( --e-global-color-text ); font-family: var( --e-global-typography-text-font-family ), Sans-serif; font-size: var( --e-global-typography-text-font-size ); letter-spacing: var( --e-global-typography-text-letter-spacing ); background-color: var( --e-global-color-e7297c6 );\"><\/b><\/p>\n<p><b style=\"color: var( --e-global-color-text ); font-family: var( --e-global-typography-text-font-family ), Sans-serif; font-size: var( --e-global-typography-text-font-size ); letter-spacing: var( --e-global-typography-text-letter-spacing ); background-color: var( --e-global-color-e7297c6 );\">Sculpture :<\/b><\/p>\n<p>BOHUMIL JR, ELI\u00c1\u0160 <br \/>EMMENEGGER-KANZLER, MANFRED <br \/>ERNST, CHIARA <br \/>H\u00d6CKY, HERBERT <br \/>HUBL, KATHRIN <br \/>KIM, MARY <br \/>KIRSTEN, JEAN <br \/>K\u00d6NIG, ULF <br \/>MERKI, BEATA <br \/>NAKAMURA, A. KEI <br \/>OGAWA, FUMIARI <br \/>SCHLEDZ, ANGELIKA <br \/>SEIDT, R\u00dcDIGER <br \/>WAGNER, KOLOMAN <br \/>ZEMP, WERNER  <\/p>\n\t\t\t\t\t\t\t\t<\/div>\n\t\t\t\t<\/div>\n\t\t\t\t\t<\/div>\n\t\t<\/div>\n\t\t\t\t\t<\/div>\n\t\t<\/section>\n\t\t\t\t\t<\/div>\n\t\t<\/div>\n\t\t\t\t\t<\/div>\n\t\t<\/section>\n\t\t\t\t<\/div>\n\t\t","protected":false},"excerpt":{"rendered":"<p>30.11.2024 &#8211; 01.03.2025<\/p>\n","protected":false},"author":3,"featured_media":0,"comment_status":"closed","ping_status":"open","sticky":false,"template":"","format":"standard","meta":{"footnotes":""},"categories":[17],"tags":[],"class_list":["post-9226","post","type-post","status-publish","format-standard","hentry","category-exposition"],"yoast_head":"<!-- This site is optimized with the Yoast SEO plugin v27.4 - https:\/\/yoast.com\/product\/yoast-seo-wordpress\/ -->\n<title>7e Prix international andr\u00e9-evard - Kunsthalle Messmer<\/title>\n<meta name=\"robots\" content=\"index, follow, max-snippet:-1, max-image-preview:large, max-video-preview:-1\" \/>\n<link rel=\"canonical\" href=\"https:\/\/kunsthallemessmer.de\/fr\/exposition\/7e-prix-international-andre-evard-2\/\" \/>\n<meta property=\"og:locale\" content=\"fr_FR\" \/>\n<meta property=\"og:type\" content=\"article\" \/>\n<meta property=\"og:title\" content=\"7e Prix international andr\u00e9-evard - Kunsthalle Messmer\" \/>\n<meta property=\"og:description\" content=\"30.11.2024 - 01.03.2025\" \/>\n<meta property=\"og:url\" content=\"https:\/\/kunsthallemessmer.de\/fr\/exposition\/7e-prix-international-andre-evard-2\/\" \/>\n<meta property=\"og:site_name\" content=\"Kunsthalle Messmer\" \/>\n<meta property=\"article:published_time\" content=\"2021-03-03T16:49:00+00:00\" \/>\n<meta property=\"article:modified_time\" content=\"2025-03-06T13:47:49+00:00\" \/>\n<meta property=\"og:image\" content=\"https:\/\/kunsthallemessmer.de\/wp-content\/uploads\/2024\/09\/Blaue-Rosen-abstrahiert-1924-841x1024.jpg\" \/>\n<meta name=\"author\" content=\"Erik Lachfeld\" \/>\n<meta name=\"twitter:card\" content=\"summary_large_image\" \/>\n<meta name=\"twitter:label1\" content=\"\u00c9crit par\" \/>\n\t<meta name=\"twitter:data1\" content=\"Erik Lachfeld\" \/>\n\t<meta name=\"twitter:label2\" content=\"Dur\u00e9e de lecture estim\u00e9e\" \/>\n\t<meta name=\"twitter:data2\" content=\"2 minutes\" \/>\n<script type=\"application\/ld+json\" class=\"yoast-schema-graph\">{\"@context\":\"https:\\\/\\\/schema.org\",\"@graph\":[{\"@type\":\"Article\",\"@id\":\"https:\\\/\\\/kunsthallemessmer.de\\\/fr\\\/exposition\\\/7e-prix-international-andre-evard-2\\\/#article\",\"isPartOf\":{\"@id\":\"https:\\\/\\\/kunsthallemessmer.de\\\/fr\\\/exposition\\\/7e-prix-international-andre-evard-2\\\/\"},\"author\":{\"name\":\"Erik Lachfeld\",\"@id\":\"https:\\\/\\\/kunsthallemessmer.de\\\/fr\\\/#\\\/schema\\\/person\\\/24f7ee6ec431a05000425936de23c890\"},\"headline\":\"7e Prix international andr\u00e9-evard\",\"datePublished\":\"2021-03-03T16:49:00+00:00\",\"dateModified\":\"2025-03-06T13:47:49+00:00\",\"mainEntityOfPage\":{\"@id\":\"https:\\\/\\\/kunsthallemessmer.de\\\/fr\\\/exposition\\\/7e-prix-international-andre-evard-2\\\/\"},\"wordCount\":322,\"publisher\":{\"@id\":\"https:\\\/\\\/kunsthallemessmer.de\\\/fr\\\/#organization\"},\"image\":{\"@id\":\"https:\\\/\\\/kunsthallemessmer.de\\\/fr\\\/exposition\\\/7e-prix-international-andre-evard-2\\\/#primaryimage\"},\"thumbnailUrl\":\"https:\\\/\\\/kunsthallemessmer.de\\\/wp-content\\\/uploads\\\/2024\\\/09\\\/Blaue-Rosen-abstrahiert-1924-841x1024.jpg\",\"articleSection\":[\"exposition\"],\"inLanguage\":\"fr-FR\"},{\"@type\":\"WebPage\",\"@id\":\"https:\\\/\\\/kunsthallemessmer.de\\\/fr\\\/exposition\\\/7e-prix-international-andre-evard-2\\\/\",\"url\":\"https:\\\/\\\/kunsthallemessmer.de\\\/fr\\\/exposition\\\/7e-prix-international-andre-evard-2\\\/\",\"name\":\"7e Prix international andr\u00e9-evard - Kunsthalle Messmer\",\"isPartOf\":{\"@id\":\"https:\\\/\\\/kunsthallemessmer.de\\\/fr\\\/#website\"},\"primaryImageOfPage\":{\"@id\":\"https:\\\/\\\/kunsthallemessmer.de\\\/fr\\\/exposition\\\/7e-prix-international-andre-evard-2\\\/#primaryimage\"},\"image\":{\"@id\":\"https:\\\/\\\/kunsthallemessmer.de\\\/fr\\\/exposition\\\/7e-prix-international-andre-evard-2\\\/#primaryimage\"},\"thumbnailUrl\":\"https:\\\/\\\/kunsthallemessmer.de\\\/wp-content\\\/uploads\\\/2024\\\/09\\\/Blaue-Rosen-abstrahiert-1924-841x1024.jpg\",\"datePublished\":\"2021-03-03T16:49:00+00:00\",\"dateModified\":\"2025-03-06T13:47:49+00:00\",\"breadcrumb\":{\"@id\":\"https:\\\/\\\/kunsthallemessmer.de\\\/fr\\\/exposition\\\/7e-prix-international-andre-evard-2\\\/#breadcrumb\"},\"inLanguage\":\"fr-FR\",\"potentialAction\":[{\"@type\":\"ReadAction\",\"target\":[\"https:\\\/\\\/kunsthallemessmer.de\\\/fr\\\/exposition\\\/7e-prix-international-andre-evard-2\\\/\"]}]},{\"@type\":\"ImageObject\",\"inLanguage\":\"fr-FR\",\"@id\":\"https:\\\/\\\/kunsthallemessmer.de\\\/fr\\\/exposition\\\/7e-prix-international-andre-evard-2\\\/#primaryimage\",\"url\":\"https:\\\/\\\/kunsthallemessmer.de\\\/wp-content\\\/uploads\\\/2024\\\/09\\\/Blaue-Rosen-abstrahiert-1924-841x1024.jpg\",\"contentUrl\":\"https:\\\/\\\/kunsthallemessmer.de\\\/wp-content\\\/uploads\\\/2024\\\/09\\\/Blaue-Rosen-abstrahiert-1924-841x1024.jpg\"},{\"@type\":\"BreadcrumbList\",\"@id\":\"https:\\\/\\\/kunsthallemessmer.de\\\/fr\\\/exposition\\\/7e-prix-international-andre-evard-2\\\/#breadcrumb\",\"itemListElement\":[{\"@type\":\"ListItem\",\"position\":1,\"name\":\"Startseite\",\"item\":\"https:\\\/\\\/kunsthallemessmer.de\\\/fr\\\/apercu\\\/\"},{\"@type\":\"ListItem\",\"position\":2,\"name\":\"7e Prix international andr\u00e9-evard\"}]},{\"@type\":\"WebSite\",\"@id\":\"https:\\\/\\\/kunsthallemessmer.de\\\/fr\\\/#website\",\"url\":\"https:\\\/\\\/kunsthallemessmer.de\\\/fr\\\/\",\"name\":\"Kunsthalle Messmer\",\"description\":\"Riegel am Kaiserstuhl\",\"publisher\":{\"@id\":\"https:\\\/\\\/kunsthallemessmer.de\\\/fr\\\/#organization\"},\"potentialAction\":[{\"@type\":\"SearchAction\",\"target\":{\"@type\":\"EntryPoint\",\"urlTemplate\":\"https:\\\/\\\/kunsthallemessmer.de\\\/fr\\\/?s={search_term_string}\"},\"query-input\":{\"@type\":\"PropertyValueSpecification\",\"valueRequired\":true,\"valueName\":\"search_term_string\"}}],\"inLanguage\":\"fr-FR\"},{\"@type\":\"Organization\",\"@id\":\"https:\\\/\\\/kunsthallemessmer.de\\\/fr\\\/#organization\",\"name\":\"Kunsthalle Messmer\",\"url\":\"https:\\\/\\\/kunsthallemessmer.de\\\/fr\\\/\",\"logo\":{\"@type\":\"ImageObject\",\"inLanguage\":\"fr-FR\",\"@id\":\"https:\\\/\\\/kunsthallemessmer.de\\\/fr\\\/#\\\/schema\\\/logo\\\/image\\\/\",\"url\":\"https:\\\/\\\/kunsthallemessmer.de\\\/wp-content\\\/uploads\\\/2022\\\/04\\\/kunsthalle_messmer_pos-2-png.png\",\"contentUrl\":\"https:\\\/\\\/kunsthallemessmer.de\\\/wp-content\\\/uploads\\\/2022\\\/04\\\/kunsthalle_messmer_pos-2-png.png\",\"width\":2412,\"height\":434,\"caption\":\"Kunsthalle Messmer\"},\"image\":{\"@id\":\"https:\\\/\\\/kunsthallemessmer.de\\\/fr\\\/#\\\/schema\\\/logo\\\/image\\\/\"}},{\"@type\":\"Person\",\"@id\":\"https:\\\/\\\/kunsthallemessmer.de\\\/fr\\\/#\\\/schema\\\/person\\\/24f7ee6ec431a05000425936de23c890\",\"name\":\"Erik Lachfeld\",\"image\":{\"@type\":\"ImageObject\",\"inLanguage\":\"fr-FR\",\"@id\":\"https:\\\/\\\/secure.gravatar.com\\\/avatar\\\/d5d42cc40010ba9998f57d7cebaf2952e1274f5c452ff570f85bbee0f9ecb43a?s=96&d=mm&r=g\",\"url\":\"https:\\\/\\\/secure.gravatar.com\\\/avatar\\\/d5d42cc40010ba9998f57d7cebaf2952e1274f5c452ff570f85bbee0f9ecb43a?s=96&d=mm&r=g\",\"contentUrl\":\"https:\\\/\\\/secure.gravatar.com\\\/avatar\\\/d5d42cc40010ba9998f57d7cebaf2952e1274f5c452ff570f85bbee0f9ecb43a?s=96&d=mm&r=g\",\"caption\":\"Erik Lachfeld\"},\"url\":\"https:\\\/\\\/kunsthallemessmer.de\\\/fr\\\/author\\\/erik-lachfeld\\\/\"}]}<\/script>\n<!-- \/ Yoast SEO plugin. -->","yoast_head_json":{"title":"7e Prix international andr\u00e9-evard - Kunsthalle Messmer","robots":{"index":"index","follow":"follow","max-snippet":"max-snippet:-1","max-image-preview":"max-image-preview:large","max-video-preview":"max-video-preview:-1"},"canonical":"https:\/\/kunsthallemessmer.de\/fr\/exposition\/7e-prix-international-andre-evard-2\/","og_locale":"fr_FR","og_type":"article","og_title":"7e Prix international andr\u00e9-evard - Kunsthalle Messmer","og_description":"30.11.2024 - 01.03.2025","og_url":"https:\/\/kunsthallemessmer.de\/fr\/exposition\/7e-prix-international-andre-evard-2\/","og_site_name":"Kunsthalle Messmer","article_published_time":"2021-03-03T16:49:00+00:00","article_modified_time":"2025-03-06T13:47:49+00:00","og_image":[{"url":"https:\/\/kunsthallemessmer.de\/wp-content\/uploads\/2024\/09\/Blaue-Rosen-abstrahiert-1924-841x1024.jpg","type":"","width":"","height":""}],"author":"Erik Lachfeld","twitter_card":"summary_large_image","twitter_misc":{"\u00c9crit par":"Erik Lachfeld","Dur\u00e9e de lecture estim\u00e9e":"2 minutes"},"schema":{"@context":"https:\/\/schema.org","@graph":[{"@type":"Article","@id":"https:\/\/kunsthallemessmer.de\/fr\/exposition\/7e-prix-international-andre-evard-2\/#article","isPartOf":{"@id":"https:\/\/kunsthallemessmer.de\/fr\/exposition\/7e-prix-international-andre-evard-2\/"},"author":{"name":"Erik Lachfeld","@id":"https:\/\/kunsthallemessmer.de\/fr\/#\/schema\/person\/24f7ee6ec431a05000425936de23c890"},"headline":"7e Prix international andr\u00e9-evard","datePublished":"2021-03-03T16:49:00+00:00","dateModified":"2025-03-06T13:47:49+00:00","mainEntityOfPage":{"@id":"https:\/\/kunsthallemessmer.de\/fr\/exposition\/7e-prix-international-andre-evard-2\/"},"wordCount":322,"publisher":{"@id":"https:\/\/kunsthallemessmer.de\/fr\/#organization"},"image":{"@id":"https:\/\/kunsthallemessmer.de\/fr\/exposition\/7e-prix-international-andre-evard-2\/#primaryimage"},"thumbnailUrl":"https:\/\/kunsthallemessmer.de\/wp-content\/uploads\/2024\/09\/Blaue-Rosen-abstrahiert-1924-841x1024.jpg","articleSection":["exposition"],"inLanguage":"fr-FR"},{"@type":"WebPage","@id":"https:\/\/kunsthallemessmer.de\/fr\/exposition\/7e-prix-international-andre-evard-2\/","url":"https:\/\/kunsthallemessmer.de\/fr\/exposition\/7e-prix-international-andre-evard-2\/","name":"7e Prix international andr\u00e9-evard - Kunsthalle Messmer","isPartOf":{"@id":"https:\/\/kunsthallemessmer.de\/fr\/#website"},"primaryImageOfPage":{"@id":"https:\/\/kunsthallemessmer.de\/fr\/exposition\/7e-prix-international-andre-evard-2\/#primaryimage"},"image":{"@id":"https:\/\/kunsthallemessmer.de\/fr\/exposition\/7e-prix-international-andre-evard-2\/#primaryimage"},"thumbnailUrl":"https:\/\/kunsthallemessmer.de\/wp-content\/uploads\/2024\/09\/Blaue-Rosen-abstrahiert-1924-841x1024.jpg","datePublished":"2021-03-03T16:49:00+00:00","dateModified":"2025-03-06T13:47:49+00:00","breadcrumb":{"@id":"https:\/\/kunsthallemessmer.de\/fr\/exposition\/7e-prix-international-andre-evard-2\/#breadcrumb"},"inLanguage":"fr-FR","potentialAction":[{"@type":"ReadAction","target":["https:\/\/kunsthallemessmer.de\/fr\/exposition\/7e-prix-international-andre-evard-2\/"]}]},{"@type":"ImageObject","inLanguage":"fr-FR","@id":"https:\/\/kunsthallemessmer.de\/fr\/exposition\/7e-prix-international-andre-evard-2\/#primaryimage","url":"https:\/\/kunsthallemessmer.de\/wp-content\/uploads\/2024\/09\/Blaue-Rosen-abstrahiert-1924-841x1024.jpg","contentUrl":"https:\/\/kunsthallemessmer.de\/wp-content\/uploads\/2024\/09\/Blaue-Rosen-abstrahiert-1924-841x1024.jpg"},{"@type":"BreadcrumbList","@id":"https:\/\/kunsthallemessmer.de\/fr\/exposition\/7e-prix-international-andre-evard-2\/#breadcrumb","itemListElement":[{"@type":"ListItem","position":1,"name":"Startseite","item":"https:\/\/kunsthallemessmer.de\/fr\/apercu\/"},{"@type":"ListItem","position":2,"name":"7e Prix international andr\u00e9-evard"}]},{"@type":"WebSite","@id":"https:\/\/kunsthallemessmer.de\/fr\/#website","url":"https:\/\/kunsthallemessmer.de\/fr\/","name":"Kunsthalle Messmer","description":"Riegel am Kaiserstuhl","publisher":{"@id":"https:\/\/kunsthallemessmer.de\/fr\/#organization"},"potentialAction":[{"@type":"SearchAction","target":{"@type":"EntryPoint","urlTemplate":"https:\/\/kunsthallemessmer.de\/fr\/?s={search_term_string}"},"query-input":{"@type":"PropertyValueSpecification","valueRequired":true,"valueName":"search_term_string"}}],"inLanguage":"fr-FR"},{"@type":"Organization","@id":"https:\/\/kunsthallemessmer.de\/fr\/#organization","name":"Kunsthalle Messmer","url":"https:\/\/kunsthallemessmer.de\/fr\/","logo":{"@type":"ImageObject","inLanguage":"fr-FR","@id":"https:\/\/kunsthallemessmer.de\/fr\/#\/schema\/logo\/image\/","url":"https:\/\/kunsthallemessmer.de\/wp-content\/uploads\/2022\/04\/kunsthalle_messmer_pos-2-png.png","contentUrl":"https:\/\/kunsthallemessmer.de\/wp-content\/uploads\/2022\/04\/kunsthalle_messmer_pos-2-png.png","width":2412,"height":434,"caption":"Kunsthalle Messmer"},"image":{"@id":"https:\/\/kunsthallemessmer.de\/fr\/#\/schema\/logo\/image\/"}},{"@type":"Person","@id":"https:\/\/kunsthallemessmer.de\/fr\/#\/schema\/person\/24f7ee6ec431a05000425936de23c890","name":"Erik Lachfeld","image":{"@type":"ImageObject","inLanguage":"fr-FR","@id":"https:\/\/secure.gravatar.com\/avatar\/d5d42cc40010ba9998f57d7cebaf2952e1274f5c452ff570f85bbee0f9ecb43a?s=96&d=mm&r=g","url":"https:\/\/secure.gravatar.com\/avatar\/d5d42cc40010ba9998f57d7cebaf2952e1274f5c452ff570f85bbee0f9ecb43a?s=96&d=mm&r=g","contentUrl":"https:\/\/secure.gravatar.com\/avatar\/d5d42cc40010ba9998f57d7cebaf2952e1274f5c452ff570f85bbee0f9ecb43a?s=96&d=mm&r=g","caption":"Erik Lachfeld"},"url":"https:\/\/kunsthallemessmer.de\/fr\/author\/erik-lachfeld\/"}]}},"_links":{"self":[{"href":"https:\/\/kunsthallemessmer.de\/fr\/wp-json\/wp\/v2\/posts\/9226","targetHints":{"allow":["GET"]}}],"collection":[{"href":"https:\/\/kunsthallemessmer.de\/fr\/wp-json\/wp\/v2\/posts"}],"about":[{"href":"https:\/\/kunsthallemessmer.de\/fr\/wp-json\/wp\/v2\/types\/post"}],"author":[{"embeddable":true,"href":"https:\/\/kunsthallemessmer.de\/fr\/wp-json\/wp\/v2\/users\/3"}],"replies":[{"embeddable":true,"href":"https:\/\/kunsthallemessmer.de\/fr\/wp-json\/wp\/v2\/comments?post=9226"}],"version-history":[{"count":4,"href":"https:\/\/kunsthallemessmer.de\/fr\/wp-json\/wp\/v2\/posts\/9226\/revisions"}],"predecessor-version":[{"id":9241,"href":"https:\/\/kunsthallemessmer.de\/fr\/wp-json\/wp\/v2\/posts\/9226\/revisions\/9241"}],"wp:attachment":[{"href":"https:\/\/kunsthallemessmer.de\/fr\/wp-json\/wp\/v2\/media?parent=9226"}],"wp:term":[{"taxonomy":"category","embeddable":true,"href":"https:\/\/kunsthallemessmer.de\/fr\/wp-json\/wp\/v2\/categories?post=9226"},{"taxonomy":"post_tag","embeddable":true,"href":"https:\/\/kunsthallemessmer.de\/fr\/wp-json\/wp\/v2\/tags?post=9226"}],"curies":[{"name":"wp","href":"https:\/\/api.w.org\/{rel}","templated":true}]}}